{"id":227865,"date":"2019-11-13T15:02:39","date_gmt":"2019-11-13T12:02:39","guid":{"rendered":"http:\/\/www.tvturk.com\/index.php\/eski-disisleri-bakani-mumtaz-soysal-son-yolculuguna-ugurlandi\/"},"modified":"2019-11-13T15:02:39","modified_gmt":"2019-11-13T12:02:39","slug":"eski-disisleri-bakani-mumtaz-soysal-son-yolculuguna-ugurlandi","status":"publish","type":"post","link":"http:\/\/www.tvturk.com\/index.php\/eski-disisleri-bakani-mumtaz-soysal-son-yolculuguna-ugurlandi\/","title":{"rendered":"Eski D\u0131\u015fi\u015fleri Bakan\u0131 M\u00fcmtaz Soysal son yolculu\u011funa u\u011furland\u0131"},"content":{"rendered":"<p>Hayat\u0131n\u0131 kaybeden eski D\u0131\u015fi\u015fleri Bakan\u0131 Prof. Dr. M\u00fcmtaz Soysal son yolculu\u011funa u\u011furland\u0131.<\/p>\n<p>Bir s\u00fcredir alzheimer tedavisi g\u00f6ren Prof. Dr. M\u00fcmtaz Soysal 90 ya\u015f\u0131nda Be\u015fikta\u015f\u2019taki evinde hayat\u0131n\u0131 kaybetti. Bir d\u00f6nem D\u0131\u015fi\u015fleri Bakanl\u0131\u011f\u0131 yapan ve Uluslararas\u0131 Af \u00d6rg\u00fct\u00fc\u2019n\u00fcn T\u00fcrkiye\u2019den se\u00e7ilen ilk ve son genel sekreteri unvan\u0131n\u0131 ta\u015f\u0131yan Soysal i\u00e7in \u00f6\u011fle namaz\u0131na m\u00fcteakiben Zincirlikuyu Cami\u2019nde t\u00f6ren d\u00fczenlendi. 1961 Anayasas\u0131\u2019n\u0131n imza sahiplerinden biri olan Soysal\u2019\u0131n cenaze  t\u00f6renine CHP Genel Ba\u015fkan\u0131 Kemal K\u0131l\u0131\u00e7daro\u011flu, Muharrem \u0130nce, Be\u015fikta\u015f Spor Kul\u00fcb\u00fc Ba\u015fkan\u0131 Ahmet Nur \u00c7ebi, Galatasaray Spor Kul\u00fcb\u00fc Ba\u015fkan\u0131 Mustafa Cengiz ile \u00e7ok say\u0131da seveni kat\u0131ld\u0131. Ayr\u0131ca aileden k\u0131z\u0131 Funda Soysal taziyeleri kabul etti. Soysal\u2019\u0131n tabutunu s\u0131rtlayan sevenleri onu son yolculu\u011funa alk\u0131\u015flarla u\u011furlad\u0131. \u2018M\u00fcmtaz Hoca\u2019m\u0131z \u00f6l\u00fcms\u00fczd\u00fcr diye slogan atan y\u00fczlerce ki\u015fi Soysal\u2018a mezarl\u0131\u011fa kadar e\u015flik etti. Soysal\u2019\u0131n cenazesi e\u015fi Sevgi Soysal\u2019\u0131n kabrinin bulundu\u011fu aile kabristan\u0131na Zincirlikuyu Mezarl\u0131\u011f\u0131\u2019na defnedildi.<\/p>\n<p>\u201cDenizleri \u00e7ok severdi, denizde de yol yoktur\u201d<\/p>\n<p>Taziyeleri kabul ederken bas\u0131n mensuplar\u0131na duygular\u0131n\u0131 anlatan Soysal\u2019\u0131n k\u0131z\u0131 Funda Soysal, \u201c Hepimizin ba\u015f\u0131 sa\u011folsun. Babam hayat\u0131 boyunca \u00e7ok g\u00fczel mesajlar verdi. \u00c7al\u0131\u015fal\u0131m dimdik dural\u0131m babam\u0131n mesaj\u0131 buydu. Babam \u00e7ok g\u00fc\u00e7l\u00fc iz b\u0131rakm\u0131\u015f bir insan pusulam\u0131z denizleri de \u00e7ok severdi. Denizde de yol yoktur ya \u00f6zg\u00fcrd\u00fc\u201d diye konu\u015ftu.<\/p>\n<p>\u201cBize analitik d\u00fc\u015f\u00fcnmeyi \u00f6\u011fretti\u201d<\/p>\n<p>Soysal\u2019dan \u00e7ok \u015fey \u00f6\u011frendi\u011fini belirten Galatasaray Spor Kul\u00fcb\u00fc Ba\u015fkan\u0131 Mustafa Cengiz, \u201cBize analitik d\u00fc\u015f\u00fcnmeyi \u00f6\u011fretti. Do\u011fru d\u00fc\u015f\u00fcnmeyi \u00f6\u011fretti. Demokrasiyi, insan haklar\u0131n\u0131 \u00f6\u011fretti. Biz 1968 ku\u015fa\u011f\u0131 olarak sayg\u0131 ve rahmetle an\u0131yoruz\u201d ifadelerini kulland\u0131.<\/p>\n","protected":false},"excerpt":{"rendered":"<p>HAYATINI KAYBEDEN ESK\u0130 DI\u015e\u0130\u015eLER\u0130 BAKANI PROF. DR. M\u00dcMTAZ SOYSAL SON YOLCULU\u011eUNA U\u011eURLANDI.<\/p>\n","protected":false},"author":1,"featured_media":227866,"comment_status":"closed","ping_status":"open","sticky":false,"template":"","format":"standard","meta":{"jetpack_post_was_ever_published":false,"_jetpack_newsletter_access":"","_jetpack_dont_email_post_to_subs":false,"_jetpack_newsletter_tier_id":0,"_jetpack_memberships_contains_paywalled_content":false,"_jetpack_memberships_contains_paid_content":false,"footnotes":"","jetpack_publicize_message":"","jetpack_publicize_feature_enabled":true,"jetpack_social_post_already_shared":true,"jetpack_social_options":{"image_generator_settings":{"template":"highway","default_image_id":0,"font":"","enabled":false},"version":2}},"categories":[1],"tags":[933,1498,1123,57197,1240,57198,2516,2515],"class_list":["post-227865","post","type-post","status-publish","format-standard","has-post-thumbnail","hentry","category-genel","tag-bakani","tag-disisleri","tag-eski","tag-mumtaz","tag-son","tag-soysal","tag-ugurlandi","tag-yolculuguna"],"jetpack_publicize_connections":[],"jetpack_featured_media_url":"https:\/\/i0.wp.com\/www.tvturk.com\/wp-content\/uploads\/2019\/11\/eski-disisleri-bakani-mumtaz-soysal-son-yolculuguna-ugurlandi_b13671a.jpg?fit=1000%2C666","jetpack_sharing_enabled":true,"jetpack_shortlink":"https:\/\/wp.me\/paKIfm-Xhf","_links":{"self":[{"href":"http:\/\/www.tvturk.com\/index.php\/wp-json\/wp\/v2\/posts\/227865","targetHints":{"allow":["GET"]}}],"collection":[{"href":"http:\/\/www.tvturk.com\/index.php\/wp-json\/wp\/v2\/posts"}],"about":[{"href":"http:\/\/www.tvturk.com\/index.php\/wp-json\/wp\/v2\/types\/post"}],"author":[{"embeddable":true,"href":"http:\/\/www.tvturk.com\/index.php\/wp-json\/wp\/v2\/users\/1"}],"replies":[{"embeddable":true,"href":"http:\/\/www.tvturk.com\/index.php\/wp-json\/wp\/v2\/comments?post=227865"}],"version-history":[{"count":0,"href":"http:\/\/www.tvturk.com\/index.php\/wp-json\/wp\/v2\/posts\/227865\/revisions"}],"wp:featuredmedia":[{"embeddable":true,"href":"http:\/\/www.tvturk.com\/index.php\/wp-json\/wp\/v2\/media\/227866"}],"wp:attachment":[{"href":"http:\/\/www.tvturk.com\/index.php\/wp-json\/wp\/v2\/media?parent=227865"}],"wp:term":[{"taxonomy":"category","embeddable":true,"href":"http:\/\/www.tvturk.com\/index.php\/wp-json\/wp\/v2\/categories?post=227865"},{"taxonomy":"post_tag","embeddable":true,"href":"http:\/\/www.tvturk.com\/index.php\/wp-json\/wp\/v2\/tags?post=227865"}],"curies":[{"name":"wp","href":"https:\/\/api.w.org\/{rel}","templated":true}]}}