{"id":227925,"date":"2019-11-13T17:02:04","date_gmt":"2019-11-13T14:02:04","guid":{"rendered":"http:\/\/www.tvturk.com\/index.php\/mobilya-ihracati-10-ayda-26-milyar-dolar-oldu\/"},"modified":"2019-11-13T17:02:04","modified_gmt":"2019-11-13T14:02:04","slug":"mobilya-ihracati-10-ayda-26-milyar-dolar-oldu","status":"publish","type":"post","link":"http:\/\/www.tvturk.com\/index.php\/mobilya-ihracati-10-ayda-26-milyar-dolar-oldu\/","title":{"rendered":"Mobilya ihracat\u0131 10 ayda 2,6 milyar dolar oldu"},"content":{"rendered":"<p>T\u00fcrk mobilya sekt\u00f6r\u00fc, 2019\u2019un 10 ay\u0131nda yakla\u015f\u0131k 2,6 milyar dolarl\u0131k ihracat yapt\u0131.<\/p>\n<p>\u0130stanbul Mobilya, Ka\u011f\u0131t ve Orman \u00dcr\u00fcnleri \u0130hracat\u00e7\u0131lar\u0131 Birli\u011fi Ba\u015fkan\u0131 Ahmet G\u00fcle\u00e7, 2019 y\u0131l\u0131 Ocak-Ekim d\u00f6neminde yakla\u015f\u0131k 2,6 milyar dolar ihracat yapan T\u00fcrk mobilya sekt\u00f6r\u00fcn\u00fcn hedefinin en \u00e7ok ihracat yapan ilk 10 \u00fclke aras\u0131na girmek oldu\u011funu s\u00f6yledi.<\/p>\n<p>G\u00fcle\u00e7, yapt\u0131\u011f\u0131 yaz\u0131l\u0131 a\u00e7\u0131klamada, T\u00fcrk mobilya sekt\u00f6r\u00fc olarak 179 \u00fclkeye ihracat ger\u00e7ekle\u015ftirdiklerini ve en b\u00fcy\u00fck pay\u0131n Marmara B\u00f6lgesi\u2019ne ait oldu\u011funu belirtti. Mobilya ihracat\u0131n\u0131n 2019\u2019un 10 ay\u0131nda ge\u00e7en y\u0131l\u0131n ayn\u0131 d\u00f6nemine k\u0131yasla y\u00fczde 8,2\u2019lik art\u0131\u015fla yakla\u015f\u0131k 2,6 milyar dolar oldu\u011funu bildiren G\u00fcle\u00e7, s\u00f6z konusu ihracat\u0131n y\u00fczde 64\u2019\u00fcn\u00fcn Marmara B\u00f6lgesi\u2019nde ger\u00e7ekle\u015ftirildi\u011fini vurgulad\u0131.<\/p>\n","protected":false},"excerpt":{"rendered":"<p>MOB\u0130LYA \u0130HRACATI 10 AYDA 2,6 M\u0130LYAR DOLAR OLDU<\/p>\n","protected":false},"author":1,"featured_media":227926,"comment_status":"closed","ping_status":"open","sticky":false,"template":"","format":"standard","meta":{"jetpack_post_was_ever_published":false,"_jetpack_newsletter_access":"","_jetpack_dont_email_post_to_subs":false,"_jetpack_newsletter_tier_id":0,"_jetpack_memberships_contains_paywalled_content":false,"_jetpack_memberships_contains_paid_content":false,"footnotes":"","jetpack_publicize_message":"","jetpack_publicize_feature_enabled":true,"jetpack_social_post_already_shared":true,"jetpack_social_options":{"image_generator_settings":{"template":"highway","default_image_id":0,"font":"","enabled":false},"version":2}},"categories":[19],"tags":[1880,1920,1164,1945,2396,2981,2175,77],"class_list":["post-227925","post","type-post","status-publish","format-standard","has-post-thumbnail","hentry","category-ekonomi","tag-1880","tag-1920","tag-ayda","tag-dolar","tag-ihracati","tag-milyar","tag-mobilya","tag-oldu"],"jetpack_publicize_connections":[],"jetpack_featured_media_url":"https:\/\/i0.wp.com\/www.tvturk.com\/wp-content\/uploads\/2019\/11\/mobilya-ihracati-10-ayda-26-milyar-dolar-oldu_e29e6da.jpg?fit=1000%2C666","jetpack_sharing_enabled":true,"jetpack_shortlink":"https:\/\/wp.me\/paKIfm-Xid","_links":{"self":[{"href":"http:\/\/www.tvturk.com\/index.php\/wp-json\/wp\/v2\/posts\/227925","targetHints":{"allow":["GET"]}}],"collection":[{"href":"http:\/\/www.tvturk.com\/index.php\/wp-json\/wp\/v2\/posts"}],"about":[{"href":"http:\/\/www.tvturk.com\/index.php\/wp-json\/wp\/v2\/types\/post"}],"author":[{"embeddable":true,"href":"http:\/\/www.tvturk.com\/index.php\/wp-json\/wp\/v2\/users\/1"}],"replies":[{"embeddable":true,"href":"http:\/\/www.tvturk.com\/index.php\/wp-json\/wp\/v2\/comments?post=227925"}],"version-history":[{"count":0,"href":"http:\/\/www.tvturk.com\/index.php\/wp-json\/wp\/v2\/posts\/227925\/revisions"}],"wp:featuredmedia":[{"embeddable":true,"href":"http:\/\/www.tvturk.com\/index.php\/wp-json\/wp\/v2\/media\/227926"}],"wp:attachment":[{"href":"http:\/\/www.tvturk.com\/index.php\/wp-json\/wp\/v2\/media?parent=227925"}],"wp:term":[{"taxonomy":"category","embeddable":true,"href":"http:\/\/www.tvturk.com\/index.php\/wp-json\/wp\/v2\/categories?post=227925"},{"taxonomy":"post_tag","embeddable":true,"href":"http:\/\/www.tvturk.com\/index.php\/wp-json\/wp\/v2\/tags?post=227925"}],"curies":[{"name":"wp","href":"https:\/\/api.w.org\/{rel}","templated":true}]}}