{"id":227975,"date":"2019-11-13T20:33:06","date_gmt":"2019-11-13T17:33:06","guid":{"rendered":"http:\/\/www.tvturk.com\/index.php\/milli-takimda-emre-belozoglu-sevinci\/"},"modified":"2019-11-13T20:33:06","modified_gmt":"2019-11-13T17:33:06","slug":"milli-takimda-emre-belozoglu-sevinci","status":"publish","type":"post","link":"http:\/\/www.tvturk.com\/index.php\/milli-takimda-emre-belozoglu-sevinci\/","title":{"rendered":"Milli Tak\u0131m\u2019da Emre Bel\u00f6zo\u011flu sevinci"},"content":{"rendered":"<p>A Milli Tak\u0131m\u2019da Emre Bel\u00f6zo\u011flu sevinci ya\u015fan\u0131yor. Hafta ba\u015f\u0131ndan bu yana sakatl\u0131\u011f\u0131 nedeniyle tak\u0131mdan ayr\u0131 \u00e7al\u0131\u015fan tecr\u00fcbeli oyuncu sakatl\u0131\u011f\u0131n\u0131 atlat\u0131rken, bu ak\u015famki antrenmana \u00e7\u0131karken dua etti.<\/p>\n<p>A Milli Tak\u0131m\u2019da yar\u0131n oynanacak olan \u0130zlanda ma\u00e7\u0131 \u00f6ncesinde Emre Bel\u00f6zo\u011flu sevinci ya\u015fan\u0131yor. Hafta boyunca yap\u0131lan antrenmanlarda tak\u0131mdan ayr\u0131 \u00e7al\u0131\u015fan tecr\u00fcbeli futbolcu, sakatl\u0131\u011f\u0131ndan kurtuldu ve yar\u0131n sahaya \u00e7\u0131kabilecek. Bu ak\u015fam yap\u0131lan \u00e7al\u0131\u015fmada tak\u0131mla birlikte sahada yer alan Emre\u2019nin, antrenmana \u00e7\u0131karken dua etmesi de dikkatlerden ka\u00e7mad\u0131.<\/p>\n<p>Haz\u0131rl\u0131klar tamamland\u0131<\/p>\n<p>\u0130zlanda ma\u00e7\u0131n\u0131n haz\u0131rl\u0131klar\u0131n\u0131 tamamlayan A Milli Tak\u0131m, Riva Hasan Do\u011fan Milli Tak\u0131mlar Kamp ve E\u011fitim Tesisleri\u2019nde Teknik Direkt\u00f6r \u015eenol G\u00fcne\u015f y\u00f6netiminde son antrenman\u0131n\u0131 yapt\u0131. \u015eenol G\u00fcne\u015f, antrenman \u00f6ncesinde futbolcularla k\u0131sa bir toplant\u0131 yaparken, sakatl\u0131\u011f\u0131 bulunan \u0130rfan Can Kahveci d\u00fcz ko\u015fu yaparken, d\u00fcn yap\u0131lan antrenmanda kas\u0131\u011f\u0131nda y\u0131rt\u0131k olu\u015fan Cenk Tosun da antrenman\u0131 kenardan izledi. Cenk, \u0130zlanda ve Andorra ile oynanacak olan kar\u015f\u0131la\u015fmalarda forma giyemeyecek. D\u00fcz ko\u015fuyla ba\u015flayan \u00e7al\u0131\u015fman\u0131n ilk 15 dakikas\u0131 bas\u0131na a\u00e7\u0131k \u015fekilde yap\u0131ld\u0131. \u0130stasyon \u00e7al\u0131\u015fmas\u0131 yapan futbolcular, ard\u0131ndan top kapma idman\u0131 yapt\u0131 ve bas\u0131na kapal\u0131 b\u00f6l\u00fcmde \u0130zlanda ma\u00e7\u0131n\u0131n takti\u011fi \u00fczerinde \u00e7al\u0131\u015f\u0131ld\u0131.<\/p>\n","protected":false},"excerpt":{"rendered":"<p>A M\u0130LL\u0130 TAKIM\u2019DA EMRE BEL\u00d6ZO\u011eLU SEV\u0130NC\u0130 YA\u015eANIYOR. HAFTA BA\u015eINDAN BU YANA SAKATLI\u011eI NEDEN\u0130YLE TAKIMDAN AYRI \u00c7ALI\u015eAN TECR\u00dcBEL\u0130 OYUNCU SAKATLI\u011eINI ATLATIRKEN, BU AK\u015eAMK\u0130 ANTRENMANA \u00c7IKARKEN DUA ETT\u0130.<\/p>\n","protected":false},"author":1,"featured_media":227976,"comment_status":"closed","ping_status":"open","sticky":false,"template":"","format":"standard","meta":{"jetpack_post_was_ever_published":false,"_jetpack_newsletter_access":"","_jetpack_dont_email_post_to_subs":false,"_jetpack_newsletter_tier_id":0,"_jetpack_memberships_contains_paywalled_content":false,"_jetpack_memberships_contains_paid_content":false,"footnotes":"","jetpack_publicize_message":"","jetpack_publicize_feature_enabled":true,"jetpack_social_post_already_shared":true,"jetpack_social_options":{"image_generator_settings":{"template":"highway","default_image_id":0,"font":"","enabled":false},"version":2}},"categories":[657],"tags":[37175,6360,429,821,7694],"class_list":["post-227975","post","type-post","status-publish","format-standard","has-post-thumbnail","hentry","category-spor","tag-belozoglu","tag-emre","tag-milli","tag-sevinci","tag-takimda"],"jetpack_publicize_connections":[],"jetpack_featured_media_url":"https:\/\/i0.wp.com\/www.tvturk.com\/wp-content\/uploads\/2019\/11\/milli-takimda-emre-belozoglu-sevinci_c0159c9.jpg?fit=916%2C1000","jetpack_sharing_enabled":true,"jetpack_shortlink":"https:\/\/wp.me\/paKIfm-Xj1","_links":{"self":[{"href":"http:\/\/www.tvturk.com\/index.php\/wp-json\/wp\/v2\/posts\/227975","targetHints":{"allow":["GET"]}}],"collection":[{"href":"http:\/\/www.tvturk.com\/index.php\/wp-json\/wp\/v2\/posts"}],"about":[{"href":"http:\/\/www.tvturk.com\/index.php\/wp-json\/wp\/v2\/types\/post"}],"author":[{"embeddable":true,"href":"http:\/\/www.tvturk.com\/index.php\/wp-json\/wp\/v2\/users\/1"}],"replies":[{"embeddable":true,"href":"http:\/\/www.tvturk.com\/index.php\/wp-json\/wp\/v2\/comments?post=227975"}],"version-history":[{"count":0,"href":"http:\/\/www.tvturk.com\/index.php\/wp-json\/wp\/v2\/posts\/227975\/revisions"}],"wp:featuredmedia":[{"embeddable":true,"href":"http:\/\/www.tvturk.com\/index.php\/wp-json\/wp\/v2\/media\/227976"}],"wp:attachment":[{"href":"http:\/\/www.tvturk.com\/index.php\/wp-json\/wp\/v2\/media?parent=227975"}],"wp:term":[{"taxonomy":"category","embeddable":true,"href":"http:\/\/www.tvturk.com\/index.php\/wp-json\/wp\/v2\/categories?post=227975"},{"taxonomy":"post_tag","embeddable":true,"href":"http:\/\/www.tvturk.com\/index.php\/wp-json\/wp\/v2\/tags?post=227975"}],"curies":[{"name":"wp","href":"https:\/\/api.w.org\/{rel}","templated":true}]}}