{"id":22804,"date":"2019-02-11T17:31:17","date_gmt":"2019-02-11T14:31:17","guid":{"rendered":"http:\/\/www.tvturk.com\/index.php\/kitap-okuma-yarismasinin-kitaplari-dagitildi\/"},"modified":"2019-02-11T17:31:20","modified_gmt":"2019-02-11T14:31:20","slug":"kitap-okuma-yarismasinin-kitaplari-dagitildi","status":"publish","type":"post","link":"http:\/\/www.tvturk.com\/index.php\/kitap-okuma-yarismasinin-kitaplari-dagitildi\/","title":{"rendered":"\u201cKitap Okuma Yar\u0131\u015fmas\u0131\u201dn\u0131n kitaplar\u0131 da\u011f\u0131t\u0131ld\u0131"},"content":{"rendered":"<p>E\u011fitim Bir-Sen Afyonkarahisar 1 No\u2019lu \u015eube, Milli E\u011fitim M\u00fcd\u00fcrl\u00fc\u011f\u00fc ve Afyonkarahisar Belediyesi ile ortakla\u015fa ger\u00e7ekle\u015ftirilen \u201cKitap Okuma Yar\u0131\u015fmas\u0131\u201dn\u0131n kitap da\u011f\u0131t\u0131m t\u00f6reni ger\u00e7ekle\u015ftirildi.<\/p>\n<p>Afyonkarahisar genelinde d\u00fczenlenecek \u201cKitap Okuma Yar\u0131\u015fmas\u0131\u201d i\u00e7in yar\u0131\u015fmac\u0131lara kitaplar da\u011f\u0131t\u0131ld\u0131. E\u011fitim Bir-Sen Afyonkarahisar \u015eube Ba\u015fkan\u0131 Mustafa Arslan t\u00f6rende yapt\u0131\u011f\u0131 konu\u015fmada, \u201cE\u015fde\u011fer projeler i\u00e7erisinde rekor seviyede \u00f6\u011frenci kat\u0131l\u0131m\u0131 ile ger\u00e7ekle\u015fen dev bir projeyi uygulamak milletimize, gelece\u011fimize dair sorumlulu\u011fumuzun gere\u011fidir. \u00dc\u00e7\u00fcnc\u00fcs\u00fcn\u00fc d\u00fczenledi\u011fimiz yar\u0131\u015fma ile ilimizdeki \u00f6\u011frencilerimize kitap okuma al\u0131\u015fkanl\u0131\u011f\u0131 kazand\u0131rmay\u0131 hedeflemekteyiz\u201d dedi.<\/p>\n<p>\u201c30 bin kitap okul k\u00fct\u00fcphaneleriyle bulu\u015fuyor\u201d<\/p>\n<p>Milli E\u011fitim M\u00fcd\u00fcr\u00fc Metin Yal\u00e7\u0131n ise bu projenin 3 y\u0131ll\u0131k bir proje oldu\u011funu ve b\u00f6ylece 30 bine yak\u0131n kitab\u0131n okul k\u00fct\u00fcphaneleri ile bulu\u015fturuldu\u011funu belirtti. Yal\u00e7\u0131n, \u201cProjenin payda\u015f\u0131 olmaktan \u00e7ok mutluyuz. B\u00f6ylesi b\u00fcy\u00fck bir projede E\u011fitim Bir-Sen Afyonkarahisar 1 No\u2019lu \u015eube b\u00fcy\u00fck bir \u00f6zveri ile \u00e7al\u0131\u015ft\u0131. Afyon Belediye Ba\u015fkan\u0131m\u0131z Burhanettin \u00c7obana katk\u0131lar\u0131ndan dolay\u0131 te\u015fekk\u00fcr ediyorum\u201d dedi.<\/p>\n<p>\u201cB\u00f6yle bir projenin \u00f6rne\u011fine rastlanm\u0131yor\u201d<\/p>\n<p>Afyon Belediye Ba\u015fkan\u0131m\u0131z Burhanettin \u00c7oban da projenin \u00fc\u00e7 sene \u00f6nceki ilk uygulamas\u0131nda o d\u00f6nem \u015fube ba\u015fkan\u0131 olan Abdullah \u00c7elik ile yapt\u0131\u011f\u0131 g\u00f6r\u00fc\u015fmeyi hat\u0131rlatt\u0131. Abdullah \u00c7elik, projeden ilk defa bahsetti\u011finde duydu\u011fu heyecan\u0131 dile getiren \u00c7oban, \u201cBu tarz b\u00fcy\u00fck bir projenin daha \u00f6nce belediyeler a\u00e7\u0131s\u0131ndan da \u00f6rne\u011fine rastlanm\u0131yor. Hediyelerden daha ziyade yar\u0131\u015fma kapsam\u0131nda okutulan kitaplar vesilesiyle gen\u00e7 nesillerin milli ve manevi de\u011ferleri kazanacak olmalar\u0131n\u0131 \u00f6nemsiyoruz. Bu projenin i\u00e7inde olmaktan mutluluk duyuyorum&#8221; diye konu\u015ftu.<div class=\"tiled-gallery type-rectangular tiled-gallery-unresized\" data-original-width=\"500\" data-carousel-extra='null' itemscope itemtype=\"http:\/\/schema.org\/ImageGallery\" > <div class=\"gallery-row\" style=\"width: 500px; height: 217px;\" data-original-width=\"500\" data-original-height=\"217\" > <div class=\"gallery-group images-1\" style=\"width: 353px; height: 217px;\" data-original-width=\"353\" data-original-height=\"217\" > <div class=\"tiled-gallery-item tiled-gallery-item-large\" itemprop=\"associatedMedia\" itemscope itemtype=\"http:\/\/schema.org\/ImageObject\"> <a href=\"http:\/\/www.tvturk.com\/index.php\/kitap-okuma-yarismasinin-kitaplari-dagitildi\/kitap-okuma-yarismasinin-kitaplari-dagitildi-3\/\" border=\"0\" itemprop=\"url\"> <meta itemprop=\"width\" content=\"349\"> <meta itemprop=\"height\" content=\"213\"> <img decoding=\"async\" class=\"\" data-attachment-id=\"22806\" data-orig-file=\"http:\/\/www.tvturk.com\/wp-content\/uploads\/2019\/02\/kitap-okuma-yarismasinin-kitaplari-dagitildi_e29e6da.jpg\" data-orig-size=\"1000,611\" data-comments-opened=\"\" data-image-meta=\"{&quot;aperture&quot;:&quot;0&quot;,&quot;credit&quot;:&quot;IHA&quot;,&quot;camera&quot;:&quot;&quot;,&quot;caption&quot;:&quot;E\\u011e\\u0130T\\u0130M B\\u0130R-SEN AFYONKARAH\\u0130SAR 1 NO\\u2019LU \\u015eUBE, M\\u0130LL\\u0130 E\\u011e\\u0130T\\u0130M M\\u00dcD\\u00dcRL\\u00dc\\u011e\\u00dc VE AFYONKARAH\\u0130SAR BELED\\u0130YES\\u0130 \\u0130LE ORTAKLA\\u015eA GER\\u00c7EKLE\\u015eT\\u0130R\\u0130LEN \\u201cK\\u0130TAP OKUMA YARI\\u015eMASI\\u201dNIN K\\u0130TAP DA\\u011eITIM T\\u00d6REN\\u0130 GER\\u00c7EKLE\\u015eT\\u0130R\\u0130LD\\u0130. (HAYAT\\u0130 KANAT\\\/AFYONKARAH\\u0130SAR-\\u0130HA)&quot;,&quot;created_timestamp&quot;:&quot;0&quot;,&quot;copyright&quot;:&quot;\\u0130HLAS HABER AJANSI, www.iha.com.tr&quot;,&quot;focal_length&quot;:&quot;0&quot;,&quot;iso&quot;:&quot;0&quot;,&quot;shutter_speed&quot;:&quot;0&quot;,&quot;title&quot;:&quot;\\u201cK\\u0130TAP OKUMA YARI\\u015eMASI\\u201dNIN K\\u0130TAPLARI DA\\u011eITILDI&quot;,&quot;orientation&quot;:&quot;0&quot;}\" data-image-title=\"\u201cKitap Okuma Yar\u0131\u015fmas\u0131\u201dn\u0131n kitaplar\u0131 da\u011f\u0131t\u0131ld\u0131\" data-image-description=\"&lt;p&gt;\u201cKitap Okuma Yar\u0131\u015fmas\u0131\u201dn\u0131n kitaplar\u0131 da\u011f\u0131t\u0131ld\u0131&lt;\/p&gt; \" data-medium-file=\"https:\/\/i0.wp.com\/www.tvturk.com\/wp-content\/uploads\/2019\/02\/kitap-okuma-yarismasinin-kitaplari-dagitildi_e29e6da.jpg?fit=300%2C183\" data-large-file=\"https:\/\/i0.wp.com\/www.tvturk.com\/wp-content\/uploads\/2019\/02\/kitap-okuma-yarismasinin-kitaplari-dagitildi_e29e6da.jpg?fit=1000%2C611\" src=\"https:\/\/i0.wp.com\/www.tvturk.com\/wp-content\/uploads\/2019\/02\/kitap-okuma-yarismasinin-kitaplari-dagitildi_e29e6da.jpg?w=349&#038;h=213\" srcset=\"https:\/\/i0.wp.com\/www.tvturk.com\/wp-content\/uploads\/2019\/02\/kitap-okuma-yarismasinin-kitaplari-dagitildi_e29e6da.jpg?w=1000 1000w, https:\/\/i0.wp.com\/www.tvturk.com\/wp-content\/uploads\/2019\/02\/kitap-okuma-yarismasinin-kitaplari-dagitildi_e29e6da.jpg?resize=150%2C92 150w, https:\/\/i0.wp.com\/www.tvturk.com\/wp-content\/uploads\/2019\/02\/kitap-okuma-yarismasinin-kitaplari-dagitildi_e29e6da.jpg?resize=300%2C183 300w, https:\/\/i0.wp.com\/www.tvturk.com\/wp-content\/uploads\/2019\/02\/kitap-okuma-yarismasinin-kitaplari-dagitildi_e29e6da.jpg?resize=768%2C469 768w, https:\/\/i0.wp.com\/www.tvturk.com\/wp-content\/uploads\/2019\/02\/kitap-okuma-yarismasinin-kitaplari-dagitildi_e29e6da.jpg?resize=187%2C113 187w\" width=\"349\" height=\"213\" loading=\"lazy\" data-original-width=\"349\" data-original-height=\"213\" itemprop=\"http:\/\/schema.org\/image\" title=\"\u201cKitap Okuma Yar\u0131\u015fmas\u0131\u201dn\u0131n kitaplar\u0131 da\u011f\u0131t\u0131ld\u0131\" alt=\"\u201cKitap Okuma Yar\u0131\u015fmas\u0131\u201dn\u0131n kitaplar\u0131 da\u011f\u0131t\u0131ld\u0131\" style=\"width: 349px; height: 213px;\" \/> <\/a> <\/div> <\/div> <!-- close group --> <div class=\"gallery-group images-1\" style=\"width: 147px; height: 217px;\" data-original-width=\"147\" data-original-height=\"217\" > <div class=\"tiled-gallery-item tiled-gallery-item-small\" itemprop=\"associatedMedia\" itemscope itemtype=\"http:\/\/schema.org\/ImageObject\"> <a href=\"http:\/\/www.tvturk.com\/index.php\/kitap-okuma-yarismasinin-kitaplari-dagitildi\/kitap-okuma-yarismasinin-kitaplari-dagitildi-4\/\" border=\"0\" itemprop=\"url\"> <meta itemprop=\"width\" content=\"143\"> <meta itemprop=\"height\" content=\"213\"> <img decoding=\"async\" class=\"\" data-attachment-id=\"22807\" data-orig-file=\"http:\/\/www.tvturk.com\/wp-content\/uploads\/2019\/02\/kitap-okuma-yarismasinin-kitaplari-dagitildi_267dad0.jpg\" data-orig-size=\"673,1000\" data-comments-opened=\"\" data-image-meta=\"{&quot;aperture&quot;:&quot;0&quot;,&quot;credit&quot;:&quot;IHA&quot;,&quot;camera&quot;:&quot;&quot;,&quot;caption&quot;:&quot;E\\u011e\\u0130T\\u0130M B\\u0130R-SEN AFYONKARAH\\u0130SAR 1 NO\\u2019LU \\u015eUBE, M\\u0130LL\\u0130 E\\u011e\\u0130T\\u0130M M\\u00dcD\\u00dcRL\\u00dc\\u011e\\u00dc VE AFYONKARAH\\u0130SAR BELED\\u0130YES\\u0130 \\u0130LE ORTAKLA\\u015eA GER\\u00c7EKLE\\u015eT\\u0130R\\u0130LEN \\u201cK\\u0130TAP OKUMA YARI\\u015eMASI\\u201dNIN K\\u0130TAP DA\\u011eITIM T\\u00d6REN\\u0130 GER\\u00c7EKLE\\u015eT\\u0130R\\u0130LD\\u0130. BELED\\u0130YE BA\\u015eKANI BURHANETT\\u0130N \\u00c7OBAN YARI\\u015eMACILARA K\\u0130TAPLARINI TESL\\u0130M ETT\\u0130. (HAYAT\\u0130 KANAT\\\/AFYONKARAH\\u0130SAR-\\u0130HA)&quot;,&quot;created_timestamp&quot;:&quot;0&quot;,&quot;copyright&quot;:&quot;\\u0130HLAS HABER AJANSI, www.iha.com.tr&quot;,&quot;focal_length&quot;:&quot;0&quot;,&quot;iso&quot;:&quot;0&quot;,&quot;shutter_speed&quot;:&quot;0&quot;,&quot;title&quot;:&quot;\\u201cK\\u0130TAP OKUMA YARI\\u015eMASI\\u201dNIN K\\u0130TAPLARI DA\\u011eITILDI&quot;,&quot;orientation&quot;:&quot;0&quot;}\" data-image-title=\"\u201cKitap Okuma Yar\u0131\u015fmas\u0131\u201dn\u0131n kitaplar\u0131 da\u011f\u0131t\u0131ld\u0131\" data-image-description=\"&lt;p&gt;\u201cKitap Okuma Yar\u0131\u015fmas\u0131\u201dn\u0131n kitaplar\u0131 da\u011f\u0131t\u0131ld\u0131&lt;\/p&gt; \" data-medium-file=\"https:\/\/i0.wp.com\/www.tvturk.com\/wp-content\/uploads\/2019\/02\/kitap-okuma-yarismasinin-kitaplari-dagitildi_267dad0.jpg?fit=202%2C300\" data-large-file=\"https:\/\/i0.wp.com\/www.tvturk.com\/wp-content\/uploads\/2019\/02\/kitap-okuma-yarismasinin-kitaplari-dagitildi_267dad0.jpg?fit=673%2C1000\" src=\"https:\/\/i0.wp.com\/www.tvturk.com\/wp-content\/uploads\/2019\/02\/kitap-okuma-yarismasinin-kitaplari-dagitildi_267dad0.jpg?w=143&#038;h=213\" srcset=\"https:\/\/i0.wp.com\/www.tvturk.com\/wp-content\/uploads\/2019\/02\/kitap-okuma-yarismasinin-kitaplari-dagitildi_267dad0.jpg?w=673 673w, https:\/\/i0.wp.com\/www.tvturk.com\/wp-content\/uploads\/2019\/02\/kitap-okuma-yarismasinin-kitaplari-dagitildi_267dad0.jpg?resize=101%2C150 101w, https:\/\/i0.wp.com\/www.tvturk.com\/wp-content\/uploads\/2019\/02\/kitap-okuma-yarismasinin-kitaplari-dagitildi_267dad0.jpg?resize=202%2C300 202w\" width=\"143\" height=\"213\" loading=\"lazy\" data-original-width=\"143\" data-original-height=\"213\" itemprop=\"http:\/\/schema.org\/image\" title=\"\u201cKitap Okuma Yar\u0131\u015fmas\u0131\u201dn\u0131n kitaplar\u0131 da\u011f\u0131t\u0131ld\u0131\" alt=\"\u201cKitap Okuma Yar\u0131\u015fmas\u0131\u201dn\u0131n kitaplar\u0131 da\u011f\u0131t\u0131ld\u0131\" style=\"width: 143px; height: 213px;\" \/> <\/a> <\/div> <\/div> <!-- close group --> <\/div> <!-- close row --> <div class=\"gallery-row\" style=\"width: 500px; height: 546px;\" data-original-width=\"500\" data-original-height=\"546\" > <div class=\"gallery-group images-1\" style=\"width: 500px; height: 546px;\" data-original-width=\"500\" data-original-height=\"546\" > <div class=\"tiled-gallery-item tiled-gallery-item-large\" itemprop=\"associatedMedia\" itemscope itemtype=\"http:\/\/schema.org\/ImageObject\"> <a href=\"http:\/\/www.tvturk.com\/index.php\/kitap-okuma-yarismasinin-kitaplari-dagitildi\/kitap-okuma-yarismasinin-kitaplari-dagitildi-5\/\" border=\"0\" itemprop=\"url\"> <meta itemprop=\"width\" content=\"496\"> <meta itemprop=\"height\" content=\"542\"> <img decoding=\"async\" class=\"\" data-attachment-id=\"22808\" data-orig-file=\"http:\/\/www.tvturk.com\/wp-content\/uploads\/2019\/02\/kitap-okuma-yarismasinin-kitaplari-dagitildi_22aa198.jpg\" data-orig-size=\"915,1000\" data-comments-opened=\"\" data-image-meta=\"{&quot;aperture&quot;:&quot;0&quot;,&quot;credit&quot;:&quot;IHA&quot;,&quot;camera&quot;:&quot;&quot;,&quot;caption&quot;:&quot;E\\u011e\\u0130T\\u0130M B\\u0130R-SEN AFYONKARAH\\u0130SAR 1 NO\\u2019LU \\u015eUBE, M\\u0130LL\\u0130 E\\u011e\\u0130T\\u0130M M\\u00dcD\\u00dcRL\\u00dc\\u011e\\u00dc VE AFYONKARAH\\u0130SAR BELED\\u0130YES\\u0130 \\u0130LE ORTAKLA\\u015eA GER\\u00c7EKLE\\u015eT\\u0130R\\u0130LEN \\u201cK\\u0130TAP OKUMA YARI\\u015eMASI\\u201dNIN K\\u0130TAP DA\\u011eITIM T\\u00d6REN\\u0130 GER\\u00c7EKLE\\u015eT\\u0130R\\u0130LD\\u0130. \\u0130L M\\u0130LL\\u0130 E\\u011e\\u0130T\\u0130M M\\u00dcD\\u00dcR\\u00dc MET\\u0130N YAL\\u00c7IN YARI\\u015eMACILARA K\\u0130TAPLARINI TESL\\u0130M ETT\\u0130. (HAYAT\\u0130 KANAT\\\/AFYONKARAH\\u0130SAR-\\u0130HA)&quot;,&quot;created_timestamp&quot;:&quot;0&quot;,&quot;copyright&quot;:&quot;\\u0130HLAS HABER AJANSI, www.iha.com.tr&quot;,&quot;focal_length&quot;:&quot;0&quot;,&quot;iso&quot;:&quot;0&quot;,&quot;shutter_speed&quot;:&quot;0&quot;,&quot;title&quot;:&quot;\\u201cK\\u0130TAP OKUMA YARI\\u015eMASI\\u201dNIN K\\u0130TAPLARI DA\\u011eITILDI&quot;,&quot;orientation&quot;:&quot;0&quot;}\" data-image-title=\"\u201cKitap Okuma Yar\u0131\u015fmas\u0131\u201dn\u0131n kitaplar\u0131 da\u011f\u0131t\u0131ld\u0131\" data-image-description=\"&lt;p&gt;\u201cKitap Okuma Yar\u0131\u015fmas\u0131\u201dn\u0131n kitaplar\u0131 da\u011f\u0131t\u0131ld\u0131&lt;\/p&gt; \" data-medium-file=\"https:\/\/i0.wp.com\/www.tvturk.com\/wp-content\/uploads\/2019\/02\/kitap-okuma-yarismasinin-kitaplari-dagitildi_22aa198.jpg?fit=275%2C300\" data-large-file=\"https:\/\/i0.wp.com\/www.tvturk.com\/wp-content\/uploads\/2019\/02\/kitap-okuma-yarismasinin-kitaplari-dagitildi_22aa198.jpg?fit=915%2C1000\" src=\"https:\/\/i0.wp.com\/www.tvturk.com\/wp-content\/uploads\/2019\/02\/kitap-okuma-yarismasinin-kitaplari-dagitildi_22aa198.jpg?w=496&#038;h=542\" srcset=\"https:\/\/i0.wp.com\/www.tvturk.com\/wp-content\/uploads\/2019\/02\/kitap-okuma-yarismasinin-kitaplari-dagitildi_22aa198.jpg?w=915 915w, https:\/\/i0.wp.com\/www.tvturk.com\/wp-content\/uploads\/2019\/02\/kitap-okuma-yarismasinin-kitaplari-dagitildi_22aa198.jpg?resize=137%2C150 137w, https:\/\/i0.wp.com\/www.tvturk.com\/wp-content\/uploads\/2019\/02\/kitap-okuma-yarismasinin-kitaplari-dagitildi_22aa198.jpg?resize=275%2C300 275w, https:\/\/i0.wp.com\/www.tvturk.com\/wp-content\/uploads\/2019\/02\/kitap-okuma-yarismasinin-kitaplari-dagitildi_22aa198.jpg?resize=768%2C839 768w\" width=\"496\" height=\"542\" loading=\"lazy\" data-original-width=\"496\" data-original-height=\"542\" itemprop=\"http:\/\/schema.org\/image\" title=\"\u201cKitap Okuma Yar\u0131\u015fmas\u0131\u201dn\u0131n kitaplar\u0131 da\u011f\u0131t\u0131ld\u0131\" alt=\"\u201cKitap Okuma Yar\u0131\u015fmas\u0131\u201dn\u0131n kitaplar\u0131 da\u011f\u0131t\u0131ld\u0131\" style=\"width: 496px; height: 542px;\" \/> <\/a> <\/div> <\/div> <!-- close group --> <\/div> <!-- close row --> <\/div><\/p>\n","protected":false},"excerpt":{"rendered":"<p>E\u011e\u0130T\u0130M B\u0130R-SEN AFYONKARAH\u0130SAR 1 NO\u2019LU \u015eUBE, M\u0130LL\u0130 E\u011e\u0130T\u0130M M\u00dcD\u00dcRL\u00dc\u011e\u00dc VE AFYONKARAH\u0130SAR BELED\u0130YES\u0130 \u0130LE ORTAKLA\u015eA GER\u00c7EKLE\u015eT\u0130R\u0130LEN \u201cK\u0130TAP OKUMA YARI\u015eMASI\u201dNIN K\u0130TAP DA\u011eITIM T\u00d6REN\u0130 GER\u00c7EKLE\u015eT\u0130R\u0130LD\u0130.<\/p>\n","protected":false},"author":1,"featured_media":22805,"comment_status":"closed","ping_status":"open","sticky":false,"template":"","format":"standard","meta":{"jetpack_post_was_ever_published":false,"_jetpack_newsletter_access":"","_jetpack_dont_email_post_to_subs":false,"_jetpack_newsletter_tier_id":0,"_jetpack_memberships_contains_paywalled_content":false,"_jetpack_memberships_contains_paid_content":false,"footnotes":"","jetpack_publicize_message":"","jetpack_publicize_feature_enabled":true,"jetpack_social_post_already_shared":false,"jetpack_social_options":{"image_generator_settings":{"template":"highway","default_image_id":0,"font":"","enabled":false},"version":2}},"categories":[659],"tags":[4032,4074,9746,3620,6682],"class_list":["post-22804","post","type-post","status-publish","format-standard","has-post-thumbnail","hentry","category-egitim","tag-dagitildi","tag-kitap","tag-kitaplari","tag-okuma","tag-yarismasinin"],"jetpack_publicize_connections":[],"jetpack_featured_media_url":"https:\/\/i0.wp.com\/www.tvturk.com\/wp-content\/uploads\/2019\/02\/kitap-okuma-yarismasinin-kitaplari-dagitildi_a74b50b.jpg?fit=1000%2C584","jetpack_sharing_enabled":true,"jetpack_shortlink":"https:\/\/wp.me\/paKIfm-5VO","_links":{"self":[{"href":"http:\/\/www.tvturk.com\/index.php\/wp-json\/wp\/v2\/posts\/22804","targetHints":{"allow":["GET"]}}],"collection":[{"href":"http:\/\/www.tvturk.com\/index.php\/wp-json\/wp\/v2\/posts"}],"about":[{"href":"http:\/\/www.tvturk.com\/index.php\/wp-json\/wp\/v2\/types\/post"}],"author":[{"embeddable":true,"href":"http:\/\/www.tvturk.com\/index.php\/wp-json\/wp\/v2\/users\/1"}],"replies":[{"embeddable":true,"href":"http:\/\/www.tvturk.com\/index.php\/wp-json\/wp\/v2\/comments?post=22804"}],"version-history":[{"count":1,"href":"http:\/\/www.tvturk.com\/index.php\/wp-json\/wp\/v2\/posts\/22804\/revisions"}],"predecessor-version":[{"id":22809,"href":"http:\/\/www.tvturk.com\/index.php\/wp-json\/wp\/v2\/posts\/22804\/revisions\/22809"}],"wp:featuredmedia":[{"embeddable":true,"href":"http:\/\/www.tvturk.com\/index.php\/wp-json\/wp\/v2\/media\/22805"}],"wp:attachment":[{"href":"http:\/\/www.tvturk.com\/index.php\/wp-json\/wp\/v2\/media?parent=22804"}],"wp:term":[{"taxonomy":"category","embeddable":true,"href":"http:\/\/www.tvturk.com\/index.php\/wp-json\/wp\/v2\/categories?post=22804"},{"taxonomy":"post_tag","embeddable":true,"href":"http:\/\/www.tvturk.com\/index.php\/wp-json\/wp\/v2\/tags?post=22804"}],"curies":[{"name":"wp","href":"https:\/\/api.w.org\/{rel}","templated":true}]}}