{"id":228047,"date":"2019-11-14T10:16:22","date_gmt":"2019-11-14T07:16:22","guid":{"rendered":"http:\/\/www.tvturk.com\/index.php\/guaido-yandaslari-venezuelanin-brezilyadaki-buyukelciliginden-ayrildi\/"},"modified":"2019-11-14T10:16:22","modified_gmt":"2019-11-14T07:16:22","slug":"guaido-yandaslari-venezuelanin-brezilyadaki-buyukelciliginden-ayrildi","status":"publish","type":"post","link":"http:\/\/www.tvturk.com\/index.php\/guaido-yandaslari-venezuelanin-brezilyadaki-buyukelciliginden-ayrildi\/","title":{"rendered":"Guaido yanda\u015flar\u0131 Venezuela\u2019n\u0131n Brezilya\u2019daki b\u00fcy\u00fckel\u00e7ili\u011finden ayr\u0131ld\u0131"},"content":{"rendered":"<p>Venezuela\u2019da kendisini ge\u00e7ici devlet ba\u015fkan\u0131 ilan eden Juan Guiado yanda\u015flar\u0131 d\u00fcn bask\u0131n d\u00fczenledikleri Brezilya\u2019n\u0131n ba\u015fkenti Brasilia\u2019da bulunan Venezuela B\u00fcy\u00fckel\u00e7ili\u011finden ayr\u0131ld\u0131.<\/p>\n<p>Venezuela\u2019da kendisini ge\u00e7ici devlet ba\u015fkan\u0131 ilan eden Ulusal Meclis Ba\u015fkan\u0131 Juan Guiado yanda\u015flar\u0131, d\u00fcn Brezilya\u2019n\u0131n ba\u015fkenti Brasilia\u2019da bulunan Venezuela B\u00fcy\u00fckel\u00e7ili\u011fini basm\u0131\u015ft\u0131. B\u00fcy\u00fckel\u00e7ili\u011fi istila eden grup, 12 saat sonra binadan ayr\u0131ld\u0131. Venezuela Devlet Ba\u015fkan\u0131 Nicolas Maduro taraf\u0131ndan Brasilia\u2019ya atanan b\u00fcy\u00fckel\u00e7ilik \u00e7al\u0131\u015fanlar\u0131 da g\u00f6revlerine geri d\u00f6nd\u00fc.<\/p>\n<p>Brezilya D\u0131\u015fi\u015fleri Bakanl\u0131\u011f\u0131n\u0131n giri\u015fimleriyle Guaido yanda\u015f\u0131 gruba b\u00fcy\u00fckel\u00e7ilikten ayr\u0131l\u0131rken, Brezilya Federal B\u00f6lge Polisi de gruba e\u015flik etti. Binadan \u00e7\u0131k\u0131\u015f\u0131 Brezilya D\u0131\u015fi\u015fleri Bakanl\u0131\u011f\u0131n\u0131n koordine etti\u011fi bildirildi.<\/p>\n<p>Guiado\u2019nun kendisini b\u00fcy\u00fckel\u00e7i olarak atad\u0131\u011f\u0131n\u0131 belirten Maria Teresa Belandria ve ona destek veren bir grup, b\u00fcy\u00fckel\u00e7ilik binas\u0131na girmi\u015fti. Venezuela Devlet Ba\u015fkan\u0131 Nicolas Maduro taraf\u0131ndan b\u00fcy\u00fckel\u00e7ili\u011fe atanan misyon g\u00f6revlileri ise saatler s\u00fcren i\u015fgalin ard\u0131ndan olaylar\u0131n daha fazla b\u00fcy\u00fcmemesi i\u00e7in b\u00fcy\u00fckel\u00e7ili\u011fi Belandria\u2019ya teslim ettiklerini a\u00e7\u0131klam\u0131\u015ft\u0131. Belandria, b\u00fcy\u00fckel\u00e7ilikte g\u00f6revli baz\u0131 yetkililerin Guaido\u2019yu devlet ba\u015fkan\u0131 olarak tan\u0131d\u0131klar\u0131n\u0131 ve i\u00e7eriye girmelerine izin verdiklerini iddia ederek, \u201cBrezilya\u2019daki b\u00fcy\u00fckel\u00e7ilik \u00e7al\u0131\u015fanlar\u0131 \u00fclkenin me\u015fru devlet ba\u015fkan\u0131 Guaido\u2019nun temsilcisi olarak bana diplomatik karargah\u0131 teslim ettiler\u201d a\u00e7\u0131klamas\u0131nda bulunmu\u015ftu. Guaido yanda\u015flar\u0131 ve Maduro h\u00fck\u00fcmetinin b\u00fcy\u00fckel\u00e7ilik \u00e7al\u0131\u015fanlar\u0131 aras\u0131nda tart\u0131\u015fmalar ya\u015fanm\u0131\u015ft\u0131.<\/p>\n","protected":false},"excerpt":{"rendered":"<p>VENEZUELA\u2019DA KEND\u0130S\u0130N\u0130 GE\u00c7\u0130C\u0130 DEVLET BA\u015eKANI \u0130LAN EDEN JUAN GU\u0130ADO YANDA\u015eLARI D\u00dcN BASKIN D\u00dcZENLED\u0130KLER\u0130 BREZ\u0130LYA\u2019NIN BA\u015eKENT\u0130 BRAS\u0130L\u0130A\u2019DA BULUNAN VENEZUELA B\u00dcY\u00dcKEL\u00c7\u0130L\u0130\u011e\u0130NDEN AYRILDI.<\/p>\n","protected":false},"author":1,"featured_media":228048,"comment_status":"closed","ping_status":"open","sticky":false,"template":"","format":"standard","meta":{"jetpack_post_was_ever_published":false,"_jetpack_newsletter_access":"","_jetpack_dont_email_post_to_subs":false,"_jetpack_newsletter_tier_id":0,"_jetpack_memberships_contains_paywalled_content":false,"_jetpack_memberships_contains_paid_content":false,"footnotes":"","jetpack_publicize_message":"","jetpack_publicize_feature_enabled":true,"jetpack_social_post_already_shared":true,"jetpack_social_options":{"image_generator_settings":{"template":"highway","default_image_id":0,"font":"","enabled":false},"version":2}},"categories":[10],"tags":[4847,48593,2181,18353,18365,54516],"class_list":["post-228047","post","type-post","status-publish","format-standard","has-post-thumbnail","hentry","category-dunya","tag-ayrildi","tag-brezilyadaki","tag-buyukelciliginden","tag-guaido","tag-venezuelanin","tag-yandaslari"],"jetpack_publicize_connections":[],"jetpack_featured_media_url":"https:\/\/i0.wp.com\/www.tvturk.com\/wp-content\/uploads\/2019\/11\/guaido-yandaslari-venezuelanin-brezilyadaki-buyukelciliginden-ayrildi_b89d3d5.jpg?fit=920%2C613","jetpack_sharing_enabled":true,"jetpack_shortlink":"https:\/\/wp.me\/paKIfm-Xkb","_links":{"self":[{"href":"http:\/\/www.tvturk.com\/index.php\/wp-json\/wp\/v2\/posts\/228047","targetHints":{"allow":["GET"]}}],"collection":[{"href":"http:\/\/www.tvturk.com\/index.php\/wp-json\/wp\/v2\/posts"}],"about":[{"href":"http:\/\/www.tvturk.com\/index.php\/wp-json\/wp\/v2\/types\/post"}],"author":[{"embeddable":true,"href":"http:\/\/www.tvturk.com\/index.php\/wp-json\/wp\/v2\/users\/1"}],"replies":[{"embeddable":true,"href":"http:\/\/www.tvturk.com\/index.php\/wp-json\/wp\/v2\/comments?post=228047"}],"version-history":[{"count":0,"href":"http:\/\/www.tvturk.com\/index.php\/wp-json\/wp\/v2\/posts\/228047\/revisions"}],"wp:featuredmedia":[{"embeddable":true,"href":"http:\/\/www.tvturk.com\/index.php\/wp-json\/wp\/v2\/media\/228048"}],"wp:attachment":[{"href":"http:\/\/www.tvturk.com\/index.php\/wp-json\/wp\/v2\/media?parent=228047"}],"wp:term":[{"taxonomy":"category","embeddable":true,"href":"http:\/\/www.tvturk.com\/index.php\/wp-json\/wp\/v2\/categories?post=228047"},{"taxonomy":"post_tag","embeddable":true,"href":"http:\/\/www.tvturk.com\/index.php\/wp-json\/wp\/v2\/tags?post=228047"}],"curies":[{"name":"wp","href":"https:\/\/api.w.org\/{rel}","templated":true}]}}