{"id":228085,"date":"2019-11-14T10:46:57","date_gmt":"2019-11-14T07:46:57","guid":{"rendered":"http:\/\/www.tvturk.com\/index.php\/okullara-sahiplendirilen-sokak-hayvanlari-ogrencilerin-ilgi-odagi-oldu\/"},"modified":"2019-11-14T10:46:57","modified_gmt":"2019-11-14T07:46:57","slug":"okullara-sahiplendirilen-sokak-hayvanlari-ogrencilerin-ilgi-odagi-oldu","status":"publish","type":"post","link":"http:\/\/www.tvturk.com\/index.php\/okullara-sahiplendirilen-sokak-hayvanlari-ogrencilerin-ilgi-odagi-oldu\/","title":{"rendered":"Okullara sahiplendirilen sokak hayvanlar\u0131 \u00f6\u011frencilerin ilgi oda\u011f\u0131 oldu"},"content":{"rendered":"<p>KOCAEL\u0130 (\u0130HA) \u2013 Kocaeli\u2019de hayata ge\u00e7irilen \u201cHer Okula Bir Can Dostu\u201d projesi kapsam\u0131nda okullara sahiplendirilen k\u00f6pekler, \u00f6\u011frencilerden yo\u011fun ilgi g\u00f6r\u00fcyor.<\/p>\n<p>Kocaeli B\u00fcy\u00fck\u015fehir Belediyesi Sa\u011fl\u0131k ve Sosyal Hizmetler Daire Ba\u015fkanl\u0131\u011f\u0131, Veteriner Hizmetleri \u015eube M\u00fcd\u00fcrl\u00fc\u011f\u00fcn\u00fcn ba\u015flatt\u0131\u011f\u0131 \u2019Her Okula Bir Can Dostu\u2019 projesi b\u00fcy\u00fck ilgi g\u00f6r\u00fcyor. Bu kapsamda \u0130zmit Ortaokulu da Sokak Hayvanlar\u0131 Ge\u00e7ici Bar\u0131nma ve Rehabilitasyon Merkezinden bir k\u00f6pek sahiplendi. \u2019Cesur\u2019 ismini verdikleri k\u00f6pek hem \u00f6\u011frencilerin hem de idarecilerin ilgi oda\u011f\u0131 oldu. Hayvan sevgisini a\u015f\u0131lamak amac\u0131 ile hayata ge\u00e7irilen projeyi Kocaeli\u2019deki okullar da sahiplendi. Kedi ve k\u00f6pek kul\u00fcbesi ve mamalar\u0131n\u0131n da\u011f\u0131t\u0131ld\u0131\u011f\u0131 proje kapsam\u0131nda okullar, B\u00fcy\u00fck\u015fehir Belediyesi\u2019nin T\u00fcrkiye\u2019ye \u00f6rnek olan Sokak Hayvanlar\u0131 Ge\u00e7ici Bar\u0131nma ve Rehabilitasyon Merkezi\u2019nden de sokak hayvanlar\u0131 sahipleniyor.<\/p>\n<p>Sahiplendikleri k\u00f6pe\u011fe \u201cCesur\u201d ad\u0131n\u0131 verdiler<\/p>\n<p>\u0130zmit Ortaokulu da proje kapsam\u0131nda sokak hayvan\u0131 sahiplenen okullardan oldu. K\u00f6pe\u011fe \u00f6\u011frenciler \u2019Cesur\u2019 ad\u0131n\u0131 verdi. Adeta bir bek\u00e7i k\u00f6pe\u011fi g\u00f6revini \u00fcstlenen Cesur ayn\u0131 zaman da \u00f6\u011frencilerin de sevgilisi oldu. Ders aralar\u0131nda vakit bulduk\u00e7a Cesur ile vakit ge\u00e7iren \u00e7ocuklar hem i\u00e7lerindeki korkuyu yenerken hem de e\u011fleniyor. Ayr\u0131ca \u00f6zenle besledikleri k\u00f6pe\u011fi koruyup kollayan \u00e7ocuklar bu durumdan fazlas\u0131yla memnun.<\/p>\n<p>\u201c\u00d6\u011frencilerimiz de Cesur\u2019u \u00e7ok sevdi\u201d<\/p>\n<p>Okul idaresinin de sahiplendi\u011fi k\u00f6pek okula hemen uyum sa\u011flad\u0131. Konuyla ilgili k\u0131sa bir a\u00e7\u0131klama yapan okul m\u00fcd\u00fcr\u00fc yard\u0131mc\u0131s\u0131 Tu\u011fcan Ayy\u0131ld\u0131z, \u201cKocaeli B\u00fcy\u00fck\u015fehir Belediyesinin kente kazand\u0131rd\u0131\u011f\u0131 bu proje \u00e7ok anlaml\u0131. Biz de bu proje kapsam\u0131nda Cesur\u2019u sahiplendik. Cesur da bizleri sahiplendi. \u00d6\u011frencilerimiz de Cesur\u2019u \u00e7ok sevdi\u201d dedi.<\/p>\n<p>\u00d6\u011frenciler, hayvan sevgisini yak\u0131ndan \u00f6\u011freniyor<\/p>\n<p>Ayr\u0131ca yine Cesur\u2019a olan ilgilerini dile getiren \u00e7ocuklar da, \u00f6nceden k\u00f6peklerden korktuklar\u0131n\u0131 ama Cesur ile birlikte art\u0131k bu korkuyu ya\u015famad\u0131klar\u0131n\u0131 belirtti. \u00d6\u011frenciler Cesur\u2019la g\u00fczel vakit ge\u00e7irdiklerini ifade ederek B\u00fcy\u00fck\u015fehir Belediyesi\u2019ne te\u015fekk\u00fcr etti.<\/p>\n","protected":false},"excerpt":{"rendered":"<p>KOCAEL\u0130\u2019DE HAYATA GE\u00c7\u0130R\u0130LEN \u201cHER OKULA B\u0130R CAN DOSTU\u201d PROJES\u0130NE KAPSAMINDA OKULLARA SAH\u0130PLEND\u0130R\u0130LEN K\u00d6PEKLER, \u00d6\u011eRENC\u0130LER\u0130N YO\u011eUN \u0130LG\u0130 G\u00d6R\u00dcYOR.<\/p>\n","protected":false},"author":1,"featured_media":228086,"comment_status":"closed","ping_status":"open","sticky":false,"template":"","format":"standard","meta":{"jetpack_post_was_ever_published":false,"_jetpack_newsletter_access":"","_jetpack_dont_email_post_to_subs":false,"_jetpack_newsletter_tier_id":0,"_jetpack_memberships_contains_paywalled_content":false,"_jetpack_memberships_contains_paid_content":false,"footnotes":"","jetpack_publicize_message":"","jetpack_publicize_feature_enabled":true,"jetpack_social_post_already_shared":true,"jetpack_social_options":{"image_generator_settings":{"template":"highway","default_image_id":0,"font":"","enabled":false},"version":2}},"categories":[1],"tags":[9205,1726,9382,4503,5614,77,57440,1183],"class_list":["post-228085","post","type-post","status-publish","format-standard","has-post-thumbnail","hentry","category-genel","tag-hayvanlari","tag-ilgi","tag-odagi","tag-ogrencilerin","tag-okullara","tag-oldu","tag-sahiplendirilen","tag-sokak"],"jetpack_publicize_connections":[],"jetpack_featured_media_url":"https:\/\/i0.wp.com\/www.tvturk.com\/wp-content\/uploads\/2019\/11\/okullara-sahiplendirilen-sokak-hayvanlari-ogrencilerin-ilgi-odagi-oldu_842e0a2.jpg?fit=1000%2C666","jetpack_sharing_enabled":true,"jetpack_shortlink":"https:\/\/wp.me\/paKIfm-XkN","_links":{"self":[{"href":"http:\/\/www.tvturk.com\/index.php\/wp-json\/wp\/v2\/posts\/228085","targetHints":{"allow":["GET"]}}],"collection":[{"href":"http:\/\/www.tvturk.com\/index.php\/wp-json\/wp\/v2\/posts"}],"about":[{"href":"http:\/\/www.tvturk.com\/index.php\/wp-json\/wp\/v2\/types\/post"}],"author":[{"embeddable":true,"href":"http:\/\/www.tvturk.com\/index.php\/wp-json\/wp\/v2\/users\/1"}],"replies":[{"embeddable":true,"href":"http:\/\/www.tvturk.com\/index.php\/wp-json\/wp\/v2\/comments?post=228085"}],"version-history":[{"count":0,"href":"http:\/\/www.tvturk.com\/index.php\/wp-json\/wp\/v2\/posts\/228085\/revisions"}],"wp:featuredmedia":[{"embeddable":true,"href":"http:\/\/www.tvturk.com\/index.php\/wp-json\/wp\/v2\/media\/228086"}],"wp:attachment":[{"href":"http:\/\/www.tvturk.com\/index.php\/wp-json\/wp\/v2\/media?parent=228085"}],"wp:term":[{"taxonomy":"category","embeddable":true,"href":"http:\/\/www.tvturk.com\/index.php\/wp-json\/wp\/v2\/categories?post=228085"},{"taxonomy":"post_tag","embeddable":true,"href":"http:\/\/www.tvturk.com\/index.php\/wp-json\/wp\/v2\/tags?post=228085"}],"curies":[{"name":"wp","href":"https:\/\/api.w.org\/{rel}","templated":true}]}}