{"id":228181,"date":"2019-11-14T12:16:38","date_gmt":"2019-11-14T09:16:38","guid":{"rendered":"http:\/\/www.tvturk.com\/index.php\/uzum-ureticisi-dunyaya-acilmak-icin-hava-kargo-istiyor\/"},"modified":"2019-11-14T12:16:38","modified_gmt":"2019-11-14T09:16:38","slug":"uzum-ureticisi-dunyaya-acilmak-icin-hava-kargo-istiyor","status":"publish","type":"post","link":"http:\/\/www.tvturk.com\/index.php\/uzum-ureticisi-dunyaya-acilmak-icin-hava-kargo-istiyor\/","title":{"rendered":"\u00dcz\u00fcm \u00fcreticisi d\u00fcnyaya a\u00e7\u0131lmak i\u00e7in hava kargo istiyor"},"content":{"rendered":"<p>D\u00fcnyan\u0131n 40 \u00fclkesine ihracat\u0131 yap\u0131lan \u00e7ekirdeksiz Sultaniye \u00fcz\u00fcm \u00fcreticileri, ihracattan daha fazla pay alabilmek i\u00e7in devletten hava kargo istedi. Hava kargoya her t\u00fcrl\u00fc deste\u011fi vermeye haz\u0131r olduklar\u0131n\u0131 belirten \u00fcreticiler, t\u0131rlarla yap\u0131lan ihracatta \u00fcr\u00fcnlerin \u00e7o\u011funun bozulmas\u0131ndan dolay\u0131 pazar kayb\u0131 ya\u015fand\u0131\u011f\u0131n\u0131, hava kargo sayesinde Uzakdo\u011fu gibi yeni pazarlarla ihracat\u0131n katlanarak artaca\u011f\u0131n\u0131 s\u00f6yledi.<\/p>\n<p>Manisa\u2019n\u0131n d\u00fcnyaca \u00fcnl\u00fc \u00e7ekirdeksiz Sultaniye \u00fcz\u00fcm\u00fcn\u00fcn en \u00f6nemli \u00fcretim merkezlerinin ba\u015f\u0131nda gelen ve aral\u0131k ay\u0131n\u0131n ortas\u0131na kadar hasad\u0131n devam etti\u011fi Sar\u0131g\u00f6l\u2019de hasat ve ihracat devam ediyor. Dal\u0131nda saklanan \u00fcz\u00fcmler d\u00fcnya sofralar\u0131na tat verirken, bu sene u\u00e7akla Avrupa\u2019ya ihracat yapan i\u015f adam\u0131 Selim Soylu\u2019yu hasad\u0131n devam etti\u011fi ba\u011fda ziyaret eden Sar\u0131g\u00f6l Ziraat Odas\u0131 Ba\u015fkan\u0131 Ali \u0130hsan \u00dclgen hem ihracat\u00e7\u0131y\u0131 giri\u015fiminden dolay\u0131 tebrik etti hem de \u00fcreticiler olarak hava kargoya her t\u00fcrl\u00fc deste\u011fi vermeye haz\u0131r olduklar\u0131n\u0131 kaydetti.<\/p>\n<p>&#8220;\u00dcz\u00fcm serum gibidir&#8221;<\/p>\n<p>Sar\u0131g\u00f6l Ovas\u0131\u2019nda hasad\u0131n devam etti\u011fine dikkat \u00e7eken Sar\u0131g\u00f6l Ziraat Odas\u0131 Ba\u015fkan\u0131 \u00dclgen, \u201cNasip olursa 20 g\u00fcn daha Aral\u0131k ay\u0131n\u0131n 15\u2019ine kadar hasat devam edecek. \u015eimdiki \u00fcz\u00fcm para ediyor. Ovam\u0131zda daha so\u011fuk ve k\u0131ra\u011f\u0131 olmad\u0131. Bu hasat edilen \u00fcz\u00fcmler bug\u00fcn \u0130stanbul\u2019a gidiyor. \u0130stanbul T\u00fcrkiye\u2019deki en b\u00fcy\u00fck t\u00fcketici b\u00f6lgesidir. Avrupa\u2019ya ne kadar g\u00fczel mal yap\u0131l\u0131rsa \u0130stanbul\u2019a da ayn\u0131 kalitede mal yap\u0131l\u0131r. Buradan \u0130stanbullu t\u00fcketicilere sesleniyorum. \u00c7ok rahatl\u0131kla \u00fcz\u00fcm\u00fc t\u00fcketin, b\u00fct\u00fcn \u00fcz\u00fcmlerimiz ziraat m\u00fchendisleri ve \u0130l\u00e7e Tar\u0131m M\u00fcd\u00fcrl\u00fc\u011f\u00fc taraf\u0131ndan kontrol alt\u0131nda. Hi\u00e7bir s\u0131k\u0131nt\u0131 yoktur. Bol miktarda t\u00fcketebilirsiniz. \u0130\u00e7iniz rahat olsun. Yanl\u0131\u015f bir ila\u00e7 kullanm\u0131yoruz, her \u015fey kontrol alt\u0131nda. \u00dcz\u00fcm\u00fc bol miktarda t\u00fcketsinler. Bilhassa \u00e7ocuklara yedirsinler. \u00dcz\u00fcm serum gibidir. \u00c7ocuklar\u0131n bunu yemesi laz\u0131m. Herkes \u00fcz\u00fcm t\u00fcketmeli\u201d dedi.<\/p>\n<p>&#8220;Yeni pazarlar bulmam\u0131z laz\u0131m&#8221;<\/p>\n<p>Sar\u0131g\u00f6l\u2019de 120 bin d\u00f6n\u00fcm \u00c7KS\u2019li \u00fcz\u00fcm ba\u011f\u0131 oldu\u011funu vurgulayan \u00dclgen, \u201cHatta daha fazlas\u0131 var. En az 40 \u00fclkeye \u00fcz\u00fcm g\u00f6nderiyoruz. Yeterli mi, yeterli de\u011fil. Oda ba\u015fkan\u0131 olarak \u015funu s\u00f6ylemek istiyorum. D\u00fcnya \u00fcz\u00fcm\u00fc yedi de doydu, \u00fcz\u00fcm yenmiyor diye bir \u015fey yok. Bunun \u00e7\u00f6z\u00fcm\u00fcn\u00fc defalarca s\u00f6yledim. Bug\u00fcn bir daha s\u00f6yl\u00fcyorum. Bunun \u00e7\u00f6z\u00fcm\u00fc yeni pazar bulmak. Bizim \u00fcretici olarak, t\u00fcccarlar\u0131m\u0131z\u0131n Uzakdo\u011fu\u2019ya ula\u015fmas\u0131 laz\u0131m. Art\u0131 t\u00fcccar\u0131m\u0131za devletimizin \u00e7ok destek vermesi laz\u0131m. Bizim Malezya\u2019ya, Singapur\u2019a, \u0130ngiltere\u2019ye, \u0130sve\u00e7\u2019e, Norve\u00e7\u2019e, Finlandiya\u2019ya, b\u00fct\u00fcn Uzakdo\u011fu \u00fclkelerine ula\u015fmam\u0131z laz\u0131m. Bunun tek \u00e7\u00f6z\u00fcm\u00fc hava kargodur. Selim Soylu karde\u015fimiz bu sene hava kargoyla Avrupa\u2019ya mal g\u00f6nderdi. Kendisini tebrik ediyorum giri\u015fiminden dolay\u0131. \u0130lk defa bir a\u00e7\u0131l\u0131m yap\u0131lm\u0131\u015f oldu ve yeniden g\u00fcndeme gelmi\u015f oldu. Ben Ziraat Odas\u0131 Ba\u015fkan\u0131 olarak \u015funu s\u00f6yl\u00fcyorum. Devletimiz hava kargoyu kursun. Ben 16 bin \u00e7ift\u00e7inin ba\u015fkan\u0131y\u0131m. Bizden stopaj i\u00e7in nas\u0131l y\u00fczde 2 kesiliyorsa, bizden y\u00fczde 2 kessin. Biz hava kargoya destek vermek istiyoruz. Devletimizden hep istiyoruz ama biz de devletimizin yan\u0131nda olup kendimizi g\u00f6stermek istiyoruz. Y\u00fczde 2 bizden kesinti yaps\u0131nlar\u201d diye konu\u015ftu.<\/p>\n<p>Hava kargo talebi<\/p>\n<p>Bu sene ilk kez havayoluyla Avrupa\u2019ya \u00fcz\u00fcm ihracat\u0131 ger\u00e7ekle\u015ftiren Selim Soylu ise, \u201cMarketlere, manavlara, pazarlara sat\u0131\u015f\u0131m\u0131z\u0131 yap\u0131yoruz. Herkes \u00e7ok memnun. Haziran\u0131n ilk haftas\u0131 \u00fcz\u00fcm sezonu Mersin\u2019de ba\u015fl\u0131yor. Burada aral\u0131k ay\u0131n\u0131n ortas\u0131na kadar, 15 Aral\u0131k\u2019a kadar \u00fcz\u00fcm sezonu devam ediyor. Burada so\u011fuk hava deposuna ihtiya\u00e7 olmuyor, \u00e7\u00fcnk\u00fc s\u0131f\u0131r dereceye kadar \u00fcz\u00fcm dal\u0131nda koruyor kendini. Bu zamanlarda \u00fcr\u00fcn t\u0131rlarla yurt d\u0131\u015f\u0131na gitti\u011fi zaman bozulmas\u0131ndan dolay\u0131 Avrupa genelde geri \u00e7ekiliyor. Bu zamanlarda \u00fcz\u00fcm\u00fcn bollu\u011funda \u00fcretici ma\u011fdur oluyor. Bizim iste\u011fimiz hava kargoyu hayata ge\u00e7irmek. \u00c7\u00fcnk\u00fc yakla\u015f\u0131k 15 saatlik bir karayolunu u\u00e7akla 4 saatte ger\u00e7ekle\u015ftiriyoruz. U\u00e7akta so\u011fuk hava muhafazas\u0131nda gidiyor. Devletin deste\u011fini istiyoruz. Avrupa\u2019da ortalama y\u00fczde 300-400 karlarla sat\u0131\u015f oluyor. Bu sebepten dolay\u0131 \u00fcreticimiz de kazanmal\u0131. Bunu hayata ge\u00e7irirsek \u00e7ift\u00e7i de kiloda 1 lira, 1 bu\u00e7uk lira daha fazla kazanacak. Bunun i\u00e7in herkesten destek bekliyoruz. Hay\u0131rl\u0131s\u0131yla bunu da hayata ge\u00e7irece\u011fiz\u201d dedi.<\/p>\n<p>Bug\u00fcn dal\u0131ndan kesilen \u00fcz\u00fcm yar\u0131n Almanya\u2019da, Malezya\u2019da sat\u0131\u015fa sunuldu\u011funda herkesin sat\u0131n alaca\u011f\u0131n\u0131 kaydeden \u00dclgen, \u201cBu \u00fcz\u00fcmler t\u0131rla 8 g\u00fcn yol gidiyor. Kasadaki \u00fcr\u00fcn yar\u0131ya d\u00fc\u015f\u00fcyor, \u00fcz\u00fcm kendinden ge\u00e7iyor. Bu i\u015fin \u00e7\u00f6z\u00fcm\u00fc \u0130srail\u2019in yapt\u0131\u011f\u0131 gibi bug\u00fcn \u00e7\u0131kan yumurtay\u0131 ertesi sabah Avrupal\u0131\u2019ya yedirmi\u015f. Onun i\u00e7in bizde bug\u00fcn kesilen \u00fcz\u00fcm\u00fc sabah Avrupal\u0131\u2019n\u0131n \u00f6n\u00fcne koymam\u0131z laz\u0131m\u201d diyerek hava kargonun hayata ge\u00e7mesiyle hem \u00fclke ihracat\u0131n\u0131n artaca\u011f\u0131n\u0131 hem de \u00fcretici ve t\u00fcccarlar\u0131n daha fazla kanaca\u011f\u0131n\u0131 s\u00f6yledi.<\/p>\n","protected":false},"excerpt":{"rendered":"<p>D\u00dcNYANIN 40 \u00dcLKES\u0130NE \u0130HRACATI YAPILAN \u00c7EK\u0130RDEKS\u0130Z SULTAN\u0130YE \u00dcZ\u00dcM \u00dcRET\u0130C\u0130LER\u0130 \u0130HRACATTAN DAHA FAZLA PAY ALAB\u0130LMEK \u0130\u00c7\u0130N DEVLETTEN HAVA KARGO \u0130STED\u0130. HAVA KARGOYA HER T\u00dcRL\u00dc DESTE\u011e\u0130 VERMEYE HAZIR OLDUKLARINI BEL\u0130RTEN \u00dcRET\u0130C\u0130LER TIRLARLA YAPILAN \u0130HRACATTA \u00dcR\u00dcNLER\u0130N \u00c7O\u011eUNUN BOZULMASINDAN DOLAYI PAZAR KAYBI YA\u015eANDI\u011eINI S\u00d6YLERKEN, HAVA KARGO SAYES\u0130NDE UZAKDO\u011eU G\u0130B\u0130 YEN\u0130 PAZARLARLA \u0130HRACATIN KATLANARAK ARTACA\u011eINI S\u00d6YLED\u0130<\/p>\n","protected":false},"author":1,"featured_media":228182,"comment_status":"closed","ping_status":"open","sticky":false,"template":"","format":"standard","meta":{"jetpack_post_was_ever_published":false,"_jetpack_newsletter_access":"","_jetpack_dont_email_post_to_subs":false,"_jetpack_newsletter_tier_id":0,"_jetpack_memberships_contains_paywalled_content":false,"_jetpack_memberships_contains_paid_content":false,"footnotes":"","jetpack_publicize_message":"","jetpack_publicize_feature_enabled":true,"jetpack_social_post_already_shared":true,"jetpack_social_options":{"image_generator_settings":{"template":"highway","default_image_id":0,"font":"","enabled":false},"version":2}},"categories":[19],"tags":[37279,2124,257,44,99,6582,29998,1108],"class_list":["post-228181","post","type-post","status-publish","format-standard","has-post-thumbnail","hentry","category-ekonomi","tag-acilmak","tag-dunyaya","tag-hava","tag-icin","tag-istiyor","tag-kargo","tag-ureticisi","tag-uzum"],"jetpack_publicize_connections":[],"jetpack_featured_media_url":"https:\/\/i0.wp.com\/www.tvturk.com\/wp-content\/uploads\/2019\/11\/uzum-ureticisi-dunyaya-acilmak-icin-hava-kargo-istiyor_52e9102.jpg?fit=1000%2C662","jetpack_sharing_enabled":true,"jetpack_shortlink":"https:\/\/wp.me\/paKIfm-Xml","_links":{"self":[{"href":"http:\/\/www.tvturk.com\/index.php\/wp-json\/wp\/v2\/posts\/228181","targetHints":{"allow":["GET"]}}],"collection":[{"href":"http:\/\/www.tvturk.com\/index.php\/wp-json\/wp\/v2\/posts"}],"about":[{"href":"http:\/\/www.tvturk.com\/index.php\/wp-json\/wp\/v2\/types\/post"}],"author":[{"embeddable":true,"href":"http:\/\/www.tvturk.com\/index.php\/wp-json\/wp\/v2\/users\/1"}],"replies":[{"embeddable":true,"href":"http:\/\/www.tvturk.com\/index.php\/wp-json\/wp\/v2\/comments?post=228181"}],"version-history":[{"count":0,"href":"http:\/\/www.tvturk.com\/index.php\/wp-json\/wp\/v2\/posts\/228181\/revisions"}],"wp:featuredmedia":[{"embeddable":true,"href":"http:\/\/www.tvturk.com\/index.php\/wp-json\/wp\/v2\/media\/228182"}],"wp:attachment":[{"href":"http:\/\/www.tvturk.com\/index.php\/wp-json\/wp\/v2\/media?parent=228181"}],"wp:term":[{"taxonomy":"category","embeddable":true,"href":"http:\/\/www.tvturk.com\/index.php\/wp-json\/wp\/v2\/categories?post=228181"},{"taxonomy":"post_tag","embeddable":true,"href":"http:\/\/www.tvturk.com\/index.php\/wp-json\/wp\/v2\/tags?post=228181"}],"curies":[{"name":"wp","href":"https:\/\/api.w.org\/{rel}","templated":true}]}}