{"id":228221,"date":"2019-11-14T13:02:46","date_gmt":"2019-11-14T10:02:46","guid":{"rendered":"http:\/\/www.tvturk.com\/index.php\/tekerlemeye-konu-olan-asirlik-cinar-kesildi\/"},"modified":"2019-11-14T13:02:46","modified_gmt":"2019-11-14T10:02:46","slug":"tekerlemeye-konu-olan-asirlik-cinar-kesildi","status":"publish","type":"post","link":"http:\/\/www.tvturk.com\/index.php\/tekerlemeye-konu-olan-asirlik-cinar-kesildi\/","title":{"rendered":"Tekerlemeye konu olan as\u0131rl\u0131k \u00e7\u0131nar kesildi"},"content":{"rendered":"<p>Mersin\u2019in Mut il\u00e7esinde tekerlemelere bile konu olan as\u0131rl\u0131k 5 an\u0131t \u00e7\u0131nar a\u011fac\u0131ndan biri kesildi.<\/p>\n<p>1800\u2019l\u00fc y\u0131llarda dikildi\u011fi san\u0131lan, bulundu\u011fu parka ad\u0131n\u0131 veren 5 \u00e7\u0131nardan birinin, g\u00f6vdesinde meydana gelen b\u00fcy\u00fck \u00e7atlak nedeniyle \u00c7evre ve \u015eehircilik Bakanl\u0131\u011f\u0131 Mersin \u0130l M\u00fcd\u00fcrl\u00fc\u011f\u00fcnce yap\u0131lan incelemenin ard\u0131ndan \u00e7evreye ve insanlara zarar verebilece\u011fi \u00f6ng\u00f6r\u00fcld\u00fc. Birinci derece sit alan\u0131 olan \u00e7\u0131nar a\u011fac\u0131n\u0131n tescili, K\u00fclt\u00fcr Bakanl\u0131\u011f\u0131 Tabiat Varl\u0131klar\u0131n\u0131 Koruma Genel M\u00fcd\u00fcrl\u00fc\u011f\u00fcne yap\u0131lan ba\u015fvuru sonras\u0131 kald\u0131r\u0131ld\u0131. Kesilmesine karar verilen an\u0131t \u00e7\u0131nar a\u011fac\u0131yla ilgili 15 g\u00fcn s\u00fcreyle yap\u0131lan ilan\u0131n ard\u0131ndan Mut \u0130l\u00e7e Belediyesi Park ve Bah\u00e7eler M\u00fcd\u00fcrl\u00fc\u011f\u00fc ekipleri, kesim i\u015flemini ger\u00e7ekle\u015ftirdi. Dallar\u0131n\u0131n kesilmesiyle sadece g\u00f6vdesi kalan a\u011fa\u00e7tan kurt\u00e7uklar \u00e7\u0131kt\u0131.<\/p>\n<p>\u0130l\u00e7ede yaz aylar\u0131n\u0131n \u00e7ok s\u0131cak ge\u00e7mesi ve tek serin ortam olmas\u0131 dolay\u0131s\u0131yla an\u0131t \u00e7\u0131narlar, &#8220;5 \u00e7\u0131nar 1 p\u0131nar, olmazsa Mut yanar&#8221; tekerlemesini ortaya \u00e7\u0131karm\u0131\u015ft\u0131.<\/p>\n","protected":false},"excerpt":{"rendered":"<p>MERS\u0130N&#8217;\u0130N MUT \u0130L\u00c7ES\u0130NDE TEKERLEMELERE B\u0130LE KONU OLAN ASIRLIK 5 ANIT \u00c7INAR A\u011eACINDAN B\u0130R\u0130 KES\u0130LD\u0130.<\/p>\n","protected":false},"author":1,"featured_media":228222,"comment_status":"closed","ping_status":"open","sticky":false,"template":"","format":"standard","meta":{"jetpack_post_was_ever_published":false,"_jetpack_newsletter_access":"","_jetpack_dont_email_post_to_subs":false,"_jetpack_newsletter_tier_id":0,"_jetpack_memberships_contains_paywalled_content":false,"_jetpack_memberships_contains_paid_content":false,"footnotes":"","jetpack_publicize_message":"","jetpack_publicize_feature_enabled":true,"jetpack_social_post_already_shared":true,"jetpack_social_options":{"image_generator_settings":{"template":"highway","default_image_id":0,"font":"","enabled":false},"version":2}},"categories":[1],"tags":[3115,9799,1206,11863,572,57473],"class_list":["post-228221","post","type-post","status-publish","format-standard","has-post-thumbnail","hentry","category-genel","tag-asirlik","tag-cinar","tag-kesildi","tag-konu","tag-olan","tag-tekerlemeye"],"jetpack_publicize_connections":[],"jetpack_featured_media_url":"https:\/\/i0.wp.com\/www.tvturk.com\/wp-content\/uploads\/2019\/11\/tekerlemeye-konu-olan-asirlik-cinar-kesildi_ab2db37.jpg?fit=1000%2C666","jetpack_sharing_enabled":true,"jetpack_shortlink":"https:\/\/wp.me\/paKIfm-XmZ","_links":{"self":[{"href":"http:\/\/www.tvturk.com\/index.php\/wp-json\/wp\/v2\/posts\/228221","targetHints":{"allow":["GET"]}}],"collection":[{"href":"http:\/\/www.tvturk.com\/index.php\/wp-json\/wp\/v2\/posts"}],"about":[{"href":"http:\/\/www.tvturk.com\/index.php\/wp-json\/wp\/v2\/types\/post"}],"author":[{"embeddable":true,"href":"http:\/\/www.tvturk.com\/index.php\/wp-json\/wp\/v2\/users\/1"}],"replies":[{"embeddable":true,"href":"http:\/\/www.tvturk.com\/index.php\/wp-json\/wp\/v2\/comments?post=228221"}],"version-history":[{"count":0,"href":"http:\/\/www.tvturk.com\/index.php\/wp-json\/wp\/v2\/posts\/228221\/revisions"}],"wp:featuredmedia":[{"embeddable":true,"href":"http:\/\/www.tvturk.com\/index.php\/wp-json\/wp\/v2\/media\/228222"}],"wp:attachment":[{"href":"http:\/\/www.tvturk.com\/index.php\/wp-json\/wp\/v2\/media?parent=228221"}],"wp:term":[{"taxonomy":"category","embeddable":true,"href":"http:\/\/www.tvturk.com\/index.php\/wp-json\/wp\/v2\/categories?post=228221"},{"taxonomy":"post_tag","embeddable":true,"href":"http:\/\/www.tvturk.com\/index.php\/wp-json\/wp\/v2\/tags?post=228221"}],"curies":[{"name":"wp","href":"https:\/\/api.w.org\/{rel}","templated":true}]}}