{"id":228239,"date":"2019-11-14T13:31:55","date_gmt":"2019-11-14T10:31:55","guid":{"rendered":"http:\/\/www.tvturk.com\/index.php\/asiklar-sehri-venedik-sular-altinda\/"},"modified":"2019-11-14T13:31:55","modified_gmt":"2019-11-14T10:31:55","slug":"asiklar-sehri-venedik-sular-altinda","status":"publish","type":"post","link":"http:\/\/www.tvturk.com\/index.php\/asiklar-sehri-venedik-sular-altinda\/","title":{"rendered":"\u201cA\u015f\u0131klar \u015eehri\u201d Venedik, sular alt\u0131nda"},"content":{"rendered":"<p>\u201cA\u015f\u0131klar \u015eehri\u201d olarak da bilinen \u0130talya\u2019n\u0131n Venedik kentinde deniz seviyesin bug\u00fcn 1.30 metre olaca\u011f\u0131n\u0131 belirten yetkililer b\u00f6lge halk\u0131n\u0131 ve turistleri uyard\u0131.<\/p>\n<p>\u0130talya\u2019n\u0131n kanallarla \u00e7evrili turistik kenti Venedik, sal\u0131 gecesi ya\u011f\u0131\u015flar\u0131n etkisiyle deniz seviyesinin y\u00fckselmesi sonucu sular alt\u0131nda kald\u0131. Yakla\u015f\u0131k y\u00fczde 80\u2019i sular alt\u0131nda kalan \u201cA\u015f\u0131klar \u015eehri\u201d Venedik\u2019te bug\u00fcn de su seviyesinin y\u00fcksek olaca\u011f\u0131 belirtildi. \u0130talyan yetkililer, su seviyesinin 1.30 metre y\u00fckseklikte olaca\u011f\u0131n\u0131 belirterek, Venediklileri ve turistleri uyard\u0131.<\/p>\n<p>Sal\u0131 g\u00fcn\u00fc son 53 y\u0131l\u0131n en b\u00fcy\u00fck su bask\u0131n\u0131n ya\u015fand\u0131\u011f\u0131 tarihi \u015fehir Venedik\u2019te deniz seviyesi 1.87 metre y\u00fcksekli\u011fe ula\u015fm\u0131\u015ft\u0131. 78 ya\u015f\u0131ndaki bir adam sular alt\u0131nda kalan evinde elektrik \u00e7arpmas\u0131 nedeniyle hayat\u0131n\u0131 kaybetmi\u015fti. Ba\u015fka bir ki\u015finin de yine evini su basmas\u0131 sonucu hayat\u0131n\u0131 kaybetti\u011fi belirtilmi\u015fti.<\/p>\n<p>San Marco Bazilikas\u0131 gibi tarihi mekanlar\u0131n da sular alt\u0131nda kald\u0131\u011f\u0131 kentte yetkililer, hasar tespit \u00e7al\u0131\u015fmalar\u0131na ba\u015flayacak.<\/p>\n<p>\u0130talya Ba\u015fbakan\u0131 Giuseppe Conte, Venedik Belediye Ba\u015fkan\u0131 Luigi Brugnaro ve acil durum yetkilileriyle g\u00f6r\u00fc\u015ft\u00fckten sonra su bask\u0131n\u0131ndan etkilenen i\u015fletmeleri ziyaret etti.<\/p>\n<p>Venedik\u2019te 1966\u2019da su seviyesi 1.94 metreye ula\u015fm\u0131\u015ft\u0131. Yaln\u0131zca 50 bin ki\u015fiye ev sahipli\u011fi yapan Venedik\u2019i her y\u0131l d\u00fcnyan\u0131n d\u00f6rt bir yan\u0131ndan gelen 36 milyon turist ziyaret ediyor.<\/p>\n","protected":false},"excerpt":{"rendered":"<p>\u201cA\u015eIKLAR \u015eEHR\u0130\u201d OLARAK DA B\u0130L\u0130NEN \u0130TALYA\u2019NIN VENED\u0130K KENT\u0130NDE DEN\u0130Z SEV\u0130YES\u0130N BUG\u00dcN 1.30 METRE OLACA\u011eINI BEL\u0130RTEN YETK\u0130L\u0130LER B\u00d6LGE HALKINI VE TUR\u0130STLER\u0130 UYARDI.<\/p>\n","protected":false},"author":1,"featured_media":228240,"comment_status":"closed","ping_status":"open","sticky":false,"template":"","format":"standard","meta":{"jetpack_post_was_ever_published":false,"_jetpack_newsletter_access":"","_jetpack_dont_email_post_to_subs":false,"_jetpack_newsletter_tier_id":0,"_jetpack_memberships_contains_paywalled_content":false,"_jetpack_memberships_contains_paid_content":false,"footnotes":"","jetpack_publicize_message":"","jetpack_publicize_feature_enabled":true,"jetpack_social_post_already_shared":true,"jetpack_social_options":{"image_generator_settings":{"template":"highway","default_image_id":0,"font":"","enabled":false},"version":2}},"categories":[10],"tags":[7385,3114,22018,8534,49068],"class_list":["post-228239","post","type-post","status-publish","format-standard","has-post-thumbnail","hentry","category-dunya","tag-sehri","tag-altinda","tag-asiklar","tag-sular","tag-venedik"],"jetpack_publicize_connections":[],"jetpack_featured_media_url":"https:\/\/i0.wp.com\/www.tvturk.com\/wp-content\/uploads\/2019\/11\/asiklar-sehri-venedik-sular-altinda_2bf907a.jpg?fit=920%2C614","jetpack_sharing_enabled":true,"jetpack_shortlink":"https:\/\/wp.me\/paKIfm-Xnh","_links":{"self":[{"href":"http:\/\/www.tvturk.com\/index.php\/wp-json\/wp\/v2\/posts\/228239","targetHints":{"allow":["GET"]}}],"collection":[{"href":"http:\/\/www.tvturk.com\/index.php\/wp-json\/wp\/v2\/posts"}],"about":[{"href":"http:\/\/www.tvturk.com\/index.php\/wp-json\/wp\/v2\/types\/post"}],"author":[{"embeddable":true,"href":"http:\/\/www.tvturk.com\/index.php\/wp-json\/wp\/v2\/users\/1"}],"replies":[{"embeddable":true,"href":"http:\/\/www.tvturk.com\/index.php\/wp-json\/wp\/v2\/comments?post=228239"}],"version-history":[{"count":0,"href":"http:\/\/www.tvturk.com\/index.php\/wp-json\/wp\/v2\/posts\/228239\/revisions"}],"wp:featuredmedia":[{"embeddable":true,"href":"http:\/\/www.tvturk.com\/index.php\/wp-json\/wp\/v2\/media\/228240"}],"wp:attachment":[{"href":"http:\/\/www.tvturk.com\/index.php\/wp-json\/wp\/v2\/media?parent=228239"}],"wp:term":[{"taxonomy":"category","embeddable":true,"href":"http:\/\/www.tvturk.com\/index.php\/wp-json\/wp\/v2\/categories?post=228239"},{"taxonomy":"post_tag","embeddable":true,"href":"http:\/\/www.tvturk.com\/index.php\/wp-json\/wp\/v2\/tags?post=228239"}],"curies":[{"name":"wp","href":"https:\/\/api.w.org\/{rel}","templated":true}]}}