{"id":228241,"date":"2019-11-14T13:32:11","date_gmt":"2019-11-14T10:32:11","guid":{"rendered":"http:\/\/www.tvturk.com\/index.php\/turkiye-kanada-icin-ticareti-gelistirmede-anahtar-ulke\/"},"modified":"2019-11-14T13:32:11","modified_gmt":"2019-11-14T10:32:11","slug":"turkiye-kanada-icin-ticareti-gelistirmede-anahtar-ulke","status":"publish","type":"post","link":"http:\/\/www.tvturk.com\/index.php\/turkiye-kanada-icin-ticareti-gelistirmede-anahtar-ulke\/","title":{"rendered":"T\u00fcrkiye, Kanada i\u00e7in ticareti geli\u015ftirmede \u2018anahtar\u2019 \u00fclke"},"content":{"rendered":"<p>T\u00fcrkiye ile Kanada aras\u0131nda 3 milyar dolar\u0131n \u00fczerinde seyreden ticaret hacminin art\u0131r\u0131lmas\u0131 amac\u0131yla stratejiler konu\u015fuluyor. \u0130lk etapta sa\u011fl\u0131k, ileri teknolojiler, t\u0131p, madencilik ve giri\u015fimcilik alanlar\u0131na odaklan\u0131l\u0131yor. \u0130ki \u00fclke aras\u0131nda en k\u0131sa s\u00fcrede serbest ticaret anla\u015fmas\u0131n\u0131n imzalanmas\u0131 gereklili\u011fine vurgu yapan alt\u0131n\u0131 \u00e7izen Ticaret Bakan Yard\u0131mc\u0131s\u0131 Gonca Y\u0131lmaz Batur, \u201cHer iki \u00fclke ikili ticareti geli\u015ftirme konusunda \u00e7ok istekli. Kar\u015f\u0131l\u0131kl\u0131 bir ilgi var. Eminim birlikte \u00e7al\u0131\u015fmaya devam edece\u011fiz\u201d dedi.<\/p>\n<p>D\u0131\u015f Ekonomik ili\u015fkiler Kurulu (DE\u0130K) ile Turkey Canada Business Council (CTBC) i\u015f birli\u011fi ile d\u00fczenlene T\u00fcrkiye-Kanada 16. Ortak Y\u0131ll\u0131k Konferans\u0131 \u0130stanbul\u2019da ger\u00e7ekle\u015fiyor. 60\u2019tan fazla Kanadal\u0131 i\u015f insan\u0131n\u0131n kat\u0131l\u0131\u011f\u0131 konferansta iki \u00fclke aras\u0131ndaki ticaret hacminin art\u0131r\u0131lmas\u0131na y\u00f6nelik dirsek temaslar\u0131 yap\u0131l\u0131yor. 2018 y\u0131l sonu itibariyle 3 milyar dolar\u0131 a\u015fan ikili ticaret rakam\u0131n\u0131n art\u0131r\u0131lmas\u0131 amac\u0131yla sa\u011fl\u0131k ve ileri teknolojiler ba\u015fta olmak \u00fczere  inovasyon, t\u0131p, madencilik ve giri\u015fimcilik gibi bir \u00e7ok alana odaklan\u0131l\u0131yor.<\/p>\n<p>Batur: \u201cDaha \u00e7ok ileti\u015fime ihtiyac\u0131m\u0131z var\u201d<\/p>\n<p>Konferans\u0131n a\u00e7\u0131l\u0131\u015f\u0131nda bir konu\u015fma yapan Ticaret Bakan Yard\u0131mc\u0131s\u0131 Gonca Y\u0131lmaz Batur, \u201cBiz ilk T\u00fcrkiye-Kanada ortak ekonomi toplant\u0131s\u0131n\u0131 d\u00fcn ger\u00e7ekle\u015ftirdik. Bu verimli bir toplant\u0131 oldu. Toplant\u0131 esnas\u0131nda son d\u00f6nemdeki geli\u015fmeleri de\u011ferlendirdik. \u00c7e\u015fitli sekt\u00f6rleri detaylar\u0131yla \u00f6zel sekt\u00f6rlerin kat\u0131l\u0131m\u0131yla ger\u00e7ekle\u015ftirdik. Sa\u011fl\u0131k, ileri teknolojiler, inovasyon, ak\u0131ll\u0131 \u015fehirler, t\u0131p, giri\u015fimcilik, madencilik gibi alanlar\u0131 belirledik. Bu i\u015f konseyleri bu gibi alanlara odaklanacak\u201d dedi.<\/p>\n<p>Her iki \u00fclkenin ikili ticareti geli\u015ftirme konusunda \u00e7ok istekli oldu\u011funu vurgulayan Batur, \u201cKar\u015f\u0131l\u0131kl\u0131 bir ilgi var. Eminim birlikte \u00e7al\u0131\u015fmaya devam edece\u011fiz. D\u00fcnya \u00e7ok \u00f6nemli g\u00fcnlerden ge\u00e7iyor maalesef ki korumac\u0131 \u00f6nlemler oldu\u011funu da g\u00f6r\u00fcyoruz. Bunlar\u0131n y\u00fckselmesi d\u00fcnya ticaretinde belki de \u00e7oklu ticaret sistemine zarar verebilir. Bu nedenle b\u00f6lgesel i\u015f komisyonlar\u0131 \u00e7ok \u00f6nemli. Daha \u00e7ok ileti\u015fime ihtiyac\u0131m\u0131z var. B\u00f6ylece yeni geli\u015ftirmeye \u00e7al\u0131\u015ft\u0131\u011f\u0131m\u0131z ili\u015fkiyi olgun hale getirebiliriz\u201d diye konu\u015ftu.<\/p>\n<p>\u201cT\u00fcrkiye b\u00f6lgesel bir merkez\u201d<\/p>\n<p>Batur, T\u00fcrkiye\u2019nin g\u00fc\u00e7l\u00fc altyap\u0131s\u0131 ve stratejileri sayesinde b\u00f6lgesel bir ticaret merkezi haline geldi\u011fini kaydederek \u201cAmac\u0131m\u0131z daha g\u00fc\u00e7l\u00fc ve rekabet\u00e7i i\u015f \u00e7evresi olu\u015fturmak. \u00c7o\u011funuzun bildi\u011fi \u00fczere T\u00fcrkiye serbest bir pazard\u0131r. G\u00fc\u00e7l\u00fc altyap\u0131m\u0131z sayesinde T\u00fcrkiye bir b\u00f6lgesel merkez haline gelmi\u015ftir\u201d diye konu\u015ftu.<\/p>\n<p>\u201c\u0130ki \u00fclke serbest ticaret anla\u015fmas\u0131n\u0131 en k\u0131sa s\u00fcrede imzalamal\u0131d\u0131r\u201d<\/p>\n<p>2018 y\u0131l\u0131nda iki \u00fclke ticaret hacminin 3 milyar dolarlar\u0131 a\u015ft\u0131\u011f\u0131 bilgisini veren Batur, \u201cSon 10 y\u0131lda 3 milyar dolar civar\u0131na ula\u015ft\u0131. \u00dclkelerimizde hala b\u00fcy\u00fck bir potansiyelin var oldu\u011funu d\u00fc\u015f\u00fcn\u00fcyorum. Amac\u0131m\u0131z bu i\u015f birlik alanlar\u0131n\u0131 detayl\u0131 g\u00f6r\u00fc\u015fmek. Bu potansiyeli ortaya \u00e7\u0131karabilmek i\u00e7in iki \u00fclke serbest ticaret anla\u015fmas\u0131n\u0131 en k\u0131sa s\u00fcrede imzalamal\u0131d\u0131r. \u0130\u015f \u00e7evresinde bu daha \u00f6ng\u00f6r\u00fclebilir bir \u00e7evre olu\u015fturacak\u201d \u015feklinde konu\u015ftu.<\/p>\n<p>Okyay: \u201c\u0130ki \u00fclke de ticari art\u0131rmaya y\u00f6nelik hislere sahip\u201d<\/p>\n<p>Konferans\u0131n \u00e7ok verimli ge\u00e7ti\u011fine de\u011finen DE\u0130K T\u00fcrkiye-Kanada \u0130\u015f Konseyi Ba\u015fkan\u0131 Osman Okyay, Kanada\u2019n\u0131n ABD\u2019nin daha korumac\u0131 politikalara d\u00f6nmesiyle farkl\u0131 pazarlarda aray\u0131\u015flara girdi\u011fini belirtti.<\/p>\n<p>Okyay, T\u00fcrkiye\u2019nin bu do\u011frultuda Kanada i\u00e7in iyi bir merkez konumunda bulundu\u011funun alt\u0131n\u0131 \u00e7izerek, \u201cTicarette bir \u00e7e\u015fitlendirme yap\u0131yorlar. Bunu da bir bakanl\u0131k olarak tesis ettiler. \u0130ki g\u00fcn boyunca se\u00e7ilmi\u015f baz\u0131 sekt\u00f6rlerin ticaretinde, kar\u015f\u0131l\u0131kl\u0131 yat\u0131r\u0131mlar\u0131nda ya\u015fanan s\u0131k\u0131nt\u0131lar konu\u015fuldu. Bu sekt\u00f6rlerin ticareti art\u0131rmaya y\u00f6nelik konu\u015fmalar yap\u0131ld\u0131. Bu konuda her iki \u00fclke de ticari art\u0131rmaya y\u00f6nelik hislere sahipler\u201d dedi.<\/p>\n<p>Kanada\u2019n\u0131n ticareti \u00e7e\u015fitlendirme politikas\u0131yla d\u00fcnyaya a\u00e7\u0131ld\u0131\u011f\u0131nda listesinin ilk s\u0131ras\u0131na T\u00fcrkiye\u2019yi yazd\u0131\u011f\u0131n\u0131 dile getiren Okyay, \u201cT\u00fcrkiye\u2019yi \u00e7ok ciddi olarak masaya yat\u0131rd\u0131lar. Kanadal\u0131 firmalar\u0131 T\u00fcrkiye\u2019de i\u015f yapamaya cesaretlendiriyorlar. Son iki sene i\u00e7inde Kanada ile ticaretimiz iki kat artarak 3 milyar dolar\u0131n \u00fczerine \u00e7\u0131kt\u0131. Bu rakam iki \u00fclke i\u00e7in \u00e7ok b\u00fcy\u00fck de\u011fil\u201d diye konu\u015ftu.<\/p>\n<p>Ba\u015fl\u0131ca odaklan\u0131lan sekt\u00f6rlerin sa\u011fl\u0131k ve ileri teknolojiler oldu\u011funu kaydeden Okyay, \u201cT\u00fcrk-Kanada ekonomik ili\u015fkilerinin gelece\u011fi \u00e7ok parlak\u201d dedi.<\/p>\n<p>T\u00fcrkiye \u2018anahtar\u2019 olarak g\u00f6r\u00fcl\u00fcyor<\/p>\n<p>ABD ve Meksika\u2019n\u0131n dahil oldu\u011fu NAFTA \u00e7er\u00e7evesinde ihracat\u0131n\u0131n y\u00fczde 84\u2019\u00fcn\u00fc, toplam ticaretinin de y\u00fczde 80\u2019e yak\u0131n\u0131n\u0131 ABD ile ger\u00e7ekle\u015ftiren Kanada, ABD eksenli tutumunu ve ticaret politikalar\u0131n\u0131 ABD Ba\u015fkan\u0131 Donald Trump y\u00f6netiminin NAFTA\u2019y\u0131 tart\u0131\u015fmaya a\u00e7mas\u0131 ve uzun m\u00fczakereler sonucunda farkl\u0131 ko\u015fullarda ba\u015fka bir ticaret anla\u015fmas\u0131 imzalamas\u0131 \u00fczerine de\u011fi\u015ftirme karar\u0131 alm\u0131\u015ft\u0131.<\/p>\n<p>Kanada, bu \u00e7er\u00e7evede \u00f6ncelikle Avrupa Birli\u011fi ile Serbest Ticaret Anla\u015fmas\u0131 (STA) imzalayarak daha \u00f6nce \u00e7ok yo\u011fun ticaret ili\u015fkisi olmayan Do\u011fu Avrupa, Orta Asya, Kafkaslar \u00f6zellikle MENA b\u00f6lgesine (Kuzey Afrika ve Orta Do\u011fu) y\u00f6nelmeyi hedefliyor. Halihaz\u0131rda bu b\u00f6lgelerde \u00e7ok fazla tecr\u00fcbesi olmayan Kanada i\u00e7in ticaret ve yat\u0131r\u0131m anlam\u0131nda tan\u0131d\u0131k bir \u00fclke olan T\u00fcrkiye, merkez olarak konumland\u0131r\u0131labilir durumda bulunuyor.<\/p>\n","protected":false},"excerpt":{"rendered":"<p>T\u00dcRK\u0130YE KANADA<\/p>\n","protected":false},"author":1,"featured_media":228242,"comment_status":"closed","ping_status":"open","sticky":false,"template":"","format":"standard","meta":{"jetpack_post_was_ever_published":false,"_jetpack_newsletter_access":"","_jetpack_dont_email_post_to_subs":false,"_jetpack_newsletter_tier_id":0,"_jetpack_memberships_contains_paywalled_content":false,"_jetpack_memberships_contains_paid_content":false,"footnotes":"","jetpack_publicize_message":"","jetpack_publicize_feature_enabled":true,"jetpack_social_post_already_shared":true,"jetpack_social_options":{"image_generator_settings":{"template":"highway","default_image_id":0,"font":"","enabled":false},"version":2}},"categories":[19],"tags":[2387,29476,44,33897,2257,453,7684],"class_list":["post-228241","post","type-post","status-publish","format-standard","has-post-thumbnail","hentry","category-ekonomi","tag-anahtar","tag-gelistirmede","tag-icin","tag-kanada","tag-ticareti","tag-turkiye","tag-ulke"],"jetpack_publicize_connections":[],"jetpack_featured_media_url":"https:\/\/i0.wp.com\/www.tvturk.com\/wp-content\/uploads\/2019\/11\/turkiye-kanada-icin-ticareti-gelistirmede-anahtar-ulke_f66ddb7.jpg?fit=1000%2C465","jetpack_sharing_enabled":true,"jetpack_shortlink":"https:\/\/wp.me\/paKIfm-Xnj","_links":{"self":[{"href":"http:\/\/www.tvturk.com\/index.php\/wp-json\/wp\/v2\/posts\/228241","targetHints":{"allow":["GET"]}}],"collection":[{"href":"http:\/\/www.tvturk.com\/index.php\/wp-json\/wp\/v2\/posts"}],"about":[{"href":"http:\/\/www.tvturk.com\/index.php\/wp-json\/wp\/v2\/types\/post"}],"author":[{"embeddable":true,"href":"http:\/\/www.tvturk.com\/index.php\/wp-json\/wp\/v2\/users\/1"}],"replies":[{"embeddable":true,"href":"http:\/\/www.tvturk.com\/index.php\/wp-json\/wp\/v2\/comments?post=228241"}],"version-history":[{"count":0,"href":"http:\/\/www.tvturk.com\/index.php\/wp-json\/wp\/v2\/posts\/228241\/revisions"}],"wp:featuredmedia":[{"embeddable":true,"href":"http:\/\/www.tvturk.com\/index.php\/wp-json\/wp\/v2\/media\/228242"}],"wp:attachment":[{"href":"http:\/\/www.tvturk.com\/index.php\/wp-json\/wp\/v2\/media?parent=228241"}],"wp:term":[{"taxonomy":"category","embeddable":true,"href":"http:\/\/www.tvturk.com\/index.php\/wp-json\/wp\/v2\/categories?post=228241"},{"taxonomy":"post_tag","embeddable":true,"href":"http:\/\/www.tvturk.com\/index.php\/wp-json\/wp\/v2\/tags?post=228241"}],"curies":[{"name":"wp","href":"https:\/\/api.w.org\/{rel}","templated":true}]}}