{"id":228299,"date":"2019-11-14T14:33:25","date_gmt":"2019-11-14T11:33:25","guid":{"rendered":"http:\/\/www.tvturk.com\/index.php\/loris-karius-turkiyede-en-begendigim-futbolcu-burak-yilmaz\/"},"modified":"2019-11-14T14:33:25","modified_gmt":"2019-11-14T11:33:25","slug":"loris-karius-turkiyede-en-begendigim-futbolcu-burak-yilmaz","status":"publish","type":"post","link":"http:\/\/www.tvturk.com\/index.php\/loris-karius-turkiyede-en-begendigim-futbolcu-burak-yilmaz\/","title":{"rendered":"Loris Karius: &#8220;T\u00fcrkiye\u2019de en be\u011fendi\u011fim futbolcu Burak Y\u0131lmaz&#8221;"},"content":{"rendered":"<p>Be\u015fikta\u015f\u2019\u0131n Alman file bek\u00e7isi Loris Karius, Brands&amp;Sports Summit 2019\u2019a konu\u015fmac\u0131 olarak kat\u0131ld\u0131. T\u00fcrkiye\u2019de en be\u011fendi\u011fi futbolcunun Burak Y\u0131lmaz oldu\u011funu s\u00f6yleyen 26 ya\u015f\u0131ndaki kaleci, futboldan sonra en sevdi\u011fi sporun ise basketbol oldu\u011funu ifade etti.<\/p>\n<p>Brands&amp;Sports Summit 2019\u2019a konu\u015fmac\u0131 olarak kat\u0131lan Be\u015fikta\u015f\u2019\u0131n Alman kalecisi Karius, hakk\u0131nda bilinmeyenleri a\u00e7\u0131klad\u0131. \u00d6ncelikle ge\u00e7ti\u011fimiz sezon ald\u0131\u011f\u0131 Almanya Futbol El\u00e7isi \u00f6d\u00fcl\u00fcyle ilgili konu\u015fan Karius, &#8220;Yurt d\u0131\u015f\u0131nda oynayan Alman oyuncular\u0131n ald\u0131\u011f\u0131 bir \u00f6d\u00fcl. Almanya\u2019y\u0131 nas\u0131l temsil etti\u011finle alakal\u0131 bir \u00f6d\u00fcl. Hayranlar\u0131n takdiriyle al\u0131n\u0131yor Onlar\u0131n takdiriyle ald\u0131m bu \u00f6d\u00fcl\u00fc, hepsine te\u015fekk\u00fcr ediyorum&#8221; dedi.<\/p>\n<p>&#8220;Modaya ilgim var&#8221;<\/p>\n<p>Sporda ini\u015f ve \u00e7\u0131k\u0131\u015flar\u0131n oldu\u011funu ve futbolda bunu tak\u0131m olarak ya\u015fad\u0131klar\u0131n\u0131 s\u00f6yleyen Karius, ad\u0131n\u0131n s\u00f6ylendi\u011fi zaman da akla futbolun gelmesini istedi\u011fini belirterek, &#8220;Kendi ad\u0131ma her t\u00fcrl\u00fc yenili\u011fe a\u00e7\u0131\u011f\u0131m. Yurt d\u0131\u015f\u0131na gitmek i\u00e7in 16 ya\u015f\u0131nda evden ayr\u0131ld\u0131m. 26 ya\u015f\u0131nday\u0131m. Modaya ilgim var, yeni bir \u015feyler deniyorum bununla ilgili. M\u00fczikle de ilgileniyorum. Futbolu \u00e7ok seviyorum, seyahatler de ilgimi \u00e7ekiyor. \u0130leride birilerine bir \u015feyler satmakla ilgili d\u00fc\u015f\u00fcncem yok. Bir \u015fey tasarlarsam arkas\u0131nda durmam gerekiyor. Bu nedenle futboldan sonra yine futbolun i\u00e7inde kalmay\u0131 d\u00fc\u015f\u00fcnebilirim. Stilistim yok, haz\u0131rlanmam uzun da s\u00fcrmez. Sabah kalk\u0131p neyin i\u00e7inde rahat edeceksem onu giyerim. \u0130nsanlara da s\u00f6ylerim, neyin i\u00e7inde rahat ediyorsan\u0131z onu giyinin diye. Tabii ki giyinddi\u011fim benim i\u00e7in \u00f6nemli ama ba\u015fkalar\u0131n\u0131 kopyalam\u0131yorum. \u0130nsanlar bazen \u2019bu \u00e7ok ho\u015f durmu\u015f\u2019 diyor ama ba\u015fkas\u0131n\u0131 taklit etmeden giyiniyorum. Ben asl\u0131nda rahat bir tipim&#8221; diye konu\u015ftu.<\/p>\n<p>&#8220;Basketbolu seviyorum&#8221;<\/p>\n<p>Birka\u00e7 basketbol oyuncusuyla tan\u0131\u015ft\u0131\u011f\u0131n\u0131 s\u00f6yleyen 26 ya\u015f\u0131ndaki futbolcu, &#8220;En sevdi\u011fim sporlardan birisi ama ben her t\u00fcrl\u00fc sporla ilgiliyim. Tenis de inan\u0131lmaz bir spor. Konsantre olmu\u015f iki insan b\u00fcy\u00fck bir m\u00fccadele g\u00f6steriyor. B\u00fct\u00fcn sporcular\u0131n en iyi olmak i\u00e7in yapt\u0131klar\u0131 m\u00fccadeleler bana ilham veriyor. Futboldan sonra basketbolu seviyorum \u00e7\u00fcnk\u00fc \u00e7ok h\u0131zl\u0131 oynanan bir oyun. NBA finaline gitmi\u015ftim haziran ay\u0131nda inan\u0131lmaz bir deneyim oldu&#8221; a\u00e7\u0131klamas\u0131n\u0131 yapt\u0131.<\/p>\n<p>&#8220;T\u00fcrkiye\u2019de ma\u00e7lar hep ak\u015fam oynan\u0131yor&#8221;<\/p>\n<p>Kar\u015f\u0131la\u015fmalardan \u00f6nce bir rutini olup olmamas\u0131yla ilgili konu\u015fan Alman kaleci, &#8220;T\u00fcrkiye\u2019de durum farkl\u0131 \u00e7\u00fcnk\u00fc hep ak\u015fam oynuyoruz. \u0130ngiltere\u2019de ma\u00e7lar \u00f6\u011flendi. Bana ilgin\u00e7 geldi sadece ak\u015fam oynamak. B\u00f6yle olunca rutin de de\u011fi\u015fiyor. Bir de ma\u00e7tan \u00f6nce evde kalm\u0131yorsunuz. Liverpool\u2019da erken oynuyorsak otelde, ge\u00e7 saatte oynuyorsak evde kal\u0131yorduk. Ama burda da odan\u0131z\u0131 kendinize g\u00f6re dekore ediyorsunuz. Kitap okuyorum, 1saat daha uyuyorum. Bir tak\u0131m al\u0131\u015fkanl\u0131klar da var, mesela sol eldiveni daha \u00f6nce takmak gibi. 200\u2019\u00fcn \u00fczerinde profesyonel ma\u00e7 oynad\u0131m ve her hafta ayn\u0131 heyecan\u0131 ya\u015f\u0131yorum. Sanki her zaman ilk ma\u00e7\u0131m gibi oldu\u011fundan bir rutinim yok. Ama 8-9 saat mutlaka uyumal\u0131 ve rahat bir g\u00fcn ge\u00e7irmelisiniz&#8221; diyerek devam etti.<\/p>\n<p>&#8220;En be\u011fendi\u011fim oyuncu Burak Y\u0131lmaz&#8221;<\/p>\n<p>Sosyal medta hesaplar\u0131n\u0131 kendisinin y\u00f6netti\u011fini s\u00f6yleyen Karius, &#8220;Benim i\u00e7in yaz\u0131 yazan ya da foto\u011fraf koyan bir ekip yok. Kendim karar veriyorum koyaca\u011f\u0131m foto\u011fraflara. Belki bir arkada\u015f\u0131ma sorar\u0131m nas\u0131l diye. Birilerinin bana \u015funu koy, bunu koy demesini istemem. Zaten o zaman benim hesab\u0131m olmaz ki. Kimseye dan\u0131\u015ft\u0131\u011f\u0131m bir \u015fey yok, rahat\u0131m o konuda&#8221; dedi. \u0130stanbul\u2019daki hayat\u0131ndan da bahseden Karius, &#8220;\u0130lk senemde Avrupa yakas\u0131nda \u015fimdi Asya yakas\u0131nda oturuyorum. \u00d6nceden merkezde kalabal\u0131ktayd\u0131m \u015fimdi daha sakin bir yerdeyim. \u0130ki yaka da \u00e7ok g\u00fczel. Ke\u015ffedecek o kadar \u00e7ok yet var ki. Yemekleri seviyorum, \u00e7ok alternatif var. Arkada\u015flarla ak\u015fam yeme\u011fine bile giderek \u00e7ok g\u00fczel vakit ge\u00e7iyor. Genelde evdeyimdir, evim \u00e7ok rahat. Kendi kendime kalmay\u0131 da seviyorum, d\u0131\u015far\u0131 \u00e7\u0131k\u0131p arkada\u015flar\u0131mla olmay\u0131 da seviyorum. Benim ya\u015f\u0131mdaki insanlar ne yaparsa ben de onu yap\u0131yorum&#8221; diye konu\u015ftu. T\u00fcrkiye\u2019de en be\u011fendi\u011fi futbolcu hakk\u0131nda da konu\u015fan ba\u015far\u0131l\u0131 file bek\u00e7isi, &#8220;\u00c7ok zor soru. \u0130yi oyuncular var. Mesela kaptan\u0131m\u0131z Burak Y\u0131lmaz. Harika bir lider. Herkesin sayg\u0131 duydu\u011fu, s\u00f6z\u00fcn\u00fc dinledi\u011fi bir oyuncu. Tavsiye ald\u0131\u011f\u0131m, sohbet edebilece\u011fim bir insan. Bizim tak\u0131mda oldu\u011fu i\u00e7in \u00e7ok mutluyum&#8221; ifadelerini kulland\u0131.<\/p>\n<p>Karius son olarak kariyerini futbolda s\u00fcrd\u00fcrmek istedi\u011fini belirterek, &#8220;Tabii ki futbolun i\u00e7inde kalmak isterim ama ba\u015fka ilgilendi\u011fim alanlar da var. Hen\u00fcz bilmiyorum futbolculuktan sonras\u0131n\u0131. Daha uzun senelerim var, belki ba\u015fka \u015feyler de ilgimi \u00e7ekebilir. \u015eu anda kariyerimin tad\u0131n\u0131 \u00e7\u0131kar\u0131yorum. Umar\u0131m uzun s\u00fcre sakatlanmadan \u00fcst d\u00fczey futbol oynayabilirim&#8221; diyerek s\u00f6zlerini tamamlad\u0131.<\/p>\n","protected":false},"excerpt":{"rendered":"<p>BE\u015e\u0130KTA\u015e&#8217;IN ALMAN F\u0130LE BEK\u00c7\u0130S\u0130 LOR\u0130S KAR\u0130US, BRANDS&amp;SPORTS SUMM\u0130T 2019&#8217;A KONU\u015eMACI OLARAK KATILDI. T\u00dcRK\u0130YE&#8217;DE EN BE\u011eEND\u0130\u011e\u0130 FUTBOLCUNUN BURAK YILMAZ OLDU\u011eUNU S\u00d6YLEYEN 26 YA\u015eINDAK\u0130 KALEC\u0130, FUTBOLDAN SONRA EN SEVD\u0130\u011e\u0130 SPORUN \u0130SE BASKETBOL OLDU\u011eUNU \u0130FADE ETT\u0130.<\/p>\n","protected":false},"author":1,"featured_media":228300,"comment_status":"closed","ping_status":"open","sticky":false,"template":"","format":"standard","meta":{"jetpack_post_was_ever_published":false,"_jetpack_newsletter_access":"","_jetpack_dont_email_post_to_subs":false,"_jetpack_newsletter_tier_id":0,"_jetpack_memberships_contains_paywalled_content":false,"_jetpack_memberships_contains_paid_content":false,"footnotes":"","jetpack_publicize_message":"","jetpack_publicize_feature_enabled":true,"jetpack_social_post_already_shared":true,"jetpack_social_options":{"image_generator_settings":{"template":"highway","default_image_id":0,"font":"","enabled":false},"version":2}},"categories":[657],"tags":[57500,7932,4599,46484,57499,2383,4688],"class_list":["post-228299","post","type-post","status-publish","format-standard","has-post-thumbnail","hentry","category-spor","tag-begendigim","tag-burak","tag-futbolcu","tag-karius","tag-loris","tag-turkiyede","tag-yilmaz"],"jetpack_publicize_connections":[],"jetpack_featured_media_url":"https:\/\/i0.wp.com\/www.tvturk.com\/wp-content\/uploads\/2019\/11\/loris-karius-turkiyede-en-begendigim-futbolcu-burak-yilmaz_2671f89.jpg?fit=1000%2C599","jetpack_sharing_enabled":true,"jetpack_shortlink":"https:\/\/wp.me\/paKIfm-Xof","_links":{"self":[{"href":"http:\/\/www.tvturk.com\/index.php\/wp-json\/wp\/v2\/posts\/228299","targetHints":{"allow":["GET"]}}],"collection":[{"href":"http:\/\/www.tvturk.com\/index.php\/wp-json\/wp\/v2\/posts"}],"about":[{"href":"http:\/\/www.tvturk.com\/index.php\/wp-json\/wp\/v2\/types\/post"}],"author":[{"embeddable":true,"href":"http:\/\/www.tvturk.com\/index.php\/wp-json\/wp\/v2\/users\/1"}],"replies":[{"embeddable":true,"href":"http:\/\/www.tvturk.com\/index.php\/wp-json\/wp\/v2\/comments?post=228299"}],"version-history":[{"count":0,"href":"http:\/\/www.tvturk.com\/index.php\/wp-json\/wp\/v2\/posts\/228299\/revisions"}],"wp:featuredmedia":[{"embeddable":true,"href":"http:\/\/www.tvturk.com\/index.php\/wp-json\/wp\/v2\/media\/228300"}],"wp:attachment":[{"href":"http:\/\/www.tvturk.com\/index.php\/wp-json\/wp\/v2\/media?parent=228299"}],"wp:term":[{"taxonomy":"category","embeddable":true,"href":"http:\/\/www.tvturk.com\/index.php\/wp-json\/wp\/v2\/categories?post=228299"},{"taxonomy":"post_tag","embeddable":true,"href":"http:\/\/www.tvturk.com\/index.php\/wp-json\/wp\/v2\/tags?post=228299"}],"curies":[{"name":"wp","href":"https:\/\/api.w.org\/{rel}","templated":true}]}}