{"id":228301,"date":"2019-11-14T14:33:31","date_gmt":"2019-11-14T11:33:31","guid":{"rendered":"http:\/\/www.tvturk.com\/index.php\/yusuf-gunay-her-zamanki-heyecanimizla-gorevimizin-basindayiz\/"},"modified":"2019-11-14T14:33:31","modified_gmt":"2019-11-14T11:33:31","slug":"yusuf-gunay-her-zamanki-heyecanimizla-gorevimizin-basindayiz","status":"publish","type":"post","link":"http:\/\/www.tvturk.com\/index.php\/yusuf-gunay-her-zamanki-heyecanimizla-gorevimizin-basindayiz\/","title":{"rendered":"Yusuf G\u00fcnay: &#8220;Her zamanki heyecan\u0131m\u0131zla g\u00f6revimizin ba\u015f\u0131nday\u0131z&#8221;"},"content":{"rendered":"<p>Galatasaray Ba\u015fkan Yard\u0131mc\u0131s\u0131 Yusuf G\u00fcnay, tedbir karar\u0131 devam etti\u011finden se\u00e7im karar\u0131 alma zorunluluklar\u0131n\u0131n olmad\u0131\u011f\u0131n\u0131 belirterek, her zamanki heyecanlar\u0131yla g\u00f6revlerinin ba\u015f\u0131nda olduklar\u0131n\u0131 s\u00f6yledi.<\/p>\n<p>Galatasaray Ba\u015fkan Yard\u0131mc\u0131s\u0131 Yusuf G\u00fcnay, bug\u00fcn g\u00f6r\u00fclen davan\u0131n ard\u0131ndan sosyal medya hesab\u0131ndan a\u00e7\u0131klamalarda bulundu. G\u00fcnay, &#8220;14. Asliye Hukuk Mahkemesinde idari ibras\u0131zl\u0131\u011f\u0131n iptali i\u00e7in a\u00e7t\u0131\u011f\u0131m\u0131z dava kapsam\u0131nda y\u00f6netim kurulu \u00fcyelerimiz i\u00e7in verilmi\u015f bulunan tedbir karar\u0131 devam etti\u011finden se\u00e7im karar\u0131 alma zorunlulu\u011fu yoktur, her zamanki heyecan\u0131m\u0131zla g\u00f6revimizin ba\u015f\u0131nday\u0131z&#8221; dedi.<\/p>\n","protected":false},"excerpt":{"rendered":"<p>GALATASARAY BA\u015eKAN YARDIMCISI YUSUF G\u00dcNAY, TEDB\u0130R KARARI DEVAM ETT\u0130\u011e\u0130NDEN SE\u00c7\u0130M KARARI ALMA ZORUNLULUKLARININ OLMADI\u011eINI BEL\u0130RTEREK, HER ZAMANK\u0130 HEYECANLARIYLA G\u00d6REVLER\u0130N\u0130N BA\u015eINDA OLDUKLARINI S\u00d6YLED\u0130.<\/p>\n","protected":false},"author":1,"featured_media":228302,"comment_status":"closed","ping_status":"open","sticky":false,"template":"","format":"standard","meta":{"jetpack_post_was_ever_published":false,"_jetpack_newsletter_access":"","_jetpack_dont_email_post_to_subs":false,"_jetpack_newsletter_tier_id":0,"_jetpack_memberships_contains_paywalled_content":false,"_jetpack_memberships_contains_paid_content":false,"footnotes":"","jetpack_publicize_message":"","jetpack_publicize_feature_enabled":true,"jetpack_social_post_already_shared":true,"jetpack_social_options":{"image_generator_settings":{"template":"highway","default_image_id":0,"font":"","enabled":false},"version":2}},"categories":[657],"tags":[54671,14953,30472,73,57502,5292,57501],"class_list":["post-228301","post","type-post","status-publish","format-standard","has-post-thumbnail","hentry","category-spor","tag-gorevimizin","tag-basindayiz","tag-gunay","tag-her","tag-heyecanimizla","tag-yusuf","tag-zamanki"],"jetpack_publicize_connections":[],"jetpack_featured_media_url":"https:\/\/i0.wp.com\/www.tvturk.com\/wp-content\/uploads\/2019\/11\/yusuf-gunay-her-zamanki-heyecanimizla-gorevimizin-basindayiz_340bcb6.jpg?fit=606%2C340","jetpack_sharing_enabled":true,"jetpack_shortlink":"https:\/\/wp.me\/paKIfm-Xoh","_links":{"self":[{"href":"http:\/\/www.tvturk.com\/index.php\/wp-json\/wp\/v2\/posts\/228301","targetHints":{"allow":["GET"]}}],"collection":[{"href":"http:\/\/www.tvturk.com\/index.php\/wp-json\/wp\/v2\/posts"}],"about":[{"href":"http:\/\/www.tvturk.com\/index.php\/wp-json\/wp\/v2\/types\/post"}],"author":[{"embeddable":true,"href":"http:\/\/www.tvturk.com\/index.php\/wp-json\/wp\/v2\/users\/1"}],"replies":[{"embeddable":true,"href":"http:\/\/www.tvturk.com\/index.php\/wp-json\/wp\/v2\/comments?post=228301"}],"version-history":[{"count":0,"href":"http:\/\/www.tvturk.com\/index.php\/wp-json\/wp\/v2\/posts\/228301\/revisions"}],"wp:featuredmedia":[{"embeddable":true,"href":"http:\/\/www.tvturk.com\/index.php\/wp-json\/wp\/v2\/media\/228302"}],"wp:attachment":[{"href":"http:\/\/www.tvturk.com\/index.php\/wp-json\/wp\/v2\/media?parent=228301"}],"wp:term":[{"taxonomy":"category","embeddable":true,"href":"http:\/\/www.tvturk.com\/index.php\/wp-json\/wp\/v2\/categories?post=228301"},{"taxonomy":"post_tag","embeddable":true,"href":"http:\/\/www.tvturk.com\/index.php\/wp-json\/wp\/v2\/tags?post=228301"}],"curies":[{"name":"wp","href":"https:\/\/api.w.org\/{rel}","templated":true}]}}