{"id":228333,"date":"2019-11-14T15:04:04","date_gmt":"2019-11-14T12:04:04","guid":{"rendered":"http:\/\/www.tvturk.com\/index.php\/loris-karius-gecen-sezon-savunma-organizasyonumuz-kotuydu\/"},"modified":"2019-11-14T15:04:04","modified_gmt":"2019-11-14T12:04:04","slug":"loris-karius-gecen-sezon-savunma-organizasyonumuz-kotuydu","status":"publish","type":"post","link":"http:\/\/www.tvturk.com\/index.php\/loris-karius-gecen-sezon-savunma-organizasyonumuz-kotuydu\/","title":{"rendered":"Loris Karius: &#8220;Ge\u00e7en sezon savunma organizasyonumuz k\u00f6t\u00fcyd\u00fc&#8221;"},"content":{"rendered":"<p>Be\u015fikta\u015f\u2019\u0131n Alman file bek\u00e7isi Loris Karius, g\u00fcndeme dair a\u00e7\u0131klamalarda bulundu. Ge\u00e7ti\u011fimiz sezon ele\u015ftirilmesinin sebebi olarak tak\u0131m savunma organizasyonunun k\u00f6t\u00fc oldu\u011funu s\u00f6yleyen Karius, s\u00f6zle\u015fmesiyle ilgili olarak da konu\u015fman\u0131n erken oldu\u011funu ifade etti.<\/p>\n<p>Be\u015fikta\u015f\u2019\u0131n 26 ya\u015f\u0131ndaki kalecisi Loris Karius, Brands&amp;Sports Summit 2019\u2019da kat\u0131l\u0131mc\u0131 olarak yer al\u0131rken, \u00e7\u0131k\u0131\u015fta bas\u0131n mensuplar\u0131n\u0131n sorular\u0131n\u0131 yan\u0131tlad\u0131. Organizasyonda futbol d\u0131\u015f\u0131nda bir\u00e7ok konuya de\u011findiklerini s\u00f6yleyen Karius, &#8220;\u0130nsanlar\u0131n beni futbol d\u0131\u015f\u0131nda da tan\u0131mas\u0131 i\u00e7in \u00f6nemli ve iyi bir f\u0131rsat oldu. O y\u00fczden burada olmaktan mutluyum&#8221; diye konu\u015ftu.<\/p>\n<p>&#8220;Ge\u00e7en sezon savunma organizasyonumuz yoktu&#8221;<\/p>\n<p>Ge\u00e7ti\u011fimiz sezon yedi\u011fi goller nedeniyle bir\u00e7ok ele\u015ftiri alan Alman kaleci, &#8220;Ge\u00e7ti\u011fimiz sezon savunma anlam\u0131nda organizasyonumuz yoktu ve planlamam\u0131z iyi de\u011fildi. O duruma hangi kaleciyi koysan\u0131z benzer sonu\u00e7lar elde ederdi. \u0130kinci yar\u0131da iyi bir performans sergiledi\u011fimi d\u00fc\u015f\u00fcn\u00fcyorum. Hatta kurtar\u0131\u015flar\u0131mla bir\u00e7ok puan kazand\u0131rd\u0131\u011f\u0131m\u0131 da d\u00fc\u015f\u00fcn\u00fcyorum. Bu sene de planl\u0131 bir savunmayla daha iyi bir performans sergiliyorum&#8221; a\u00e7\u0131klamalar\u0131n\u0131 yapt\u0131.<\/p>\n<p>&#8220;S\u00f6zle\u015fme konu\u015fmak i\u00e7in erken&#8221;<\/p>\n<p>Sezon sonunda bitecek olan s\u00f6zle\u015fmesiyle ilgili sorulan soruyu yan\u0131tlayan Karius, &#8220;\u015eu anda kas\u0131m ay\u0131nday\u0131z ve s\u00f6zle\u015fmeyle ilgili d\u00fc\u015f\u00fcnm\u00fcyorum. Futbola odakland\u0131m ve may\u0131s ay\u0131na kadar s\u00fcrecek bir sezon var. Sezon sonuna kadar sadece futbola konsantre olaca\u011f\u0131m ve zaman\u0131 geldi\u011finde masaya oturup en iyi plan\u0131 tart\u0131\u015faca\u011f\u0131z&#8221; dedi. Son olarak Abdullah Avc\u0131\u2019n\u0131n kendisini kan\u0131tlam\u0131\u015f bir isim oldu\u011funu s\u00f6yleyen Karius, &#8220;Ge\u00e7ti\u011fimiz sezon hocam\u0131z Ba\u015fak\u015fehir\u2019de iyi bir performans sergiledi. Bu sezon bir adaptasyon s\u00fcreci oldu ilk ba\u015fta ama \u015fu anda b\u00fct\u00fcn tak\u0131m birbirine \u0131s\u0131nd\u0131 ve adapte oldu. Bu durum da performans\u0131m\u0131za yans\u0131d\u0131&#8221; diyerek s\u00f6zlerini tamamlad\u0131.<\/p>\n","protected":false},"excerpt":{"rendered":"<p>BE\u015e\u0130KTA\u015e\u2019IN ALMAN F\u0130LE BEK\u00c7\u0130S\u0130 LOR\u0130S KAR\u0130US, G\u00dcNDEME DA\u0130R A\u00c7IKLAMALARDA BULUNDU. GE\u00c7T\u0130\u011e\u0130M\u0130Z SEZON ELE\u015eT\u0130R\u0130LMES\u0130N\u0130N SEBEB\u0130 OLARAK TAKIM SAVUNMA ORGAN\u0130ZASYONUNUN K\u00d6T\u00dc OLDU\u011eUNU S\u00d6YLEYEN KAR\u0130US, S\u00d6ZLE\u015eMES\u0130YLE \u0130LG\u0130L\u0130 OLARAK DA KONU\u015eMANIN ERKEN OLDU\u011eUNU \u0130FADE ETT\u0130.<\/p>\n","protected":false},"author":1,"featured_media":228334,"comment_status":"closed","ping_status":"open","sticky":false,"template":"","format":"standard","meta":{"jetpack_post_was_ever_published":false,"_jetpack_newsletter_access":"","_jetpack_dont_email_post_to_subs":false,"_jetpack_newsletter_tier_id":0,"_jetpack_memberships_contains_paywalled_content":false,"_jetpack_memberships_contains_paid_content":false,"footnotes":"","jetpack_publicize_message":"","jetpack_publicize_feature_enabled":true,"jetpack_social_post_already_shared":true,"jetpack_social_options":{"image_generator_settings":{"template":"highway","default_image_id":0,"font":"","enabled":false},"version":2}},"categories":[657],"tags":[3436,46484,57507,57499,57506,33,4954],"class_list":["post-228333","post","type-post","status-publish","format-standard","has-post-thumbnail","hentry","category-spor","tag-gecen","tag-karius","tag-kotuydu","tag-loris","tag-organizasyonumuz","tag-savunma","tag-sezon"],"jetpack_publicize_connections":[],"jetpack_featured_media_url":"https:\/\/i0.wp.com\/www.tvturk.com\/wp-content\/uploads\/2019\/11\/loris-karius-gecen-sezon-savunma-organizasyonumuz-kotuydu_fe13a5d.jpg?fit=1000%2C683","jetpack_sharing_enabled":true,"jetpack_shortlink":"https:\/\/wp.me\/paKIfm-XoN","_links":{"self":[{"href":"http:\/\/www.tvturk.com\/index.php\/wp-json\/wp\/v2\/posts\/228333","targetHints":{"allow":["GET"]}}],"collection":[{"href":"http:\/\/www.tvturk.com\/index.php\/wp-json\/wp\/v2\/posts"}],"about":[{"href":"http:\/\/www.tvturk.com\/index.php\/wp-json\/wp\/v2\/types\/post"}],"author":[{"embeddable":true,"href":"http:\/\/www.tvturk.com\/index.php\/wp-json\/wp\/v2\/users\/1"}],"replies":[{"embeddable":true,"href":"http:\/\/www.tvturk.com\/index.php\/wp-json\/wp\/v2\/comments?post=228333"}],"version-history":[{"count":0,"href":"http:\/\/www.tvturk.com\/index.php\/wp-json\/wp\/v2\/posts\/228333\/revisions"}],"wp:featuredmedia":[{"embeddable":true,"href":"http:\/\/www.tvturk.com\/index.php\/wp-json\/wp\/v2\/media\/228334"}],"wp:attachment":[{"href":"http:\/\/www.tvturk.com\/index.php\/wp-json\/wp\/v2\/media?parent=228333"}],"wp:term":[{"taxonomy":"category","embeddable":true,"href":"http:\/\/www.tvturk.com\/index.php\/wp-json\/wp\/v2\/categories?post=228333"},{"taxonomy":"post_tag","embeddable":true,"href":"http:\/\/www.tvturk.com\/index.php\/wp-json\/wp\/v2\/tags?post=228333"}],"curies":[{"name":"wp","href":"https:\/\/api.w.org\/{rel}","templated":true}]}}