{"id":228635,"date":"2019-11-15T12:02:16","date_gmt":"2019-11-15T09:02:16","guid":{"rendered":"http:\/\/www.tvturk.com\/index.php\/yildiz-holdingden-bist-surdurulebilirlik-endeksine-iki-yeni-sirket\/"},"modified":"2019-11-15T12:02:16","modified_gmt":"2019-11-15T09:02:16","slug":"yildiz-holdingden-bist-surdurulebilirlik-endeksine-iki-yeni-sirket","status":"publish","type":"post","link":"http:\/\/www.tvturk.com\/index.php\/yildiz-holdingden-bist-surdurulebilirlik-endeksine-iki-yeni-sirket\/","title":{"rendered":"Y\u0131ld\u0131z Holding\u2019den BIST S\u00fcrd\u00fcr\u00fclebilirlik Endeksi\u2019ne iki yeni \u015firket"},"content":{"rendered":"<p>Y\u0131ld\u0131z Holding\u2019in iki \u015firketi Kerevita\u015f ve \u015eok Marketler, Borsa \u0130stanbul\u2019da i\u015flem g\u00f6ren \u015firketlerin kurumsal s\u00fcrd\u00fcr\u00fclebilirlik performanslar\u0131n\u0131n \u00f6l\u00e7\u00fcld\u00fc\u011f\u00fc BIST S\u00fcrd\u00fcr\u00fclebilirlik Endeksi\u2019ne girdi.<\/p>\n<p>Y\u0131ld\u0131z Holding S\u00fcrd\u00fcr\u00fclebilirlik Platformu\u2019nun \u00f6nc\u00fcl\u00fc\u011f\u00fcnde y\u00fcr\u00fct\u00fclen \u00e7al\u0131\u015fmalar sonucunda \u00dclker Bisk\u00fcvi bu sene 5. defa, Kerevita\u015f ve \u015eok Marketler ise s\u00fcrd\u00fcr\u00fclebilirlik \u00e7al\u0131\u015fmalar\u0131n\u0131 ilk kez BIST S\u00fcrd\u00fcr\u00fclebilirlik Endeksi\u2019ne ta\u015f\u0131may\u0131 ba\u015fard\u0131. 2015 y\u0131l\u0131nda BIST S\u00fcrd\u00fcr\u00fclebilirlik Endeksi\u2019ne \u00dclker Bisk\u00fcviyle kabul edilen Y\u0131ld\u0131z Holding, Kerevita\u015f ve \u015eok \u015firketlerindeki s\u00fcrd\u00fcr\u00fclebilirlik \u00e7al\u0131\u015fmalar\u0131yla bu endekste \u00fc\u00e7 ayr\u0131 \u015firket ile temsil edilme ba\u015far\u0131s\u0131 g\u00f6sterdi.<\/p>\n<p>Y\u0131ld\u0131z Holding S\u00fcrd\u00fcr\u00fclebilirlik Genel M\u00fcd\u00fcr\u00fc Beg\u00fcm Mutu\u015f, k\u00fcresel \u00f6l\u00e7ekte s\u00fcrd\u00fcr\u00fclebilirlik vizyonunu yakalayabilmek amac\u0131yla Y\u0131ld\u0131z Holding S\u00fcrd\u00fcr\u00fclebilirlik Platformu\u2019nu kurduklar\u0131n\u0131 hat\u0131rlatarak, \u201c2014 y\u0131l\u0131nda \u00dclker Bisk\u00fcvi ile ba\u015flatt\u0131\u011f\u0131m\u0131z s\u00fcrd\u00fcrebilirlik yolculu\u011fumuzu, 2018 y\u0131l\u0131nda tek \u00e7at\u0131 alt\u0131nda toplad\u0131k ve bug\u00fcn dokuz markayla \u00e7al\u0131\u015fmalar\u0131m\u0131z\u0131 s\u00fcrd\u00fcr\u00fcyoruz. S\u00fcrd\u00fcr\u00fclebilir bir b\u00fcy\u00fcme sa\u011flarken, faaliyetlerimizi gelece\u011fe de ta\u015f\u0131may\u0131 ama\u00e7l\u0131yoruz. Kerevita\u015f ve \u015eok \u015firketlerimizin de BIST S\u00fcrd\u00fcr\u00fclebilirlik Endeksi\u2019nde yer almas\u0131 sorumluluklar\u0131m\u0131z\u0131 daha \u00e7ok art\u0131r\u0131yor\u201d diye konu\u015ftu.<\/p>\n<p>&#8220;Karbon emisyonu yo\u011funlu\u011funda ise y\u00fczde 31\u2019lik d\u00fc\u015f\u00fc\u015f sa\u011flad\u0131k&#8221;<\/p>\n<p>\u201cKerevita\u015f\u2019ta tar\u0131m arazilerinin damla sulama y\u00f6ntemiyle 5.4 milyon su tasarrufu sa\u011flad\u0131k. Kerevita\u015f\u2019\u0131n ya\u011f i\u015f birimi Besler\u2019de ise \u2018Kurumsal Enerji Hareketiyle S\u0131f\u0131r Kay\u0131p Yolculu\u011fu\u2019 kapsam\u0131nda 2018 y\u0131l\u0131nda, yakla\u015f\u0131k 260 bin yeti\u015fkin a\u011fac\u0131n bir y\u0131lda ger\u00e7ekle\u015ftirdi\u011fi emilim kadar karbon sal\u0131n\u0131m\u0131n \u00f6n\u00fcne ge\u00e7tik\u201d diyen Mutu\u015f, s\u00fcrd\u00fcrebilirlik \u00e7al\u0131\u015fmalar\u0131 kapsam\u0131nda \u015eok Marketler i\u00e7in ise \u015fu \u00f6rne\u011fi verdi: \u201c\u015eok Marketler\u2019de enerji yo\u011funlu\u011funda y\u00fczde 35\u2019lik, karbon emisyonu yo\u011funlu\u011funda ise y\u00fczde 31\u2019lik d\u00fc\u015f\u00fc\u015f sa\u011flad\u0131k. \u015eok Ma\u011fazalar\u0131\u2019nda ise enerjiyi verimli kullanmak i\u00e7in geli\u015ftirilen projede, havan\u0131n reyon i\u00e7erisinde tutulmas\u0131yla merkez so\u011futma sisteminin y\u00fck\u00fc azalt\u0131ld\u0131 ve so\u011futmal\u0131 reyonlardaki floresanlar yerine LED floresanlar tak\u0131ld\u0131.\u201d<\/p>\n<p>\u00dclker FTSE4GOOD Endeksi\u2019ne 4. kez \u00fcst \u00fcste girdi<\/p>\n<p>2015\u2019ten bu yana BIST S\u00fcrd\u00fcr\u00fclebilirlik Endeksi\u2019nde yer alan \u00dclker Bisk\u00fcvi, FTSE4GOOD Geli\u015fmekte olan Piyasalar Endeksi\u2019ne de \u00fcst \u00fcste 4. kez girdi. D\u00fcnya genelinde en \u00f6nemli endekslerden biri olarak g\u00f6r\u00fclen ve sorumlu yat\u0131r\u0131m yapan \u015firketler i\u00e7in kaynak niteli\u011fi ta\u015f\u0131yan endekse 4. kez giren \u00dclker b\u00f6ylece, k\u00fcresel arenada s\u00fcrd\u00fcr\u00fclebilirlikteki ba\u015far\u0131s\u0131n\u0131 sa\u011flamla\u015ft\u0131rm\u0131\u015f oldu.<\/p>\n","protected":false},"excerpt":{"rendered":"<p>YILDIZ HOLD\u0130NG\u2019\u0130N \u0130K\u0130 \u015e\u0130RKET\u0130 KEREV\u0130TA\u015e VE \u015eOK MARKETLER, BORSA \u0130STANBUL\u2019DA \u0130\u015eLEM G\u00d6REN \u015e\u0130RKETLER\u0130N KURUMSAL S\u00dcRD\u00dcR\u00dcLEB\u0130L\u0130RL\u0130K PERFORMANSLARININ \u00d6L\u00c7\u00dcLD\u00dc\u011e\u00dc BIST S\u00dcRD\u00dcR\u00dcLEB\u0130L\u0130RL\u0130K ENDEKS\u0130\u2019NE G\u0130RD\u0130.<\/p>\n","protected":false},"author":1,"featured_media":228636,"comment_status":"closed","ping_status":"open","sticky":false,"template":"","format":"standard","meta":{"jetpack_post_was_ever_published":false,"_jetpack_newsletter_access":"","_jetpack_dont_email_post_to_subs":false,"_jetpack_newsletter_tier_id":0,"_jetpack_memberships_contains_paywalled_content":false,"_jetpack_memberships_contains_paid_content":false,"footnotes":"","jetpack_publicize_message":"","jetpack_publicize_feature_enabled":true,"jetpack_social_post_already_shared":true,"jetpack_social_options":{"image_generator_settings":{"template":"highway","default_image_id":0,"font":"","enabled":false},"version":2}},"categories":[19],"tags":[21516,57587,25725,21209,1220,17616,87,8902],"class_list":["post-228635","post","type-post","status-publish","format-standard","has-post-thumbnail","hentry","category-ekonomi","tag-surdurulebilirlik","tag-bist","tag-endeksine","tag-holdingden","tag-iki","tag-sirket","tag-yeni","tag-yildiz"],"jetpack_publicize_connections":[],"jetpack_featured_media_url":"https:\/\/i0.wp.com\/www.tvturk.com\/wp-content\/uploads\/2019\/11\/yildiz-holdingden-bist-surdurulebilirlik-endeksine-iki-yeni-sirket_e29e6da.jpg?fit=1000%2C970","jetpack_sharing_enabled":true,"jetpack_shortlink":"https:\/\/wp.me\/paKIfm-XtF","_links":{"self":[{"href":"http:\/\/www.tvturk.com\/index.php\/wp-json\/wp\/v2\/posts\/228635","targetHints":{"allow":["GET"]}}],"collection":[{"href":"http:\/\/www.tvturk.com\/index.php\/wp-json\/wp\/v2\/posts"}],"about":[{"href":"http:\/\/www.tvturk.com\/index.php\/wp-json\/wp\/v2\/types\/post"}],"author":[{"embeddable":true,"href":"http:\/\/www.tvturk.com\/index.php\/wp-json\/wp\/v2\/users\/1"}],"replies":[{"embeddable":true,"href":"http:\/\/www.tvturk.com\/index.php\/wp-json\/wp\/v2\/comments?post=228635"}],"version-history":[{"count":0,"href":"http:\/\/www.tvturk.com\/index.php\/wp-json\/wp\/v2\/posts\/228635\/revisions"}],"wp:featuredmedia":[{"embeddable":true,"href":"http:\/\/www.tvturk.com\/index.php\/wp-json\/wp\/v2\/media\/228636"}],"wp:attachment":[{"href":"http:\/\/www.tvturk.com\/index.php\/wp-json\/wp\/v2\/media?parent=228635"}],"wp:term":[{"taxonomy":"category","embeddable":true,"href":"http:\/\/www.tvturk.com\/index.php\/wp-json\/wp\/v2\/categories?post=228635"},{"taxonomy":"post_tag","embeddable":true,"href":"http:\/\/www.tvturk.com\/index.php\/wp-json\/wp\/v2\/tags?post=228635"}],"curies":[{"name":"wp","href":"https:\/\/api.w.org\/{rel}","templated":true}]}}