{"id":228645,"date":"2019-11-15T12:02:49","date_gmt":"2019-11-15T09:02:49","guid":{"rendered":"http:\/\/www.tvturk.com\/index.php\/kktcnin-36nci-kurulus-yil-donumu-mersinde-torenle-kutlandi\/"},"modified":"2019-11-15T12:02:49","modified_gmt":"2019-11-15T09:02:49","slug":"kktcnin-36nci-kurulus-yil-donumu-mersinde-torenle-kutlandi","status":"publish","type":"post","link":"http:\/\/www.tvturk.com\/index.php\/kktcnin-36nci-kurulus-yil-donumu-mersinde-torenle-kutlandi\/","title":{"rendered":"KKTC\u2019nin 36\u2019nc\u0131 kurulu\u015f y\u0131l d\u00f6n\u00fcm\u00fc Mersin\u2019de t\u00f6renle kutland\u0131"},"content":{"rendered":"<p>Kuzey K\u0131br\u0131s T\u00fcrk Cumhuriyeti\u2019nin (KKTC) 36\u2019nc\u0131 kurulu\u015f y\u0131l d\u00f6n\u00fcm\u00fc, Mersin\u2019de d\u00fczenlenen t\u00f6renle kutland\u0131. Mersin Ba\u015fkonsolosu Zalihe Mendeli, \u201cK\u0131br\u0131s T\u00fcrk taraf\u0131, bundan b\u00f6yle ucu a\u00e7\u0131k, sonu\u00e7suz, takvimsiz, K\u0131br\u0131sl\u0131 T\u00fcrkleri ayn\u0131 \u015fekilde s\u00fcr\u00fcncemede b\u0131rakacak, y\u0131llarca s\u00fcrecek yeni bir m\u00fczakere s\u00fcrecinin par\u00e7as\u0131 olmayacakt\u0131r. O d\u00f6nemler art\u0131k geride kalm\u0131\u015ft\u0131r\u201d dedi.<\/p>\n<p>KKTC\u2019nin 36\u2019nc\u0131 kurulu\u015f y\u0131l\u0131 dolay\u0131s\u0131yla Cumhuriyet Meydan\u0131\u2019nda t\u00f6ren d\u00fczenlendi. T\u00f6rene, Mersin Vali Yard\u0131mc\u0131s\u0131 S\u00fcleyman Deniz, Mezitli Belediye Ba\u015fkan\u0131 Ne\u015fet Tarhan, KKTC Mersin Ba\u015fkonsolosu Zalihe Medeli, protokol \u00fcyeleri, askeri erkan, gaziler, \u00f6\u011frenciler ve vatanda\u015flar kat\u0131ld\u0131.<\/p>\n<p>Ba\u015fkonsolos Mendeli\u2019nin Atat\u00fcrk An\u0131t\u0131na \u00e7elenk sunumuyla ba\u015flayan t\u00f6ren, sayg\u0131 duru\u015fu ve \u0130stiklal Mar\u015f\u0131\u2019n\u0131n okunmas\u0131yla devam etti.<\/p>\n<p>\u201cK\u0131br\u0131s T\u00fcrk Halk\u0131, az\u0131nl\u0131k olarak ya\u015famay\u0131 kabul edemeyece\u011fini kan\u0131tlam\u0131\u015ft\u0131r\u201d<\/p>\n<p>Ba\u015fkonsolos Mendeli, t\u00f6rende yapt\u0131\u011f\u0131 konu\u015fmada, K\u0131br\u0131s T\u00fcrk halk\u0131 i\u00e7in bir d\u00f6n\u00fcm noktas\u0131 olan KKTC\u2019nin kurulu\u015funun 36\u2019nc\u0131 y\u0131l d\u00f6n\u00fcm\u00fcn\u00fc, uzun bir aradan sonra yeniden Mersin\u2019de kutlaman\u0131n gururu ve mutlulu\u011funu ya\u015fad\u0131\u011f\u0131n\u0131 s\u00f6yledi. \u201cCumhuriyetimizin 36\u2019nc\u0131 y\u0131l\u0131 kutlu olsun\u201d diyen Mendeli, K\u0131br\u0131s T\u00fcrk Halk\u0131n\u0131n, bug\u00fcn \u00e7at\u0131s\u0131 alt\u0131nda \u00f6zg\u00fcrce ya\u015fad\u0131\u011f\u0131 KKTC\u2019ye; Ulu \u00d6nder Mustafa Kemal Atat\u00fcrk\u2019\u00fcn liderli\u011finden ald\u0131\u011f\u0131 ilhamla y\u0131llarca Rum-Yunan hegemonyas\u0131na kar\u015f\u0131 cesaretle direnerek verilen m\u00fccadelelerin ard\u0131ndan kavu\u015ftu\u011funu vurgulad\u0131. Mendeli, K\u0131br\u0131s T\u00fcrk Halk\u0131n\u0131n, anavatan T\u00fcrkiye Cumhuriyeti\u2019nin sonsuz deste\u011fiyle uzun y\u0131llar inan\u00e7 ve kararl\u0131l\u0131kla verdi\u011fi \u00f6zg\u00fcrl\u00fck m\u00fccadelesini, var olma m\u00fccadelesinin en anlaml\u0131 eseri olan KKTC\u2019yi 15 Kas\u0131m 1983\u2019te Kurucu Cumhurba\u015fkan\u0131 Rauf Raif Denkta\u015f \u00f6nc\u00fcl\u00fc\u011f\u00fcnde ilan ederek ta\u00e7land\u0131rd\u0131\u011f\u0131n\u0131n alt\u0131n\u0131 \u00e7izdi. Mendeli, \u201cK\u0131br\u0131s T\u00fcrk Halk\u0131, KKTC ile me\u015fru haklar\u0131ndan feragat edemeyece\u011fini, kendi y\u00f6netiminden, siyasi e\u015fitli\u011finden, anavatan\u0131m\u0131z T\u00fcrkiye Cumhuriyeti\u2019nin etkin ve fiili garantisinden vazge\u00e7emeyece\u011fini ve az\u0131nl\u0131k olarak ya\u015famay\u0131 kabul edemeyece\u011fini kan\u0131tlam\u0131\u015ft\u0131r\u201d diye konu\u015ftu.<\/p>\n<p>\u201cK\u0131br\u0131s T\u00fcrk taraf\u0131, ucu a\u00e7\u0131k, sonu\u00e7suz m\u00fczakere s\u00fcrecinin par\u00e7as\u0131 olmayacakt\u0131r\u201d<\/p>\n<p>Adada kal\u0131c\u0131 ve kapsaml\u0131 bir uzla\u015fmaya var\u0131lmas\u0131 amac\u0131yla defalarca g\u00f6sterdikleri iyi niyet ve \u00e7abalar\u0131n a\u015fikar oldu\u011funu dile getiren Mendeli, KKTC\u2019nin ilan\u0131yla adada iki halk aras\u0131ndaki ortakl\u0131\u011f\u0131n diplomatik kanaldan \u00e7\u00f6z\u00fclmesinin hedeflendi\u011fini ve 1968\u2019ten bu yana devam eden t\u00fcm \u00e7\u00f6z\u00fcm s\u00fcre\u00e7lerinde, yap\u0131c\u0131 ve iyi niyetli tutumu i\u00e7erisinde \u00fczerine d\u00fc\u015feni her daim yerine getirerek, d\u00fcnyaya \u00e7\u00f6z\u00fcm y\u00f6n\u00fcndeki samimi iradesini kan\u0131tlad\u0131\u011f\u0131n\u0131 s\u00f6yledi. Mendeli, \u201cAradan 50 y\u0131l\u0131 a\u015fk\u0131n s\u00fcre ge\u00e7mesine ra\u011fmen m\u00fczakere s\u00fcre\u00e7lerinin ba\u015far\u0131s\u0131zl\u0131\u011fa u\u011framas\u0131n\u0131n as\u0131l nedeni; K\u0131br\u0131s Rum taraf\u0131n\u0131n stat\u00fckodan bizim kadar rahats\u0131z olmamas\u0131d\u0131r. Rumlar, federal ortakl\u0131k denen \u015feyin, y\u00f6netimi ve zenginli\u011fi payla\u015fmaktan ge\u00e7ti\u011fini g\u00f6rmek istemiyorlar. Son olarak 2017\u2019de Crans Montana\u2019da ger\u00e7ekle\u015ftirilen be\u015fli konferanstan sonra taraflar hangi noktadaysa bug\u00fcn de ayn\u0131 noktada olmaya devam etmektedirler. K\u0131br\u0131s T\u00fcrk taraf\u0131, bundan b\u00f6yle ucu a\u00e7\u0131k, sonu\u00e7suz, takvimsiz, K\u0131br\u0131sl\u0131 T\u00fcrkleri ayn\u0131 \u015fekilde s\u00fcr\u00fcncemede b\u0131rakacak, y\u0131llarca s\u00fcrecek yeni bir m\u00fczakere s\u00fcrecinin par\u00e7as\u0131 olmayacakt\u0131r. O d\u00f6nemler art\u0131k geride kalm\u0131\u015ft\u0131r. M\u00fczakerelere kald\u0131\u011f\u0131 yerden devam etmek demek, yeni bir k\u0131s\u0131r d\u00f6ng\u00fc demektir. Ortada siyasi e\u015fitli\u011fi budamaya kalkan, federal ortakl\u0131klar\u0131n olmazsa olmaz\u0131 payla\u015fma anlay\u0131\u015f\u0131na ters a\u00e7\u0131klama ve \u00f6nerilerde bulunan bir Rum liderli\u011fi varken ad\u0131mlar\u0131m\u0131za dikkat etmemiz gerekmektedir\u201d ifadelerini kulland\u0131.<\/p>\n<p>\u201cHidrokarbon faaliyetleri \u2018varsa bulaca\u011f\u0131z\u2019 slogan\u0131yla y\u00fcr\u00fct\u00fclmektedir\u201d<\/p>\n<p>Do\u011fu Akdeniz\u2019de devam eden hidrokarbon \u00e7al\u0131\u015fmalar\u0131na da de\u011finen Mendeli, \u201cRum liderli\u011fi, adan\u0131n tek sahibi ve tek me\u015fru h\u00fck\u00fcmeti alg\u0131s\u0131yla ve varsay\u0131m\u0131yla e\u015fitli\u011fe ve ortakla\u015fmaya yana\u015fmamakta, K\u0131br\u0131s adas\u0131 etraf\u0131ndaki do\u011fal kaynaklara tek ba\u015f\u0131na sahip olma gayreti i\u00e7erisine girmektedir. Bu durumda, K\u0131br\u0131s T\u00fcrk taraf\u0131 ve T\u00fcrkiye Cumhuriyeti\u2019ne de bu ad\u0131mlar\u0131 dengeleyecek benzer ad\u0131mlar atmaktan ba\u015fka \u00e7are b\u0131rakmamaktad\u0131r. T\u00fcrkiye Cumhuriyeti, Do\u011fu Akdeniz\u2019deki hidrokarbon faaliyetlerin hem kendi k\u0131ta sahanl\u0131\u011f\u0131ndaki haklar\u0131n\u0131n korunmas\u0131 hem de K\u0131br\u0131sl\u0131 T\u00fcrklerin adan\u0131n hidrokarbon kaynaklar\u0131 \u00fczerindeki asli haklar\u0131n\u0131n korunmas\u0131 amac\u0131yla ve \u2018varsa bulaca\u011f\u0131z\u2019 slogan\u0131yla y\u00fcr\u00fctmektedir\u201d \u015feklinde konu\u015ftu.<\/p>\n<p>Mendeli, T\u00fcrkiye Cumhuriyeti ile birlik ve beraberlik i\u00e7erisinde cumhuriyeti sonsuza kadar ya\u015fatacaklar\u0131n\u0131 s\u00f6zlerine ekledi.<\/p>\n<p>T\u00f6ren, Mersin B\u00fcy\u00fck\u015fehir Belediyesi Halk Oyunlar\u0131 ekibinin g\u00f6sterisiyle sona erdi.<\/p>\n","protected":false},"excerpt":{"rendered":"<p>KKTC&#8217;N\u0130N 36\u2019NCI KURULU\u015e YIL D\u00d6N\u00dcM\u00dc, MERS\u0130N\u2019DE D\u00dcZENLENEN T\u00d6RENLE KUTLANDI. MERS\u0130N BA\u015eKONSOLOSU ZAL\u0130HE MENDEL\u0130, \u201cKIBRIS T\u00dcRK TARAFI, BUNDAN B\u00d6YLE UCU A\u00c7IK, SONU\u00c7SUZ, TAKV\u0130MS\u0130Z, KIBRISLI T\u00dcRKLER\u0130 AYNI \u015eEK\u0130LDE S\u00dcR\u00dcNCEMEDE BIRAKACAK, YILLARCA S\u00dcRECEK YEN\u0130 B\u0130R M\u00dcZAKERE S\u00dcREC\u0130N\u0130N PAR\u00c7ASI OLMAYACAKTIR. O D\u00d6NEMLER ARTIK GER\u0130DE KALMI\u015eTIR\u201d DED\u0130.<\/p>\n","protected":false},"author":1,"featured_media":228646,"comment_status":"closed","ping_status":"open","sticky":false,"template":"","format":"standard","meta":{"jetpack_post_was_ever_published":false,"_jetpack_newsletter_access":"","_jetpack_dont_email_post_to_subs":false,"_jetpack_newsletter_tier_id":0,"_jetpack_memberships_contains_paywalled_content":false,"_jetpack_memberships_contains_paid_content":false,"footnotes":"","jetpack_publicize_message":"","jetpack_publicize_feature_enabled":true,"jetpack_social_post_already_shared":true,"jetpack_social_options":{"image_generator_settings":{"template":"highway","default_image_id":0,"font":"","enabled":false},"version":2}},"categories":[1],"tags":[31489,35240,4038,4037,2822,2218,7667,231],"class_list":["post-228645","post","type-post","status-publish","format-standard","has-post-thumbnail","hentry","category-genel","tag-kktcnin","tag-36nci","tag-donumu","tag-kurulus","tag-kutlandi","tag-mersinde","tag-torenle","tag-yil"],"jetpack_publicize_connections":[],"jetpack_featured_media_url":"https:\/\/i0.wp.com\/www.tvturk.com\/wp-content\/uploads\/2019\/11\/kktcnin-36nci-kurulus-yil-donumu-mersinde-torenle-kutlandi_9fca60b.jpg?fit=1000%2C666","jetpack_sharing_enabled":true,"jetpack_shortlink":"https:\/\/wp.me\/paKIfm-XtP","_links":{"self":[{"href":"http:\/\/www.tvturk.com\/index.php\/wp-json\/wp\/v2\/posts\/228645","targetHints":{"allow":["GET"]}}],"collection":[{"href":"http:\/\/www.tvturk.com\/index.php\/wp-json\/wp\/v2\/posts"}],"about":[{"href":"http:\/\/www.tvturk.com\/index.php\/wp-json\/wp\/v2\/types\/post"}],"author":[{"embeddable":true,"href":"http:\/\/www.tvturk.com\/index.php\/wp-json\/wp\/v2\/users\/1"}],"replies":[{"embeddable":true,"href":"http:\/\/www.tvturk.com\/index.php\/wp-json\/wp\/v2\/comments?post=228645"}],"version-history":[{"count":0,"href":"http:\/\/www.tvturk.com\/index.php\/wp-json\/wp\/v2\/posts\/228645\/revisions"}],"wp:featuredmedia":[{"embeddable":true,"href":"http:\/\/www.tvturk.com\/index.php\/wp-json\/wp\/v2\/media\/228646"}],"wp:attachment":[{"href":"http:\/\/www.tvturk.com\/index.php\/wp-json\/wp\/v2\/media?parent=228645"}],"wp:term":[{"taxonomy":"category","embeddable":true,"href":"http:\/\/www.tvturk.com\/index.php\/wp-json\/wp\/v2\/categories?post=228645"},{"taxonomy":"post_tag","embeddable":true,"href":"http:\/\/www.tvturk.com\/index.php\/wp-json\/wp\/v2\/tags?post=228645"}],"curies":[{"name":"wp","href":"https:\/\/api.w.org\/{rel}","templated":true}]}}