{"id":228659,"date":"2019-11-15T12:17:09","date_gmt":"2019-11-15T09:17:09","guid":{"rendered":"http:\/\/www.tvturk.com\/index.php\/yerli-dusunce-dernegi-surgunun-75-yilinda-ahiska-turklerini-andi\/"},"modified":"2019-11-15T12:17:09","modified_gmt":"2019-11-15T09:17:09","slug":"yerli-dusunce-dernegi-surgunun-75-yilinda-ahiska-turklerini-andi","status":"publish","type":"post","link":"http:\/\/www.tvturk.com\/index.php\/yerli-dusunce-dernegi-surgunun-75-yilinda-ahiska-turklerini-andi\/","title":{"rendered":"Yerli D\u00fc\u015f\u00fcnce Derne\u011fi s\u00fcrg\u00fcn\u00fcn 75. y\u0131l\u0131nda Ah\u0131ska T\u00fcrklerini and\u0131"},"content":{"rendered":"<p>Ankara\u2019da 86 bin Ah\u0131ska T\u00fcrk\u00fc\u2019n\u00fcn s\u00fcrg\u00fcn edili\u015finin 75. y\u0131l d\u00f6n\u00fcm\u00fc nedeniyle Yerli D\u00fc\u015f\u00fcnce Derne\u011fi taraf\u0131ndan bir program d\u00fczenlendi.<\/p>\n<p>Tarihi T\u00fcrk Tarih Kurumu binas\u0131nda d\u00fczenlenen programa Cumhurba\u015fkan\u0131 Ba\u015fdan\u0131\u015fman\u0131 Yal\u00e7\u0131n Top\u00e7u, AK Parti Ordu Milletvekili Metin G\u00fcndo\u011fdu, eski AK Parti Milletvekili ve d\u00f6nemin Meclis \u0130dari Amiri Salim Uslu, Ah\u0131ska Lobisi Platformu Ba\u015fkan\u0131 Hayati Ba\u015faran, T\u00dcRKSOY Azerbaycan Temsilcisi El\u00e7in Gafarl\u0131, G\u00fcvenlik ve Ter\u00f6r Strateji Uzman\u0131 Abdullah A\u011far, Ah\u0131ska T\u00fcrkleri, b\u00fcrokratlar, T\u00fcrkiye\u2019de e\u011fitim g\u00f6ren yabanc\u0131 \u00f6\u011frenciler, bas\u0131n mensuplar\u0131 ve \u00e7ok say\u0131da vatanda\u015f kat\u0131ld\u0131. \u015eehitler i\u00e7in okunan Kur\u2019an-\u0131 Kerim tilaveti ile ba\u015flayan program, sayg\u0131 duru\u015fu ve \u0130stiklal Mar\u015f\u0131\u2019n\u0131n okunmas\u0131 ile devam etti. Programda kat\u0131l\u0131mc\u0131lara s\u00fcrg\u00fcn\u00fcn canl\u0131 \u015fahidi Ah\u0131skal\u0131lar\u0131n ya\u015fad\u0131klar\u0131n\u0131 anlatan bir belgesel film de izletildi.<\/p>\n<p>Programda konu\u015fan Cumhurba\u015fkan\u0131 Ba\u015fdan\u0131\u015fman\u0131 Yal\u00e7\u0131n Top\u00e7u, &#8220;Bug\u00fcn 14 Kas\u0131m. Ah\u0131skal\u0131 M\u00fcsl\u00fcman T\u00fcrk\u2019\u00fcn, daha \u00f6tesi ben insan\u0131m diyenlerin y\u00fcre\u011finde kapanmaz yara olan zalim s\u00fcrg\u00fcn\u00fcn 75. y\u0131l d\u00f6n\u00fcm\u00fc&#8221; dedi.<\/p>\n<p>O d\u00f6nemde Rusya\u2019da kom\u00fcnist rejimin bask\u0131s\u0131na de\u011finen Top\u00e7u, &#8220;Tanr\u0131 Da\u011flar\u0131\u2019ndan inmi\u015f bir atan\u0131n balalar\u0131n\u0131 Uygur, Azeri, \u00d6zbek, Kazak, K\u0131rg\u0131z, Tatar, T\u00fcrkmen gibi bir\u00e7ok ada b\u00f6lenler, kadim yurtlar\u0131 Ah\u0131ska\u2019da binlerce y\u0131ld\u0131r ya\u015fayan ba\u015f e\u011fmez, diz \u00e7\u00f6kmez T\u00fcrk ad\u0131ndan vazge\u00e7meyen Ah\u0131skal\u0131 T\u00fcrklerin de soylar\u0131n\u0131 kurutmak i\u00e7in onlara her t\u00fcrl\u00fc zulm\u00fc ve katliam\u0131 reva g\u00f6rd\u00fcler&#8221; dedi.<\/p>\n<p>Tamam\u0131 kad\u0131n, \u00e7ocuk ve ya\u015fl\u0131lardan olu\u015fan Ah\u0131skal\u0131 T\u00fcrklerin yurtlar\u0131ndan s\u00fcrg\u00fcn edildi\u011fini belirten Top\u00e7u, \u015funlar\u0131 s\u00f6yledi:<\/p>\n<p>&#8220;\u00c7arlarla 1800\u2019l\u00fc y\u0131llarda Ah\u0131skal\u0131 T\u00fcrkler i\u00e7in ba\u015flat\u0131lan zul\u00fcm, 1944\u2019te kom\u00fcnist diktat\u00f6r Stalin ile zirveye \u00e7\u0131kt\u0131. Erkeklerinin neredeyse tamam\u0131 sava\u015f i\u00e7in askere al\u0131nm\u0131\u015f olan, tamam\u0131 kad\u0131n, \u00e7ocuk ve ya\u015fl\u0131lardan olu\u015fan on binlerce Ah\u0131skal\u0131 T\u00fcrk aile iki saat i\u00e7inde hayvan ta\u015f\u0131yan kapal\u0131 tren vagonlar\u0131 ile yurtlar\u0131ndan kopar\u0131l\u0131p s\u00fcrg\u00fcn edildi.&#8221;<\/p>\n<p>&#8220;Onlar T\u00fcrk kimli\u011finden asla vazge\u00e7mediler&#8221;<\/p>\n<p>G\u00fcn\u00fcm\u00fczde dokuz farkl\u0131 \u00fclkede yar\u0131m milyondan fazla Ah\u0131skal\u0131 T\u00fcrk\u00fcn ya\u015fad\u0131\u011f\u0131na dikkat \u00e7eken Top\u00e7u, s\u00f6zlerine \u015f\u00f6yle devam etti:<\/p>\n<p>&#8220;Ah\u0131ska T\u00fcrkleri s\u00fcrg\u00fcn edilmi\u015f ama esir edilememi\u015f, a\u00e7l\u0131ktan \u00f6lm\u00fc\u015f ama asla dilenmemi\u015ftir. Do\u011fduklar\u0131 ve doyduklar\u0131 dokuz ayr\u0131 \u00fclkeyi ba\u015flar\u0131na ta\u00e7 etmi\u015f, asla ihanet etmemi\u015flerdir. \u00c7arlar\u0131n ve Sovyet diktat\u00f6r\u00fc Stalin\u2019in zulm\u00fcne, kom\u00fcnizmin bask\u0131s\u0131na ra\u011fmen ne dinlerinden, ne dillerinden ne de kimliklerinden asla taviz vermemi\u015f, milliyeti hanesinde yazan T\u00fcrk ismini asla sildirtmemi\u015flerdir. Onlar \u015fanl\u0131 direni\u015flerinde \u015fehitler vermi\u015f, bir yerden bin yere s\u00fcrg\u00fcn edilmi\u015f ve par\u00e7alara ayr\u0131lm\u0131\u015flar ama onlar b\u00fct\u00fcn bu zul\u00fcmlere ra\u011fmen T\u00fcrk ve M\u00fcsl\u00fcman olarak kalmay\u0131 ba\u015farm\u0131\u015flard\u0131r. \u0130nsanl\u0131k su\u00e7u s\u00fcrg\u00fcn\u00fcn 75. y\u0131l d\u00f6n\u00fcm\u00fcnde s\u00fcrg\u00fcn\u00fcn \u015fehitlerini rahmetle an\u0131yor, T\u00fcrkiye sevdal\u0131s\u0131 olan al\u0131nlar\u0131 a\u00e7\u0131k, ba\u015flar\u0131 dik, \u00e7al\u0131\u015fkan, zeki ve ahlakl\u0131 insanl\u0131\u011f\u0131n iftihar\u0131 Ah\u0131skal\u0131 T\u00fcrkleri sevgi, sayg\u0131 ve \u015f\u00fckranla selaml\u0131yorum.&#8221;<\/p>\n<p>\u201cO g\u00fcn \u0130smet \u0130n\u00f6n\u00fc ve \u015e\u00fckr\u00fc Sara\u00e7o\u011flu devreye girmi\u015f olsayd\u0131 \u0130stanbul\u2019un kilidi olan Ah\u0131skal\u0131 karde\u015fimiz s\u00fcrg\u00fcn edilmezdi\u201d<\/p>\n<p>AK Parti Ordu Milletvekili ve Yerli D\u00fc\u015f\u00fcnce Derne\u011fi Genel Ba\u015fkan\u0131 Metin G\u00fcndo\u011fdu ise, 1944\u2019te Ah\u0131skal\u0131 T\u00fcrklerin s\u00fcrg\u00fcn\u00fc s\u0131ras\u0131nda T\u00fcrkiye\u2019de CHP\u2019nin iktidar oldu\u011funu hat\u0131rlatarak, o g\u00fcnk\u00fc CHP iktidar\u0131n\u0131 zulme g\u00f6z yummakla su\u00e7lad\u0131. G\u00fcndo\u011fdu, \u201cO g\u00fcn \u0130smet \u0130n\u00f6n\u00fc ve \u015e\u00fckr\u00fc Sara\u00e7o\u011flu devreye girmi\u015f olsayd\u0131 \u2018\u0130stanbul\u2019un kilidi\u2019 olan Ah\u0131skal\u0131 karde\u015fimiz s\u00fcrg\u00fcn edilmez, tren vagonlar\u0131nda \u015fehit olmaya mahkum olmazlard\u0131. Bug\u00fcn \u00e7ok \u015f\u00fck\u00fcr Say\u0131n Cumhurba\u015fkan\u0131m\u0131z d\u00fcnyan\u0131n neresinde bir mazlum, neresinde bir ma\u011fdur varsa ona el uzat\u0131yor. Bu T\u00fcrkiye Cumhuriyeti\u2019nin nereden nereye geldi\u011finin g\u00f6stergesidir. Ama ne yaz\u0131k ki Ah\u0131ska\u2019da ya\u015fayan 86 bin soyda\u015f\u0131m\u0131z, dinda\u015f\u0131m\u0131z, karde\u015fimizi o g\u00fcnk\u00fc iktidar hat\u0131rlamad\u0131, karde\u015flerimizi Bol\u015fevik ihtilaline mahkum etti ve bir\u00e7ok soyda\u015f\u0131m\u0131z tren vagonlar\u0131nda \u015fehit oldu. \u015eimdi \u00e7\u0131km\u0131\u015flar \u2018Efendim T\u00fcrkiye Cumhuriyeti bu kadar s\u0131\u011f\u0131nmac\u0131y\u0131 niye ald\u0131\u2019 diyorlar. Biz bir medeniyetin devam\u0131 oldu\u011fumuz i\u00e7in bizim medeniyetimizin gere\u011fi zorda kalana, darda kalana el uzatmakt\u0131r. Bizim medeniyetimizin ad\u0131 merhamet medeniyetidir. Onun i\u00e7in kim zorda kal\u0131rsa, yolda kal\u0131rsa T\u00fcrkiye Cumhuriyeti devleti ona el uzat\u0131r. Say\u0131n Cumhurba\u015fkan\u0131m\u0131z 17 y\u0131ll\u0131k iktidar\u0131nda hep bunu yapm\u0131\u015ft\u0131r. 1944 y\u0131l\u0131nda CHP iktidar\u0131n\u0131n yapmad\u0131\u011f\u0131n\u0131, Say\u0131n Cumhurba\u015fkan\u0131m\u0131z yapm\u0131\u015f, Ah\u0131skal\u0131 T\u00fcrkler\u2019e sahip \u00e7\u0131km\u0131\u015ft\u0131r ve vatanda\u015fl\u0131k vermi\u015ftir\u201d dedi.<\/p>\n<p>Cumhurba\u015fkan\u0131 Erdo\u011fan ile 2015 y\u0131l\u0131nda T\u00fcrkmenistan\u2019a yapt\u0131klar\u0131 bir ziyarette ya\u015fad\u0131klar\u0131 bir an\u0131s\u0131n\u0131 da anlatan G\u00fcndo\u011fdu, \u201c2015 y\u0131l\u0131nda Say\u0131n Cumhurba\u015fkan\u0131m\u0131zla birlikte T\u00fcrkmenistan\u2019a gittik. Heyetler aras\u0131 toplant\u0131larda G\u00fcrcistan Devlet Ba\u015fkan\u0131 Giorgi Margvela\u015fvili de bulunuyordu. Cumhurba\u015fkan\u0131m\u0131z Erdo\u011fan, G\u00fcrcistan Devlet Ba\u015fkan\u0131\u2019na oturur oturmaz s\u00f6yledi\u011fi s\u00f6z \u015fu oldu; \u2018Ah\u0131skal\u0131 karde\u015flerimizle alakal\u0131 bize vermi\u015f oldu\u011funuz taahh\u00fctleri yerine getireceksiniz. Sizden ilk iste\u011fimiz odur\u201c \u015feklinde konu\u015ftu.<\/p>\n<p>\u201c\u00c7\u00fcnk\u00fc onlar vatans\u0131zl\u0131\u011f\u0131n ne demek oldu\u011funu en iyi bilenlerdir\u201d<\/p>\n<p>Programa onur konu\u011fu olarak kat\u0131lan eski AK Parti \u00c7orum Milletvekili ve d\u00f6nemin TBMM \u0130dari Amiri Salim Uslu ise, kendisinin de bir Ah\u0131ska T\u00fcrk\u2019\u00fc oldu\u011funu hat\u0131rlatarak, Ah\u0131skal\u0131 T\u00fcrkler\u2019in m\u00fccadelesini T\u00fcrkiye\u2019de dile getirenlerden birisi oldu\u011funu ve &#8220;B\u00fcy\u00fck S\u00fcrg\u00fcn Kafkasya&#8221; dizisinin TRT\u2019de yay\u0131nlanmas\u0131nda \u00f6nemli pay sahibi oldu\u011funu belirtti. Uslu, 15 Temmuz\u2019da da ilk soka\u011fa \u00e7\u0131kanlar\u0131n Ah\u0131ska T\u00fcrkleri oldu\u011funu belirterek, \u201c\u00c7\u00fcnk\u00fc onlar vatans\u0131zl\u0131\u011f\u0131n ne demek oldu\u011funu en iyi bilenlerdir\u201d dedi.<\/p>\n","protected":false},"excerpt":{"rendered":"<p>ANKARA\u2019DA K\u0130 TAR\u0130H\u0130 T\u00dcRK TAR\u0130H KURUMU B\u0130NASINDA GER\u00c7EKLE\u015eT\u0130R\u0130LEN ANMA ETK\u0130NL\u0130\u011e\u0130NE, CUMHURBA\u015eKANI BA\u015eDANI\u015eMANI YAL\u00c7IN TOP\u00c7U, AK PART\u0130 ORDU M\u0130LLETVEK\u0130L\u0130 MET\u0130N G\u00dcNDO\u011eDU, AK PART\u0130 ESK\u0130 M\u0130LLETVEK\u0130L\u0130 VE D\u00d6NEM\u0130N MECL\u0130S \u0130DAR\u0130 AM\u0130R\u0130 SAL\u0130M USLU, AHISKA LOB\u0130S\u0130 PLATFORMU BA\u015eKANI HAYAT\u0130 BA\u015eARAN, T\u00dcRKSOY\u2019UN  AZERBAYCAN  TEMS\u0130LC\u0130S\u0130 EL\u00c7\u0130N GAFARLI, G\u00dcVENL\u0130K VE TER\u00d6R STRATEJ\u0130 UZMANI ABDULLAH A\u011eAR, AHISKA T\u00dcRKLER\u0130, B\u00dcROKRATLAR, T\u00dcRK\u0130YE\u2019DE E\u011e\u0130T\u0130M G\u00d6REN YABANCI \u00d6\u011eRENC\u0130LER, BASIN MENSUPLARI VE \u00c7OK SAYIDA VATANDA\u015e KATILDI.<\/p>\n","protected":false},"author":1,"featured_media":228660,"comment_status":"closed","ping_status":"open","sticky":false,"template":"","format":"standard","meta":{"jetpack_post_was_ever_published":false,"_jetpack_newsletter_access":"","_jetpack_dont_email_post_to_subs":false,"_jetpack_newsletter_tier_id":0,"_jetpack_memberships_contains_paywalled_content":false,"_jetpack_memberships_contains_paid_content":false,"footnotes":"","jetpack_publicize_message":"","jetpack_publicize_feature_enabled":true,"jetpack_social_post_already_shared":true,"jetpack_social_options":{"image_generator_settings":{"template":"highway","default_image_id":0,"font":"","enabled":false},"version":2}},"categories":[1],"tags":[20503,24893,16697,6333,22244,37105,24894,2454,6266],"class_list":["post-228659","post","type-post","status-publish","format-standard","has-post-thumbnail","hentry","category-genel","tag-20503","tag-ahiska","tag-andi","tag-dernegi","tag-dusunce","tag-surgunun","tag-turklerini","tag-yerli","tag-yilinda"],"jetpack_publicize_connections":[],"jetpack_featured_media_url":"https:\/\/i0.wp.com\/www.tvturk.com\/wp-content\/uploads\/2019\/11\/yerli-dusunce-dernegi-surgunun-75-yilinda-ahiska-turklerini-andi_afea49e.jpg?fit=1000%2C666","jetpack_sharing_enabled":true,"jetpack_shortlink":"https:\/\/wp.me\/paKIfm-Xu3","_links":{"self":[{"href":"http:\/\/www.tvturk.com\/index.php\/wp-json\/wp\/v2\/posts\/228659","targetHints":{"allow":["GET"]}}],"collection":[{"href":"http:\/\/www.tvturk.com\/index.php\/wp-json\/wp\/v2\/posts"}],"about":[{"href":"http:\/\/www.tvturk.com\/index.php\/wp-json\/wp\/v2\/types\/post"}],"author":[{"embeddable":true,"href":"http:\/\/www.tvturk.com\/index.php\/wp-json\/wp\/v2\/users\/1"}],"replies":[{"embeddable":true,"href":"http:\/\/www.tvturk.com\/index.php\/wp-json\/wp\/v2\/comments?post=228659"}],"version-history":[{"count":0,"href":"http:\/\/www.tvturk.com\/index.php\/wp-json\/wp\/v2\/posts\/228659\/revisions"}],"wp:featuredmedia":[{"embeddable":true,"href":"http:\/\/www.tvturk.com\/index.php\/wp-json\/wp\/v2\/media\/228660"}],"wp:attachment":[{"href":"http:\/\/www.tvturk.com\/index.php\/wp-json\/wp\/v2\/media?parent=228659"}],"wp:term":[{"taxonomy":"category","embeddable":true,"href":"http:\/\/www.tvturk.com\/index.php\/wp-json\/wp\/v2\/categories?post=228659"},{"taxonomy":"post_tag","embeddable":true,"href":"http:\/\/www.tvturk.com\/index.php\/wp-json\/wp\/v2\/tags?post=228659"}],"curies":[{"name":"wp","href":"https:\/\/api.w.org\/{rel}","templated":true}]}}