{"id":228667,"date":"2019-11-15T12:33:02","date_gmt":"2019-11-15T09:33:02","guid":{"rendered":"http:\/\/www.tvturk.com\/index.php\/ozel-haber-okay-yokuslu-tek-hedef-milli-takima-basari-getirebilmek\/"},"modified":"2019-11-15T12:33:02","modified_gmt":"2019-11-15T09:33:02","slug":"ozel-haber-okay-yokuslu-tek-hedef-milli-takima-basari-getirebilmek","status":"publish","type":"post","link":"http:\/\/www.tvturk.com\/index.php\/ozel-haber-okay-yokuslu-tek-hedef-milli-takima-basari-getirebilmek\/","title":{"rendered":"(\u00d6zel haber) Okay Yoku\u015flu: &#8220;Tek hedef Milli Tak\u0131ma ba\u015far\u0131 getirebilmek&#8221;"},"content":{"rendered":"<p>A Milli Futbol Tak\u0131m\u0131\u2019n\u0131n ba\u015far\u0131l\u0131 futbolcular\u0131ndan Okay Yoku\u015flu, Milli Tak\u0131m olarak sadece ba\u015far\u0131ya odakland\u0131klar\u0131n\u0131 belirterek, &#8220;Burada bayra\u011f\u0131m\u0131z i\u00e7in oynuyoruz. Tek hedef milli tak\u0131ma ba\u015far\u0131 getirebilmek, \u00fclkemizi sevindirebilmek. \u00c7ok \u015f\u00fck\u00fcr mahcup olmad\u0131k&#8221; diye konu\u015ftu.<\/p>\n<p>2020 Avrupa Futbol \u015eampiyonas\u0131 Elemeleri H Grubu 9. ma\u00e7\u0131nda sahas\u0131nda \u0130zlanda ile gols\u00fcz berabere kalarak Avrupa \u015eampiyonas\u0131\u2019nda giymeyi garantileyen A Milli Futbol Tak\u0131m\u0131\u2019nda Okay Yoku\u015flu, \u0130hlas Haber Ajans\u0131\u2019na (\u0130HA) a\u00e7\u0131klamalarda bulundu. \u00c7ok mutlu ve gururlu olduklar\u0131n\u0131 belirten Yoku\u015flu, &#8220;Uzun bir s\u00fcre\u00e7ti. 9 ayl\u0131k bir s\u00fcre\u00e7 ve her oyuncunun eme\u011fi var. Bu s\u00fcre\u00e7 sonunda hedefimize ula\u015fmak m\u00fcthi\u015f bir gurur kayna\u011f\u0131 ve \u00e7ok mutluyuz. Bug\u00fcnde \u00e7ok iyi bir oyun sergiledik. Ma\u00e7\u0131 gerekti\u011fi gibi oynad\u0131k. Gol \u015fanslar\u0131 yakalad\u0131k,  galipte ayr\u0131labilirdik. \u00d6nemli olan turnuvaya kat\u0131lmak. Art\u0131k \u015fampiyonaday\u0131z, bunun hakl\u0131 sevincini ya\u015f\u0131yoruz&#8221; diye konu\u015ftu.<\/p>\n<p>&#8220;Hocam\u0131za g\u00fcveniyoruz, oda bize g\u00fcveniyor&#8221;<\/p>\n<p>A Milli Futbol Tak\u0131m\u0131 Teknik Direkt\u00f6r\u00fc \u015eenol G\u00fcne\u015f hakk\u0131nda da konu\u015fan ba\u015far\u0131l\u0131 futbolcu, &#8220;\u015eenol hocan\u0131n kariyeri belli. Nice ba\u015far\u0131larda bulunmu\u015f birisi. Bizimle ileti\u015fimi \u00e7ok iyi. Tak\u0131mda bir aile ortam\u0131 olu\u015fturdu. \u015eu anda oynayan, oynamayan sadece ba\u015far\u0131ya konsantre olan bir tak\u0131m var. Hocam\u0131z\u0131 seviyoruz, g\u00fcveniyoruz ve oda bize g\u00fcveniyor. Bu da sahaya yans\u0131yor. \u00c7ok mutluyuz. Umar\u0131m b\u00f6yle devam eder&#8221; ifadelerini kulland\u0131.<\/p>\n<p>&#8220;Burada bayra\u011f\u0131m\u0131z i\u00e7in oynuyoruz&#8221;<\/p>\n<p>Ma\u00e7\u0131n sonundaki sevin\u00e7 hakk\u0131nda g\u00f6r\u00fc\u015flerini belirten 25 ya\u015f\u0131ndaki futbolcu, &#8220;Oynamayan arkada\u015flar\u0131n saha kenar\u0131ndan bunu ya\u015famas\u0131 \u00e7ok do\u011fal. Sadece ba\u015far\u0131ya odakland\u0131k. Burada bayra\u011f\u0131m\u0131z i\u00e7in oynuyoruz. Tek hedef milli tak\u0131ma ba\u015far\u0131 getirebilmek, \u00fclkemizi sevindirebilmek.  \u00c7ok \u015f\u00fck\u00fcr mahcup olmad\u0131k&#8221; \u015feklinde konu\u015ftu.<\/p>\n","protected":false},"excerpt":{"rendered":"<p>T\u00dcRK\u0130YE A M\u0130LL\u0130 TAKIM FUTBOLCUSU OKAY YOKU\u015eLU, \u201cSADECE BA\u015eARIYA ODAKLANDIK. BURADA BAYRA\u011eIMIZ \u0130\u00c7\u0130N OYNUYORUZ. TEK HEDEF M\u0130LL\u0130 TAKIMA BA\u015eARI GET\u0130REB\u0130LMEK, \u00dcLKEM\u0130Z\u0130 SEV\u0130ND\u0130REB\u0130LMEK.  \u00c7OK \u015e\u00dcK\u00dcR MAHCUP OLMADIK\u201d D\u0130YE KONU\u015eTU.<\/p>\n","protected":false},"author":1,"featured_media":228668,"comment_status":"closed","ping_status":"open","sticky":false,"template":"","format":"standard","meta":{"jetpack_post_was_ever_published":false,"_jetpack_newsletter_access":"","_jetpack_dont_email_post_to_subs":false,"_jetpack_newsletter_tier_id":0,"_jetpack_memberships_contains_paywalled_content":false,"_jetpack_memberships_contains_paid_content":false,"footnotes":"","jetpack_publicize_message":"","jetpack_publicize_feature_enabled":true,"jetpack_social_post_already_shared":true,"jetpack_social_options":{"image_generator_settings":{"template":"highway","default_image_id":0,"font":"","enabled":false},"version":2}},"categories":[657],"tags":[1073,436,57597,1545,2659,429,40709,3379,366,57596],"class_list":["post-228667","post","type-post","status-publish","format-standard","has-post-thumbnail","hentry","category-spor","tag-ozel","tag-basari","tag-getirebilmek","tag-haber","tag-hedef","tag-milli","tag-okay","tag-takima","tag-tek","tag-yokuslu"],"jetpack_publicize_connections":[],"jetpack_featured_media_url":"https:\/\/i0.wp.com\/www.tvturk.com\/wp-content\/uploads\/2019\/11\/ozel-haber-okay-yokuslu-tek-hedef-milli-takima-basari-getirebilmek_a6bb148.jpg?fit=1000%2C733","jetpack_sharing_enabled":true,"jetpack_shortlink":"https:\/\/wp.me\/paKIfm-Xub","_links":{"self":[{"href":"http:\/\/www.tvturk.com\/index.php\/wp-json\/wp\/v2\/posts\/228667","targetHints":{"allow":["GET"]}}],"collection":[{"href":"http:\/\/www.tvturk.com\/index.php\/wp-json\/wp\/v2\/posts"}],"about":[{"href":"http:\/\/www.tvturk.com\/index.php\/wp-json\/wp\/v2\/types\/post"}],"author":[{"embeddable":true,"href":"http:\/\/www.tvturk.com\/index.php\/wp-json\/wp\/v2\/users\/1"}],"replies":[{"embeddable":true,"href":"http:\/\/www.tvturk.com\/index.php\/wp-json\/wp\/v2\/comments?post=228667"}],"version-history":[{"count":0,"href":"http:\/\/www.tvturk.com\/index.php\/wp-json\/wp\/v2\/posts\/228667\/revisions"}],"wp:featuredmedia":[{"embeddable":true,"href":"http:\/\/www.tvturk.com\/index.php\/wp-json\/wp\/v2\/media\/228668"}],"wp:attachment":[{"href":"http:\/\/www.tvturk.com\/index.php\/wp-json\/wp\/v2\/media?parent=228667"}],"wp:term":[{"taxonomy":"category","embeddable":true,"href":"http:\/\/www.tvturk.com\/index.php\/wp-json\/wp\/v2\/categories?post=228667"},{"taxonomy":"post_tag","embeddable":true,"href":"http:\/\/www.tvturk.com\/index.php\/wp-json\/wp\/v2\/tags?post=228667"}],"curies":[{"name":"wp","href":"https:\/\/api.w.org\/{rel}","templated":true}]}}