{"id":228681,"date":"2019-11-15T12:47:08","date_gmt":"2019-11-15T09:47:08","guid":{"rendered":"http:\/\/www.tvturk.com\/index.php\/sehitlik-bakim-bekliyor\/"},"modified":"2019-11-15T12:47:08","modified_gmt":"2019-11-15T09:47:08","slug":"sehitlik-bakim-bekliyor","status":"publish","type":"post","link":"http:\/\/www.tvturk.com\/index.php\/sehitlik-bakim-bekliyor\/","title":{"rendered":"\u015eehitlik bak\u0131m bekliyor"},"content":{"rendered":"<p>Kilis\u2019te, s\u0131n\u0131r hatt\u0131nda \u015fehit olan askerlerin defin edildi\u011fi tarihi \u015fehitlikteki mezarlar bak\u0131m bekliyor.<\/p>\n<p>1960-1975 y\u0131llar\u0131 aras\u0131nda Suriye s\u0131n\u0131r\u0131nda g\u00f6rev yaparken \u015fehit olan Kilis S\u0131n\u0131r Jandarma Alay\u0131nda g\u00f6rev yapan \u00e7ok say\u0131da asker Kilis Asri Mezarl\u0131kta defin edildi. O d\u00f6nemde ula\u015f\u0131m imkanlar\u0131n\u0131n k\u0131s\u0131tl\u0131 olmas\u0131 nedeniyle memleketlerine g\u00f6nderilemeyen \u015fehit askerler i\u00e7in \u015fehitlik olu\u015fturuldu. Kilis\u2019te eski \u015fehitlik olarak bilenen yere defin edilen askerlerin baz\u0131lar\u0131n\u0131n mezarlar\u0131 aileleri taraf\u0131ndan yapt\u0131r\u0131ld\u0131. Mezar ta\u015flar\u0131n\u0131n dahi kaybolma noktas\u0131na geldi\u011fi \u015fehitlikteki \u015fehit Mehmet\u00e7iklerin mezarlar\u0131 g\u00f6ren vatanda\u015flar\u0131 y\u00fcreklerini par\u00e7al\u0131yor. Eski \u015fehitli\u011fe yak\u0131n aile mezarlar\u0131 olan vatanda\u015flar \u015fehitlerin mezarlar\u0131n\u0131 sulayarak bak\u0131m\u0131n\u0131 kendi imkanlar\u0131 ile yapmaya \u00e7al\u0131\u015f\u0131yor.<\/p>\n<p>Abdurrahim Kiremit\u00e7i, \u015fehitlerin mezarlar\u0131n\u0131n bulundu\u011fu yerin eski \u015fehitlik olarak bilindi\u011fini ifade ederek, &#8220;O d\u00f6nemde ula\u015f\u0131m zorlu\u011fu oldu\u011fundan 1960-1970\u2019l\u0131 y\u0131llarda \u015fehit olan askerlerimizi buraya defin etmi\u015fler. Maalesef \u00fczerinden y\u0131llar ge\u00e7mi\u015f, unutulmu\u015f, yetkililer ilgilenmemi\u015f, \u00e7o\u011fu \u015fehidin mezar ta\u015f\u0131 dahi yok. Fatiha veren dahi yok, bizim mezar yerimizin \u015fehit mezarl\u0131\u011f\u0131n\u0131n yan\u0131nda oldu\u011fu i\u00e7in geldi\u011fimizde Fatiha okuyoruz. Mezarlar\u0131n\u0131 suluyoruz. \u00c7i\u00e7eklerini ekiyoruz. Yetkililerden tek ricam\u0131z, bu \u015fehitlere hak ettikleri, de\u011feri versinler, mezarlar\u0131n\u0131 yapt\u0131rs\u0131nlar, \u015fehitlerin mezarlar\u0131n\u0131 yapt\u0131rmak \u00e7ok masraf gerektirmiyor. \u00c7anakkale\u2019de \u015fehit olanlarla, bunlar\u0131n hi\u00e7 bir fark\u0131 yoktur&#8221; dedi.<\/p>\n","protected":false},"excerpt":{"rendered":"<p>K\u0130L\u0130S&#8217;TE, SINIR HATTINDA \u015eEH\u0130T OLAN ASKERLER\u0130N DEF\u0130N ED\u0130LD\u0130\u011e\u0130 ESK\u0130 \u015eEH\u0130TL\u0130KTE \u015eEH\u0130T MEZARLARI, BAKIMSIZLIKTAN KADER\u0130NE TERK ED\u0130LD\u0130.<\/p>\n","protected":false},"author":1,"featured_media":228682,"comment_status":"closed","ping_status":"open","sticky":false,"template":"","format":"standard","meta":{"jetpack_post_was_ever_published":false,"_jetpack_newsletter_access":"","_jetpack_dont_email_post_to_subs":false,"_jetpack_newsletter_tier_id":0,"_jetpack_memberships_contains_paywalled_content":false,"_jetpack_memberships_contains_paid_content":false,"footnotes":"","jetpack_publicize_message":"","jetpack_publicize_feature_enabled":true,"jetpack_social_post_already_shared":true,"jetpack_social_options":{"image_generator_settings":{"template":"highway","default_image_id":0,"font":"","enabled":false},"version":2}},"categories":[1],"tags":[2270,4378,21080],"class_list":["post-228681","post","type-post","status-publish","format-standard","has-post-thumbnail","hentry","category-genel","tag-bakim","tag-bekliyor","tag-sehitlik"],"jetpack_publicize_connections":[],"jetpack_featured_media_url":"https:\/\/i0.wp.com\/www.tvturk.com\/wp-content\/uploads\/2019\/11\/sehitlik-bakim-bekliyor_90b4568.jpg?fit=1000%2C666","jetpack_sharing_enabled":true,"jetpack_shortlink":"https:\/\/wp.me\/paKIfm-Xup","_links":{"self":[{"href":"http:\/\/www.tvturk.com\/index.php\/wp-json\/wp\/v2\/posts\/228681","targetHints":{"allow":["GET"]}}],"collection":[{"href":"http:\/\/www.tvturk.com\/index.php\/wp-json\/wp\/v2\/posts"}],"about":[{"href":"http:\/\/www.tvturk.com\/index.php\/wp-json\/wp\/v2\/types\/post"}],"author":[{"embeddable":true,"href":"http:\/\/www.tvturk.com\/index.php\/wp-json\/wp\/v2\/users\/1"}],"replies":[{"embeddable":true,"href":"http:\/\/www.tvturk.com\/index.php\/wp-json\/wp\/v2\/comments?post=228681"}],"version-history":[{"count":0,"href":"http:\/\/www.tvturk.com\/index.php\/wp-json\/wp\/v2\/posts\/228681\/revisions"}],"wp:featuredmedia":[{"embeddable":true,"href":"http:\/\/www.tvturk.com\/index.php\/wp-json\/wp\/v2\/media\/228682"}],"wp:attachment":[{"href":"http:\/\/www.tvturk.com\/index.php\/wp-json\/wp\/v2\/media?parent=228681"}],"wp:term":[{"taxonomy":"category","embeddable":true,"href":"http:\/\/www.tvturk.com\/index.php\/wp-json\/wp\/v2\/categories?post=228681"},{"taxonomy":"post_tag","embeddable":true,"href":"http:\/\/www.tvturk.com\/index.php\/wp-json\/wp\/v2\/tags?post=228681"}],"curies":[{"name":"wp","href":"https:\/\/api.w.org\/{rel}","templated":true}]}}