{"id":228703,"date":"2019-11-15T13:16:56","date_gmt":"2019-11-15T10:16:56","guid":{"rendered":"http:\/\/www.tvturk.com\/index.php\/bayrampasali-minikler-anaokuluna-kavustu\/"},"modified":"2019-11-15T13:16:56","modified_gmt":"2019-11-15T10:16:56","slug":"bayrampasali-minikler-anaokuluna-kavustu","status":"publish","type":"post","link":"http:\/\/www.tvturk.com\/index.php\/bayrampasali-minikler-anaokuluna-kavustu\/","title":{"rendered":"Bayrampa\u015fal\u0131 minikler anaokuluna kavu\u015ftu"},"content":{"rendered":"<p>Bayrampa\u015fa Belediyesi ve \u0130stanbul Valili\u011fi i\u015f birli\u011fi i\u00e7erisinde e\u011fitime destek amac\u0131yla yap\u0131m\u0131 tamamlanan Hac\u0131 Halide Canayak\u0131n Anaokulu, imzalanan protokol ile Bayrampa\u015fa \u0130l\u00e7e Milli E\u011fitim M\u00fcd\u00fcrl\u00fc\u011f\u00fcne teslim edildi.<\/p>\n<p>Bayrampa\u015fa Belediyesi ve \u0130stanbul Valili\u011fi taraf\u0131ndan \u00e7al\u0131\u015fan annelerin \u00e7ocuklar\u0131n\u0131n okul \u00f6ncesi e\u011fitimleri i\u00e7in Y\u0131ld\u0131r\u0131m Mahallesi\u2019nde yap\u0131lan Halide Canayak\u0131n Anaokulu, d\u00fczenlenen t\u00f6ren ile Bayrampa\u015fa \u0130l\u00e7e Milli E\u011fitim M\u00fcd\u00fcrl\u00fc\u011f\u00fcne teslim edildi. T\u00f6rene Bayrampa\u015fa \u0130l\u00e7e Kaymakam\u0131 Dr. Soner \u015eenel, Bayrampa\u015fa Belediye Ba\u015fkan\u0131 Atila Ayd\u0131ner, \u0130l\u00e7e Milli E\u011fitim M\u00fcd\u00fcr\u00fc Dr. Abdulaziz Yeniyol, ba\u015fkan yard\u0131mc\u0131lar\u0131 ve veliler kat\u0131ld\u0131. Konu\u015fmalar\u0131n ard\u0131ndan protokol imzas\u0131 ger\u00e7ekle\u015fti. \u0130mzalanan protokolle birlikte anaokulu Bayrampa\u015fa \u0130l\u00e7e Milli E\u011fitim M\u00fcd\u00fcrl\u00fc\u011f\u00fcne teslim edildi. Program sonunda minikler Ba\u015fkan Ayd\u0131ner ve beraberindekilere plaket ve \u00e7i\u00e7ek takdim etti.<\/p>\n<p>\u201c\u00c7ocuklar\u0131m\u0131za bu \u00fclkeyi emanet edece\u011fiz\u201d<\/p>\n<p>T\u00f6rende konu\u015fan Bayrampa\u015fa Belediye Ba\u015fkan\u0131 Atila Ayd\u0131ner, \u201cGen\u00e7 bir n\u00fcfusumuz var.  Avrupa\u2019n\u0131n en gen\u00e7 n\u00fcfusuna sahip bir \u00fclkeyiz. D\u00fcnyan\u0131n en \u00f6nemli bir \u00fclkesiyiz. Yavrular\u0131m\u0131z bizim gelece\u011fimiz. Bu \u00e7ocuklar\u0131m\u0131za bu \u00fclkeyi emanet edece\u011fiz. E\u011fitim ve \u00f6\u011frenimle tam donan\u0131ml\u0131 bir e\u011fitimi milli e\u011fitim olarak Bayrampa\u015fa Belediyesi\u2019nin katk\u0131lar\u0131yla birlikte Bayrampa\u015fa\u2019da en iyi \u015fekilde yapman\u0131n gayreti i\u00e7erisindeyiz\u201d dedi.<\/p>\n<p>\u201cOkul \u00f6ncesi e\u011fitim \u00e7ok \u00f6nemli\u201d<\/p>\n<p>Okul \u00f6ncesi e\u011fitimin \u00e7ok \u00f6nemli oldu\u011funu vurgulayan Bayrampa\u015fa \u0130l\u00e7e Milli E\u011fitim M\u00fcd\u00fcr\u00fc Dr. Abdulaziz Yeniyol, \u201cOkul \u00f6ncesi e\u011fitim benim felsefemde \u00e7ok \u00f6nemli bir yer tutar. Dil becerisi e\u011fer okul \u00f6ncesinde yani ilkokul s\u0131ralar\u0131na gelmeden sa\u011flanmazsa \u00e7ocu\u011fun e\u011fitim ve \u00f6\u011fretim hayat\u0131na sakin \u015fekilde ba\u015flamas\u0131na vesile oluyor. \u0130ster say\u0131sal ister s\u00f6zel e\u011fitim \u00f6\u011fretimde e\u011fer dil becerisi dil kazan\u0131m\u0131, anlamas\u0131, zihnine manay\u0131 y\u00fcklemesi yani dilde zay\u0131fl\u0131k varsa buralarda s\u0131k\u0131nt\u0131 oluyor\u201d ifadelerinde bulundu.<\/p>\n","protected":false},"excerpt":{"rendered":"<p>BAYRAMPA\u015eA BELED\u0130YES\u0130 VE \u0130STANBUL VAL\u0130L\u0130\u011e\u0130 \u0130\u015e B\u0130RL\u0130\u011e\u0130 \u0130\u00c7ER\u0130S\u0130NDE E\u011e\u0130T\u0130ME DESTEK AMACIYLA YAPIMI TAMAMLANAN HACI HAL\u0130DE CANAYAKIN ANAOKULU, \u0130MZALANAN PROTOKOL \u0130LE BAYRAMPA\u015eA \u0130L\u00c7E M\u0130LL\u0130 E\u011e\u0130T\u0130M M\u00dcD\u00dcRL\u00dc\u011e\u00dcNE TESL\u0130M ED\u0130LD\u0130.<\/p>\n","protected":false},"author":1,"featured_media":228704,"comment_status":"closed","ping_status":"open","sticky":false,"template":"","format":"standard","meta":{"jetpack_post_was_ever_published":false,"_jetpack_newsletter_access":"","_jetpack_dont_email_post_to_subs":false,"_jetpack_newsletter_tier_id":0,"_jetpack_memberships_contains_paywalled_content":false,"_jetpack_memberships_contains_paid_content":false,"footnotes":"","jetpack_publicize_message":"","jetpack_publicize_feature_enabled":true,"jetpack_social_post_already_shared":true,"jetpack_social_options":{"image_generator_settings":{"template":"highway","default_image_id":0,"font":"","enabled":false},"version":2}},"categories":[1],"tags":[4522,17148,1825,2786],"class_list":["post-228703","post","type-post","status-publish","format-standard","has-post-thumbnail","hentry","category-genel","tag-anaokuluna","tag-bayrampasali","tag-kavustu","tag-minikler"],"jetpack_publicize_connections":[],"jetpack_featured_media_url":"https:\/\/i0.wp.com\/www.tvturk.com\/wp-content\/uploads\/2019\/11\/bayrampasali-minikler-anaokuluna-kavustu_e2054de.jpg?fit=1000%2C666","jetpack_sharing_enabled":true,"jetpack_shortlink":"https:\/\/wp.me\/paKIfm-XuL","_links":{"self":[{"href":"http:\/\/www.tvturk.com\/index.php\/wp-json\/wp\/v2\/posts\/228703","targetHints":{"allow":["GET"]}}],"collection":[{"href":"http:\/\/www.tvturk.com\/index.php\/wp-json\/wp\/v2\/posts"}],"about":[{"href":"http:\/\/www.tvturk.com\/index.php\/wp-json\/wp\/v2\/types\/post"}],"author":[{"embeddable":true,"href":"http:\/\/www.tvturk.com\/index.php\/wp-json\/wp\/v2\/users\/1"}],"replies":[{"embeddable":true,"href":"http:\/\/www.tvturk.com\/index.php\/wp-json\/wp\/v2\/comments?post=228703"}],"version-history":[{"count":0,"href":"http:\/\/www.tvturk.com\/index.php\/wp-json\/wp\/v2\/posts\/228703\/revisions"}],"wp:featuredmedia":[{"embeddable":true,"href":"http:\/\/www.tvturk.com\/index.php\/wp-json\/wp\/v2\/media\/228704"}],"wp:attachment":[{"href":"http:\/\/www.tvturk.com\/index.php\/wp-json\/wp\/v2\/media?parent=228703"}],"wp:term":[{"taxonomy":"category","embeddable":true,"href":"http:\/\/www.tvturk.com\/index.php\/wp-json\/wp\/v2\/categories?post=228703"},{"taxonomy":"post_tag","embeddable":true,"href":"http:\/\/www.tvturk.com\/index.php\/wp-json\/wp\/v2\/tags?post=228703"}],"curies":[{"name":"wp","href":"https:\/\/api.w.org\/{rel}","templated":true}]}}