{"id":228729,"date":"2019-11-15T13:47:03","date_gmt":"2019-11-15T10:47:03","guid":{"rendered":"http:\/\/www.tvturk.com\/index.php\/3-yasindaki-yusuf-asker-selamiyla-yemin-torenine-damga-vurdu\/"},"modified":"2019-11-15T13:47:03","modified_gmt":"2019-11-15T10:47:03","slug":"3-yasindaki-yusuf-asker-selamiyla-yemin-torenine-damga-vurdu","status":"publish","type":"post","link":"http:\/\/www.tvturk.com\/index.php\/3-yasindaki-yusuf-asker-selamiyla-yemin-torenine-damga-vurdu\/","title":{"rendered":"3 ya\u015f\u0131ndaki Yusuf, asker selam\u0131yla yemin t\u00f6renine damga vurdu"},"content":{"rendered":"<p>Burdur\u2019da temel e\u011fitimlerini tamamlayan 10. d\u00f6nem 251 uzman erba\u015f i\u00e7in yemin t\u00f6reni d\u00fczenlendi. Yemin t\u00f6renine gelen asker k\u0131yafeti giydirilmi\u015f 3 ya\u015f\u0131ndaki Yusuf Turan, ge\u00e7i\u015f yapan askerleri asker selam\u0131yla selamlad\u0131. Protokolde Garnizon Komutan Vekili Piyade Albay Sedat G\u00f6ll\u00fc ile birlikte ge\u00e7i\u015fi selamlayan Yusuf Turan t\u00f6ren sonras\u0131nda Komutan\u0131n\u0131n yan\u0131na giderek tekrar selam verdi.<\/p>\n<p>Burdur 58. Piyade E\u011fitim Alay\u0131 Binba\u015f\u0131 Maruf K\u0131\u015flas\u0131\u2019nda ger\u00e7ekle\u015ftirilen yemin t\u00f6reni, sayg\u0131 duru\u015fu bulunulmas\u0131 ve \u0130stiklal Mar\u015f\u0131\u2019n\u0131n okunmas\u0131yla ba\u015flad\u0131. Birlik sanca\u011f\u0131n\u0131n yerini almas\u0131ndan sonra temel e\u011fitimlerini tamamlayan 251 uzman erba\u015f, silah ve T\u00fcrk bayra\u011f\u0131 \u00fczerine el basarak yemin etti. Garnizon Komutan Vekili Piyade Albay Sedat G\u00f6ll\u00fc, e\u011fitim s\u0131ras\u0131nda ba\u015far\u0131 g\u00f6steren uzman erba\u015flara \u00f6d\u00fcllerini takdim etti. Albay G\u00f6ll\u00fc, t\u00f6rende yapt\u0131\u011f\u0131 konu\u015fmada, uzman erba\u015flar\u0131n vatan, millet, vazife u\u011fruna canlar\u0131n\u0131 feda etmeye yemin ettiklerini belirtti. Yeminin anlam\u0131n\u0131n askerin mesle\u011fine y\u00fcrekten ba\u011flan\u0131\u015f\u0131 ve milletine verdi\u011fi \u015feref s\u00f6z\u00fc oldu\u011funu dile getiren G\u00f6ll\u00fc, &#8220;Teminat\u0131 onurdur, bedeli de gerekti\u011finde vatan u\u011fruna \u015fehit olmakt\u0131r&#8221; dedi. G\u00f6ll\u00fc, uzman erba\u015flar\u0131n yeminin i\u00e7indeki ifadeleri ak\u0131llar\u0131ndan \u00e7\u0131karmamalar\u0131 gerekti\u011fine i\u015faret ederek \u015f\u00f6yle konu\u015ftu: &#8220;Devam eden e\u011fitim s\u00fcreniz boyunca size verilecek olanlar\u0131 \u00f6z\u00fcmseyin. Fiziki yeteneklerinizi, size verilecek g\u00f6revleri yapabilecek \u015fekilde geli\u015ftirin. Yard\u0131msever olun ve etti\u011finiz yeminin bir gere\u011fi olarak silah arkada\u015fl\u0131\u011f\u0131n\u0131 her \u015feyin \u00f6n\u00fcnde tutarak kuvvetlendirin. &#8220;<\/p>\n<p>Daha sonra Garnizon Komutan Vekili Piyade Albay Sedat G\u00f6ll\u00fc Birli\u011fe ilk kat\u0131lan Uzman Erba\u015flara hediyeler verdi.  T\u00f6renin sonunda askerleri bando e\u015fli\u011finde ge\u00e7i\u015f yapt\u0131.<\/p>\n<p>Yemin t\u00f6renine gelen asker k\u0131yafeti giydirilmi\u015f 3 ya\u015f\u0131ndaki Yusuf Turan, ge\u00e7i\u015f yapan askerleri asker selam\u0131yla selamlad\u0131. Protokol\u2019 de Garnizon Komutan Vekili Piyade Albay Sedat G\u00f6ll\u00fc ile birlikte ge\u00e7i\u015fi selamlayan Yusuf Turan t\u00f6ren sonras\u0131nda Komutan\u0131n\u0131n yan\u0131na giderek tekrar selam verdi. T\u00f6ren sonras\u0131nda Uzman Erba\u015flar aileleriyle hasret giderdi. Day\u0131s\u0131n\u0131n kuca\u011f\u0131na ko\u015fan Yusuf Turan\u2019 da tekrar selam vererek yemin t\u00f6renin maskotu oldu. Asker yak\u0131nlar\u0131 bir araya geldikleri esnada sevin\u00e7 g\u00f6zya\u015f\u0131 d\u00f6kt\u00fc.<\/p>\n","protected":false},"excerpt":{"rendered":"<p>BURDUR\u2019DA TEMEL E\u011e\u0130T\u0130MLER\u0130N\u0130 TAMAMLAYAN 10. D\u00d6NEM 251 UZMAN ERBA\u015e \u0130\u00c7\u0130N YEM\u0130N T\u00d6REN\u0130 D\u00dcZENLEND\u0130. YEM\u0130N T\u00d6REN\u0130NE GELEN ASKER KIYAFET\u0130 G\u0130YD\u0130R\u0130LM\u0130\u015e 3 YA\u015eINDAK\u0130 YUSUF TURAN, GE\u00c7\u0130\u015e YAPAN ASKERLER\u0130 ASKER SELAMIYLA SELAMLADI. PROTOKOLDE GARN\u0130ZON KOMUTAN VEK\u0130L\u0130 P\u0130YADE ALBAY SEDAT G\u00d6LL\u00dc \u0130LE B\u0130RL\u0130KTE GE\u00c7\u0130\u015e\u0130 SELAMLAYAN YUSUF TURAN T\u00d6REN SONRASINDA KOMUTANININ YANINA G\u0130DEREK TEKRAR SELAM VERD\u0130.<\/p>\n","protected":false},"author":1,"featured_media":228730,"comment_status":"closed","ping_status":"open","sticky":false,"template":"","format":"standard","meta":{"jetpack_post_was_ever_published":false,"_jetpack_newsletter_access":"","_jetpack_dont_email_post_to_subs":false,"_jetpack_newsletter_tier_id":0,"_jetpack_memberships_contains_paywalled_content":false,"_jetpack_memberships_contains_paid_content":false,"footnotes":"","jetpack_publicize_message":"","jetpack_publicize_feature_enabled":true,"jetpack_social_post_already_shared":true,"jetpack_social_options":{"image_generator_settings":{"template":"highway","default_image_id":0,"font":"","enabled":false},"version":2}},"categories":[1],"tags":[1598,2179,7903,6096,2180,1063,5575,5292],"class_list":["post-228729","post","type-post","status-publish","format-standard","has-post-thumbnail","hentry","category-genel","tag-asker","tag-damga","tag-selamiyla","tag-torenine","tag-vurdu","tag-yasindaki","tag-yemin","tag-yusuf"],"jetpack_publicize_connections":[],"jetpack_featured_media_url":"https:\/\/i0.wp.com\/www.tvturk.com\/wp-content\/uploads\/2019\/11\/3-yasindaki-yusuf-asker-selamiyla-yemin-torenine-damga-vurdu_1309746.jpg?fit=1000%2C666","jetpack_sharing_enabled":true,"jetpack_shortlink":"https:\/\/wp.me\/paKIfm-Xvb","_links":{"self":[{"href":"http:\/\/www.tvturk.com\/index.php\/wp-json\/wp\/v2\/posts\/228729","targetHints":{"allow":["GET"]}}],"collection":[{"href":"http:\/\/www.tvturk.com\/index.php\/wp-json\/wp\/v2\/posts"}],"about":[{"href":"http:\/\/www.tvturk.com\/index.php\/wp-json\/wp\/v2\/types\/post"}],"author":[{"embeddable":true,"href":"http:\/\/www.tvturk.com\/index.php\/wp-json\/wp\/v2\/users\/1"}],"replies":[{"embeddable":true,"href":"http:\/\/www.tvturk.com\/index.php\/wp-json\/wp\/v2\/comments?post=228729"}],"version-history":[{"count":0,"href":"http:\/\/www.tvturk.com\/index.php\/wp-json\/wp\/v2\/posts\/228729\/revisions"}],"wp:featuredmedia":[{"embeddable":true,"href":"http:\/\/www.tvturk.com\/index.php\/wp-json\/wp\/v2\/media\/228730"}],"wp:attachment":[{"href":"http:\/\/www.tvturk.com\/index.php\/wp-json\/wp\/v2\/media?parent=228729"}],"wp:term":[{"taxonomy":"category","embeddable":true,"href":"http:\/\/www.tvturk.com\/index.php\/wp-json\/wp\/v2\/categories?post=228729"},{"taxonomy":"post_tag","embeddable":true,"href":"http:\/\/www.tvturk.com\/index.php\/wp-json\/wp\/v2\/tags?post=228729"}],"curies":[{"name":"wp","href":"https:\/\/api.w.org\/{rel}","templated":true}]}}