{"id":228731,"date":"2019-11-15T13:48:03","date_gmt":"2019-11-15T10:48:03","guid":{"rendered":"http:\/\/www.tvturk.com\/index.php\/istanbul-kastamonuspordan-avrupa-acilimi\/"},"modified":"2019-11-15T13:48:03","modified_gmt":"2019-11-15T10:48:03","slug":"istanbul-kastamonuspordan-avrupa-acilimi","status":"publish","type":"post","link":"http:\/\/www.tvturk.com\/index.php\/istanbul-kastamonuspordan-avrupa-acilimi\/","title":{"rendered":"\u0130stanbul Kastamonuspor\u2019dan Avrupa a\u00e7\u0131l\u0131m\u0131"},"content":{"rendered":"<p>\u0130stanbul Kastamonu Gen\u00e7lik ve Spor Kul\u00fcb\u00fc, T\u00fcrkiye\u2019de bir ilke imza atarak uluslararas\u0131 alanda gen\u00e7lerin gelece\u011fine y\u00f6n verecek projesini hayata ge\u00e7irmek i\u00e7in ilk ad\u0131m\u0131 att\u0131. Bu kapsamda \u0130stanbul Kastamonuspor ile University of East London ve Westham United Foundation aras\u0131nda &#8220;Sportif Gen\u00e7lik De\u011fi\u015fim Projesi \u0130\u015fbirli\u011fi Protokol\u00fc&#8221; imzaland\u0131.<\/p>\n<p>Sosyal sorumluluk projesi kapsam\u0131nda University of East London \u00f6\u011fretim g\u00f6revlisi ve ayn\u0131 zamanda \u0130ngiltere\u2019nin k\u00f6kl\u00fc futbol kul\u00fcplerinden biri olan Westham United\u2019\u0131n e\u011fitim direkt\u00f6r\u00fc, proje lideri Gerald Raymond Diver, \u0130stanbul Kastamonuspor\u2019un davetlisi olarak \u00e7al\u0131\u015fma ziyareti i\u00e7in \u0130stanbul\u2019a geldi. Diver, projenin start\u0131n\u0131 T\u00fcrkiye\u2019de vermekten ve sosyal stat\u00fcs\u00fc d\u00fc\u015f\u00fck, dar gelirli ailelerin \u00e7ocuklar\u0131n\u0131n geleceklerine y\u00f6n verecek ve \u00fclkeler aras\u0131nda uygulanacak olan \u2019Sportif Gen\u00e7lik De\u011fi\u015fim Projesi\u2019 kapsam\u0131nda T\u00fcrkiye\u2019de bulunmaktan dolay\u0131 \u00e7ok mutlu oldu\u011funu ifade etti. Diver, &#8220;Sportif faaliyetler arac\u0131l\u0131\u011f\u0131yla \u00e7ocuklar\u0131m\u0131z\u0131n, gen\u00e7lerimizin bireysel y\u00f6nlerini geli\u015ftirerek, her t\u00fcrl\u00fc k\u00f6t\u00fc al\u0131\u015fkanl\u0131klardan uzak tutarak iyi sporcular ve vizyoner bireyler olmalar\u0131na katk\u0131 sa\u011flayacak olan bu projenin bir par\u00e7as\u0131 olman\u0131n heyecan\u0131n\u0131 ya\u015f\u0131yorum&#8221; dedi.<\/p>\n<p>\u00c7al\u0131\u015fma ziyaretinde Kastamonu E\u011fitim K\u00fclt\u00fcr ve Spor Merkezi\u2019nde proje i\u00e7eri\u011fi ve uygulama metodlar\u0131yla ilgili \u00e7ocuklarla birlikte ebeveynlerini de bilgilendiren Diver, resmi prosed\u00fcrlerin tamamlanmas\u0131yla birlikte 2020 y\u0131l\u0131n\u0131n \u015eubat ay\u0131nda projenin ilk ad\u0131m\u0131n\u0131n uygulanmaya ba\u015flanaca\u011f\u0131n\u0131 ve ilerleyen s\u00fcre\u00e7te daha geni\u015f kitlelere ula\u015farak \u00e7ok say\u0131da gence katk\u0131 sa\u011flayacaklar\u0131n\u0131 belirtti.<\/p>\n<p>&#8220;B\u00fct\u00fcn mesaimizi de \u00e7ocuk ve gen\u00e7lik yat\u0131r\u0131m\u0131 \u00fczerine yap\u0131yoruz&#8221;<\/p>\n<p>\u0130stanbul Kastamonuspor Ba\u015fkan\u0131 \u0130lker Dilek, \u00e7ocuklar\u0131n sporla evrilip geli\u015fimlerini s\u00fcrd\u00fcrmelerinin ba\u015far\u0131n\u0131n anahtar\u0131 oldu\u011funu dile getirdi. \u00c7ocuklar\u0131 \u00e7ok iyi anlad\u0131\u011f\u0131n\u0131, kendisinin de bu s\u00fcre\u00e7leri ya\u015fayarak, zorluklar\u0131 a\u015farak bug\u00fcne geldi\u011fini s\u00f6yleyen Dilek, &#8220;Bizim elimizden tutan kimse yoktu ancak onlar\u0131n elini hi\u00e7 b\u0131rakmayacak bizler var\u0131z. Kimisi futbolcu olur sahada kal\u0131r, kimisi top toplay\u0131c\u0131 olur futbolun i\u00e7inde olur. Bakars\u0131n\u0131z biri fizyoterapist di\u011feri spor hekimi olur ama mutlaka hayattan bir \u015feyler kapabilmeleri laz\u0131m. B\u00fct\u00fcn mesaimizi de \u00e7ocuk ve gen\u00e7lik yat\u0131r\u0131m\u0131 \u00fczerine yap\u0131yoruz&#8221; diye konu\u015ftu.<\/p>\n<p>&#8220;Gen\u00e7lerimizin geli\u015fimine \u00e7ok ciddi katk\u0131lar sa\u011flayacak&#8221;<\/p>\n<p>\u00c7ocuklara ve gen\u00e7lere yat\u0131r\u0131m yapman\u0131n, gelece\u011fe yat\u0131r\u0131m yapmak oldu\u011funu vurgulayan Dilek, \u015funlar\u0131 kaydetti:<\/p>\n<p>&#8220;Bu temel ilkemiz do\u011frultusunda t\u00fcm gayretimizle \u00e7al\u0131\u015fmaya devam edece\u011fiz. Gen\u00e7lerimizin gelece\u011fine \u0131\u015f\u0131k tutacak yeni fikirlerin ve projelerin hayata ge\u00e7mesi i\u00e7in \u00e7al\u0131\u015fmalar\u0131m\u0131z\u0131 yo\u011fun bir \u015fekilde s\u00fcrd\u00fcrece\u011fiz. \u0130stanbul Kastamonuspor, University of East London ve Westham United Foundation i\u015f birli\u011fiyle T\u00fcrkiye\u2019de ilk kez uygulanacak Sportif Gen\u00e7lik De\u011fi\u015fim Projesi, gen\u00e7lerimizin geli\u015fimine \u00e7ok ciddi katk\u0131lar sa\u011flayacak. Bu s\u00fcre\u00e7 yaln\u0131zca \u0130ngiltere ile s\u0131n\u0131rl\u0131 kalmayacak, Avrupa\u2019n\u0131n farkl\u0131 \u00fclkelerinde partner spor kul\u00fcpleri ile sportif, e\u011fitim ve k\u00fclt\u00fcrel faaliyetler kapsam\u0131nda bu projeyi s\u00fcrd\u00fcrece\u011fiz. Yaln\u0131zca \u00e7ocuklar\u0131m\u0131z de\u011fil e\u011fiticilerimiz de yeni kazan\u0131mlar elde edecek. Bu s\u00fcre\u00e7te \u00e7ocuklar farkl\u0131 k\u00fclt\u00fcrleri tan\u0131yacak, yabanc\u0131 dil \u00f6\u011frenecek ve geleceklerini sa\u011flam temeller \u00fczerine in\u015fa edecekler. Sizlere s\u00f6z veriyoruz bize inan\u0131n, destekleyin ve takip edin. \u0130stanbul Kastamonuspor olarak T\u00fcrk gen\u00e7li\u011fine ve T\u00fcrkiye\u2019ye hizmetlerimize art\u0131rarak devam edece\u011fiz.&#8221;<\/p>\n","protected":false},"excerpt":{"rendered":"<p>\u0130STANBUL KASTAMONU GEN\u00c7L\u0130K VE SPOR KUL\u00dcB\u00dc, T\u00dcRK\u0130YE&#8217;DE B\u0130R \u0130LKE \u0130MZA ATARAK ULUSLARARASI ALANDA GEN\u00c7LER\u0130N GELECE\u011e\u0130NE Y\u00d6N VERECEK PROJES\u0130N\u0130 HAYATA GE\u00c7\u0130RMEK \u0130\u00c7\u0130N \u0130LK ADIMI ATTI. BU KAPSAMDA \u0130STANBUL KASTAMONUSPOR \u0130LE UN\u0130VERS\u0130TY OF EAST LONDON VE WESTHAM UN\u0130TED FOUNDAT\u0130ON ARASINDA &#8220;SPORT\u0130F GEN\u00c7L\u0130K DE\u011e\u0130\u015e\u0130M PROJES\u0130 \u0130\u015eB\u0130RL\u0130\u011e\u0130 PROTOKOL\u00dc&#8221; \u0130MZALANDI.<\/p>\n","protected":false},"author":1,"featured_media":228732,"comment_status":"closed","ping_status":"open","sticky":false,"template":"","format":"standard","meta":{"jetpack_post_was_ever_published":false,"_jetpack_newsletter_access":"","_jetpack_dont_email_post_to_subs":false,"_jetpack_newsletter_tier_id":0,"_jetpack_memberships_contains_paywalled_content":false,"_jetpack_memberships_contains_paid_content":false,"footnotes":"","jetpack_publicize_message":"","jetpack_publicize_feature_enabled":true,"jetpack_social_post_already_shared":true,"jetpack_social_options":{"image_generator_settings":{"template":"highway","default_image_id":0,"font":"","enabled":false},"version":2}},"categories":[657],"tags":[54619,392,730,57615],"class_list":["post-228731","post","type-post","status-publish","format-standard","has-post-thumbnail","hentry","category-spor","tag-acilimi","tag-avrupa","tag-istanbul","tag-kastamonuspordan"],"jetpack_publicize_connections":[],"jetpack_featured_media_url":"https:\/\/i0.wp.com\/www.tvturk.com\/wp-content\/uploads\/2019\/11\/istanbul-kastamonuspordan-avrupa-acilimi_2a0880a.jpg?fit=1000%2C665","jetpack_sharing_enabled":true,"jetpack_shortlink":"https:\/\/wp.me\/paKIfm-Xvd","_links":{"self":[{"href":"http:\/\/www.tvturk.com\/index.php\/wp-json\/wp\/v2\/posts\/228731","targetHints":{"allow":["GET"]}}],"collection":[{"href":"http:\/\/www.tvturk.com\/index.php\/wp-json\/wp\/v2\/posts"}],"about":[{"href":"http:\/\/www.tvturk.com\/index.php\/wp-json\/wp\/v2\/types\/post"}],"author":[{"embeddable":true,"href":"http:\/\/www.tvturk.com\/index.php\/wp-json\/wp\/v2\/users\/1"}],"replies":[{"embeddable":true,"href":"http:\/\/www.tvturk.com\/index.php\/wp-json\/wp\/v2\/comments?post=228731"}],"version-history":[{"count":0,"href":"http:\/\/www.tvturk.com\/index.php\/wp-json\/wp\/v2\/posts\/228731\/revisions"}],"wp:featuredmedia":[{"embeddable":true,"href":"http:\/\/www.tvturk.com\/index.php\/wp-json\/wp\/v2\/media\/228732"}],"wp:attachment":[{"href":"http:\/\/www.tvturk.com\/index.php\/wp-json\/wp\/v2\/media?parent=228731"}],"wp:term":[{"taxonomy":"category","embeddable":true,"href":"http:\/\/www.tvturk.com\/index.php\/wp-json\/wp\/v2\/categories?post=228731"},{"taxonomy":"post_tag","embeddable":true,"href":"http:\/\/www.tvturk.com\/index.php\/wp-json\/wp\/v2\/tags?post=228731"}],"curies":[{"name":"wp","href":"https:\/\/api.w.org\/{rel}","templated":true}]}}