{"id":22879,"date":"2019-02-11T17:46:02","date_gmt":"2019-02-11T14:46:02","guid":{"rendered":"http:\/\/www.tvturk.com\/index.php\/macar-buyukelcide-palanciogluna-veda\/"},"modified":"2019-02-11T17:46:04","modified_gmt":"2019-02-11T14:46:04","slug":"macar-buyukelcide-palanciogluna-veda","status":"publish","type":"post","link":"http:\/\/www.tvturk.com\/index.php\/macar-buyukelcide-palanciogluna-veda\/","title":{"rendered":"Macar B\u00fcy\u00fckel\u00e7i\u2019de Palanc\u0131o\u011flu\u2019na veda"},"content":{"rendered":"<p>T\u00fcrkiye\u2019deki g\u00f6rev s\u00fcresi dolan Macaristan Ankara B\u00fcy\u00fckel\u00e7isi Gabor Kiss, Talas Belediye Ba\u015fkan\u0131 Dr. Mustafa Palanc\u0131o\u011flu\u2019na veda ziyaretinde bulundu.<\/p>\n<p>Makamda ger\u00e7ekle\u015fen ziyarette konu\u015fan Ba\u015fkan Palanc\u0131o\u011flu, kendisini \u2018de\u011ferli arkada\u015f\u0131m, dostum\u2019 diye tan\u0131mlayarak, \u201cGabor Bey, \u00fclkesine d\u00f6nerken yeni g\u00f6revlerinde ve hayat\u0131nda ba\u015far\u0131lar diliyorum. Uzun s\u00fcredir T\u00fcrk-Macar ili\u015fkilerini geli\u015ftirmek \u00fczere katk\u0131lar\u0131 oldu. \u00d6zellikle Macaristan\u2019\u0131n Miskolc \u015fehrinin Kayseri ile karde\u015f \u015fehir olmas\u0131n\u0131 sa\u011flad\u0131 ve orada yat\u0131r\u0131mlar\u0131n hayata ge\u00e7mesine katk\u0131 sundu. Kendisi \u015fuana kadar g\u00f6rd\u00fc\u011f\u00fcm en aktif b\u00fcy\u00fckel\u00e7ilerden birisi. Kendisini seviyoruz. Uzun s\u00fcredir tan\u0131\u015f\u0131yoruz. Bu ili\u015fkilerin geli\u015fmesinde Macaristan\u2019\u0131n T\u00fcrkiye Fahri Konsolosu Osman \u015eahbaz karde\u015fimizin de katk\u0131lar\u0131 var. Kendisi iki \u00fclke ili\u015fkilerinin geli\u015ftirilmesinde aktif rol ald\u0131. Her ikisine de te\u015fekk\u00fcr ediyorum. \u0130n\u015fallah bundan sonra da iki \u00fclke ili\u015fkileri artarak devam edecek. Biz de elimizden gelen deste\u011fi verece\u011fiz.\u201d dedi.<\/p>\n<p>Macaristan Ankara B\u00fcy\u00fckel\u00e7isi Gabor Kiss ise, bundan sonra Kayseri ve Kayserilerle daha g\u00fc\u00e7l\u00fc ili\u015fkisinin olaca\u011f\u0131n\u0131 belirterek, \u201cT\u00fcrkiye\u2019ye ve Kayseri\u2019ye bundan sonra \u00e7ok kez gelece\u011fim. \u00c7\u00fcnk\u00fc \u00e7ok de\u011ferli dostlar\u0131m var.\u201d diye konu\u015ftu.<\/p>\n<p>\u201cKayseri benim g\u00f6z\u00fcmde ve kalbimde \u00e7ok farkl\u0131 bir yerde\u201d diyen B\u00fcy\u00fckel\u00e7i Kiss, \u015funlar\u0131 s\u00f6yledi: \u201cKayseri ile ili\u015fkilerimiz gayet g\u00fc\u00e7l\u00fc. \u0130lk defa 2012 y\u0131l\u0131nda \u015fehre gelmi\u015ftim. Kayseri-Macar k\u00fclt\u00fcr g\u00fcnlerini d\u00fczenlemi\u015ftik. O y\u0131ldan bug\u00fcne kadar her y\u0131l birka\u00e7 ortak program d\u00fczenledik. Kayseri halk\u0131 ile Macar halk\u0131 birbirlerine hem g\u00fcveniyorlar, hem de farkl\u0131 farkl\u0131 programlar yap\u0131yorlar. Bundan sonra da bu ili\u015fkilerin devam edece\u011fine inan\u0131yorum. Macaristan\u2019daki \u00fcst d\u00fczey ili\u015fkide bulundu\u011fum insanlara \u015funu s\u00f6yl\u00fcyorum: Kayseri\u2019nin halk\u0131, y\u00f6neticileri, Macaristan\u2019daki b\u00fct\u00fcn insanlar\u0131 y\u00fcreklerine basmaya haz\u0131rlar. Mustafa Beye dostlu\u011funa, deste\u011fine te\u015fekk\u00fcr ediyorum. Resmi g\u00f6revlerimiz de\u011fi\u015febilir ama \u015fahsi dostlu\u011fumuz uzun soluklu devam edecektir.\u201d<\/p>\n<p>Konu\u015fmalar\u0131n ard\u0131ndan B\u00fcy\u00fckel\u00e7i Gabor Talas Belediye Ba\u015fkan\u0131 Mustafa Palanc\u0131o\u011flu\u2019na \u00fclkesini anlatan plaket takdim etti. Ba\u015fkan Palanc\u0131o\u011flu da kendisine T\u00fcrk bayra\u011f\u0131 tablosu hediye etti.<div class=\"tiled-gallery type-rectangular tiled-gallery-unresized\" data-original-width=\"500\" data-carousel-extra='null' itemscope itemtype=\"http:\/\/schema.org\/ImageGallery\" > <div class=\"gallery-row\" style=\"width: 500px; height: 168px;\" data-original-width=\"500\" data-original-height=\"168\" > <div class=\"gallery-group images-1\" style=\"width: 250px; height: 168px;\" data-original-width=\"250\" data-original-height=\"168\" > <div class=\"tiled-gallery-item tiled-gallery-item-small\" itemprop=\"associatedMedia\" itemscope itemtype=\"http:\/\/schema.org\/ImageObject\"> <a href=\"http:\/\/www.tvturk.com\/index.php\/macar-buyukelcide-palanciogluna-veda\/macar-buyukelcide-palanciogluna-veda-3\/\" border=\"0\" itemprop=\"url\"> <meta itemprop=\"width\" content=\"246\"> <meta itemprop=\"height\" content=\"164\"> <img decoding=\"async\" class=\"\" data-attachment-id=\"22881\" data-orig-file=\"http:\/\/www.tvturk.com\/wp-content\/uploads\/2019\/02\/macar-buyukelcide-palanciogluna-veda_33fdea3.jpg\" data-orig-size=\"1000,666\" data-comments-opened=\"\" data-image-meta=\"{&quot;aperture&quot;:&quot;0&quot;,&quot;credit&quot;:&quot;IHA&quot;,&quot;camera&quot;:&quot;&quot;,&quot;caption&quot;:&quot;T\\u00dcRK\\u0130YE\\u2019DEK\\u0130 G\\u00d6REV S\\u00dcRES\\u0130 DOLAN MACAR\\u0130STAN ANKARA B\\u00dcY\\u00dcKEL\\u00c7\\u0130S\\u0130 GABOR K\\u0130SS, TALAS BELED\\u0130YE BA\\u015eKANI DR. MUSTAFA PALANCIO\\u011eLU\\u2019NA VEDA Z\\u0130YARET\\u0130NDE BULUNDU. (\\u0130HA\\\/KAYSER\\u0130-\\u0130HA)&quot;,&quot;created_timestamp&quot;:&quot;0&quot;,&quot;copyright&quot;:&quot;\\u0130HLAS HABER AJANSI, www.iha.com.tr&quot;,&quot;focal_length&quot;:&quot;0&quot;,&quot;iso&quot;:&quot;0&quot;,&quot;shutter_speed&quot;:&quot;0&quot;,&quot;title&quot;:&quot;MACAR B\\u00dcY\\u00dcKEL\\u00c7\\u0130\\u0027DE PALANCIO\\u011eLU\\u0027NA VEDA&quot;,&quot;orientation&quot;:&quot;0&quot;}\" data-image-title=\"Macar B\u00fcy\u00fckel\u00e7i\u2019de Palanc\u0131o\u011flu\u2019na veda\" data-image-description=\"&lt;p&gt;Macar B\u00fcy\u00fckel\u00e7i\u2019de Palanc\u0131o\u011flu\u2019na veda&lt;\/p&gt; \" data-medium-file=\"https:\/\/i0.wp.com\/www.tvturk.com\/wp-content\/uploads\/2019\/02\/macar-buyukelcide-palanciogluna-veda_33fdea3.jpg?fit=300%2C200\" data-large-file=\"https:\/\/i0.wp.com\/www.tvturk.com\/wp-content\/uploads\/2019\/02\/macar-buyukelcide-palanciogluna-veda_33fdea3.jpg?fit=1000%2C666\" src=\"https:\/\/i0.wp.com\/www.tvturk.com\/wp-content\/uploads\/2019\/02\/macar-buyukelcide-palanciogluna-veda_33fdea3.jpg?w=246&#038;h=164\" srcset=\"https:\/\/i0.wp.com\/www.tvturk.com\/wp-content\/uploads\/2019\/02\/macar-buyukelcide-palanciogluna-veda_33fdea3.jpg?w=1000 1000w, https:\/\/i0.wp.com\/www.tvturk.com\/wp-content\/uploads\/2019\/02\/macar-buyukelcide-palanciogluna-veda_33fdea3.jpg?resize=150%2C100 150w, https:\/\/i0.wp.com\/www.tvturk.com\/wp-content\/uploads\/2019\/02\/macar-buyukelcide-palanciogluna-veda_33fdea3.jpg?resize=300%2C200 300w, https:\/\/i0.wp.com\/www.tvturk.com\/wp-content\/uploads\/2019\/02\/macar-buyukelcide-palanciogluna-veda_33fdea3.jpg?resize=768%2C511 768w, https:\/\/i0.wp.com\/www.tvturk.com\/wp-content\/uploads\/2019\/02\/macar-buyukelcide-palanciogluna-veda_33fdea3.jpg?resize=170%2C113 170w, https:\/\/i0.wp.com\/www.tvturk.com\/wp-content\/uploads\/2019\/02\/macar-buyukelcide-palanciogluna-veda_33fdea3.jpg?resize=120%2C80 120w\" width=\"246\" height=\"164\" loading=\"lazy\" data-original-width=\"246\" data-original-height=\"164\" itemprop=\"http:\/\/schema.org\/image\" title=\"Macar B\u00fcy\u00fckel\u00e7i\u2019de Palanc\u0131o\u011flu\u2019na veda\" alt=\"Macar B\u00fcy\u00fckel\u00e7i\u2019de Palanc\u0131o\u011flu\u2019na veda\" style=\"width: 246px; height: 164px;\" \/> <\/a> <\/div> <\/div> <!-- close group --> <div class=\"gallery-group images-1\" style=\"width: 250px; height: 168px;\" data-original-width=\"250\" data-original-height=\"168\" > <div class=\"tiled-gallery-item tiled-gallery-item-small\" itemprop=\"associatedMedia\" itemscope itemtype=\"http:\/\/schema.org\/ImageObject\"> <a href=\"http:\/\/www.tvturk.com\/index.php\/macar-buyukelcide-palanciogluna-veda\/macar-buyukelcide-palanciogluna-veda-4\/\" border=\"0\" itemprop=\"url\"> <meta itemprop=\"width\" content=\"246\"> <meta itemprop=\"height\" content=\"164\"> <img decoding=\"async\" class=\"\" data-attachment-id=\"22882\" data-orig-file=\"http:\/\/www.tvturk.com\/wp-content\/uploads\/2019\/02\/macar-buyukelcide-palanciogluna-veda_e03ca11.jpg\" data-orig-size=\"1000,666\" data-comments-opened=\"\" data-image-meta=\"{&quot;aperture&quot;:&quot;0&quot;,&quot;credit&quot;:&quot;IHA&quot;,&quot;camera&quot;:&quot;&quot;,&quot;caption&quot;:&quot;T\\u00dcRK\\u0130YE\\u2019DEK\\u0130 G\\u00d6REV S\\u00dcRES\\u0130 DOLAN MACAR\\u0130STAN ANKARA B\\u00dcY\\u00dcKEL\\u00c7\\u0130S\\u0130 GABOR K\\u0130SS, TALAS BELED\\u0130YE BA\\u015eKANI DR. MUSTAFA PALANCIO\\u011eLU\\u2019NA VEDA Z\\u0130YARET\\u0130NDE BULUNDU. (\\u0130HA\\\/KAYSER\\u0130-\\u0130HA)&quot;,&quot;created_timestamp&quot;:&quot;0&quot;,&quot;copyright&quot;:&quot;\\u0130HLAS HABER AJANSI, www.iha.com.tr&quot;,&quot;focal_length&quot;:&quot;0&quot;,&quot;iso&quot;:&quot;0&quot;,&quot;shutter_speed&quot;:&quot;0&quot;,&quot;title&quot;:&quot;MACAR B\\u00dcY\\u00dcKEL\\u00c7\\u0130\\u0027DE PALANCIO\\u011eLU\\u0027NA VEDA&quot;,&quot;orientation&quot;:&quot;0&quot;}\" data-image-title=\"Macar B\u00fcy\u00fckel\u00e7i\u2019de Palanc\u0131o\u011flu\u2019na veda\" data-image-description=\"&lt;p&gt;Macar B\u00fcy\u00fckel\u00e7i\u2019de Palanc\u0131o\u011flu\u2019na veda&lt;\/p&gt; \" data-medium-file=\"https:\/\/i0.wp.com\/www.tvturk.com\/wp-content\/uploads\/2019\/02\/macar-buyukelcide-palanciogluna-veda_e03ca11.jpg?fit=300%2C200\" data-large-file=\"https:\/\/i0.wp.com\/www.tvturk.com\/wp-content\/uploads\/2019\/02\/macar-buyukelcide-palanciogluna-veda_e03ca11.jpg?fit=1000%2C666\" src=\"https:\/\/i0.wp.com\/www.tvturk.com\/wp-content\/uploads\/2019\/02\/macar-buyukelcide-palanciogluna-veda_e03ca11.jpg?w=246&#038;h=164\" srcset=\"https:\/\/i0.wp.com\/www.tvturk.com\/wp-content\/uploads\/2019\/02\/macar-buyukelcide-palanciogluna-veda_e03ca11.jpg?w=1000 1000w, https:\/\/i0.wp.com\/www.tvturk.com\/wp-content\/uploads\/2019\/02\/macar-buyukelcide-palanciogluna-veda_e03ca11.jpg?resize=150%2C100 150w, https:\/\/i0.wp.com\/www.tvturk.com\/wp-content\/uploads\/2019\/02\/macar-buyukelcide-palanciogluna-veda_e03ca11.jpg?resize=300%2C200 300w, https:\/\/i0.wp.com\/www.tvturk.com\/wp-content\/uploads\/2019\/02\/macar-buyukelcide-palanciogluna-veda_e03ca11.jpg?resize=768%2C511 768w, https:\/\/i0.wp.com\/www.tvturk.com\/wp-content\/uploads\/2019\/02\/macar-buyukelcide-palanciogluna-veda_e03ca11.jpg?resize=170%2C113 170w, https:\/\/i0.wp.com\/www.tvturk.com\/wp-content\/uploads\/2019\/02\/macar-buyukelcide-palanciogluna-veda_e03ca11.jpg?resize=120%2C80 120w\" width=\"246\" height=\"164\" loading=\"lazy\" data-original-width=\"246\" data-original-height=\"164\" itemprop=\"http:\/\/schema.org\/image\" title=\"Macar B\u00fcy\u00fckel\u00e7i\u2019de Palanc\u0131o\u011flu\u2019na veda\" alt=\"Macar B\u00fcy\u00fckel\u00e7i\u2019de Palanc\u0131o\u011flu\u2019na veda\" style=\"width: 246px; height: 164px;\" \/> <\/a> <\/div> <\/div> <!-- close group --> <\/div> <!-- close row --> <\/div><\/p>\n","protected":false},"excerpt":{"rendered":"<p>T\u00dcRK\u0130YE\u2019DEK\u0130 G\u00d6REV S\u00dcRES\u0130 DOLAN MACAR\u0130STAN ANKARA B\u00dcY\u00dcKEL\u00c7\u0130S\u0130 GABOR K\u0130SS, TALAS BELED\u0130YE BA\u015eKANI DR. MUSTAFA PALANCIO\u011eLU\u2019NA VEDA Z\u0130YARET\u0130NDE BULUNDU.<\/p>\n","protected":false},"author":1,"featured_media":22880,"comment_status":"closed","ping_status":"open","sticky":false,"template":"","format":"standard","meta":{"jetpack_post_was_ever_published":false,"_jetpack_newsletter_access":"","_jetpack_dont_email_post_to_subs":false,"_jetpack_newsletter_tier_id":0,"_jetpack_memberships_contains_paywalled_content":false,"_jetpack_memberships_contains_paid_content":false,"footnotes":"","jetpack_publicize_message":"","jetpack_publicize_feature_enabled":true,"jetpack_social_post_already_shared":false,"jetpack_social_options":{"image_generator_settings":{"template":"highway","default_image_id":0,"font":"","enabled":false},"version":2}},"categories":[655],"tags":[9770,9769,9771,4421],"class_list":["post-22879","post","type-post","status-publish","format-standard","has-post-thumbnail","hentry","category-son-dakika","tag-buyukelcide","tag-macar","tag-palanciogluna","tag-veda"],"jetpack_publicize_connections":[],"jetpack_featured_media_url":"https:\/\/i0.wp.com\/www.tvturk.com\/wp-content\/uploads\/2019\/02\/macar-buyukelcide-palanciogluna-veda_59938ba.jpg?fit=1000%2C666","jetpack_sharing_enabled":true,"jetpack_shortlink":"https:\/\/wp.me\/paKIfm-5X1","_links":{"self":[{"href":"http:\/\/www.tvturk.com\/index.php\/wp-json\/wp\/v2\/posts\/22879","targetHints":{"allow":["GET"]}}],"collection":[{"href":"http:\/\/www.tvturk.com\/index.php\/wp-json\/wp\/v2\/posts"}],"about":[{"href":"http:\/\/www.tvturk.com\/index.php\/wp-json\/wp\/v2\/types\/post"}],"author":[{"embeddable":true,"href":"http:\/\/www.tvturk.com\/index.php\/wp-json\/wp\/v2\/users\/1"}],"replies":[{"embeddable":true,"href":"http:\/\/www.tvturk.com\/index.php\/wp-json\/wp\/v2\/comments?post=22879"}],"version-history":[{"count":1,"href":"http:\/\/www.tvturk.com\/index.php\/wp-json\/wp\/v2\/posts\/22879\/revisions"}],"predecessor-version":[{"id":22883,"href":"http:\/\/www.tvturk.com\/index.php\/wp-json\/wp\/v2\/posts\/22879\/revisions\/22883"}],"wp:featuredmedia":[{"embeddable":true,"href":"http:\/\/www.tvturk.com\/index.php\/wp-json\/wp\/v2\/media\/22880"}],"wp:attachment":[{"href":"http:\/\/www.tvturk.com\/index.php\/wp-json\/wp\/v2\/media?parent=22879"}],"wp:term":[{"taxonomy":"category","embeddable":true,"href":"http:\/\/www.tvturk.com\/index.php\/wp-json\/wp\/v2\/categories?post=22879"},{"taxonomy":"post_tag","embeddable":true,"href":"http:\/\/www.tvturk.com\/index.php\/wp-json\/wp\/v2\/tags?post=22879"}],"curies":[{"name":"wp","href":"https:\/\/api.w.org\/{rel}","templated":true}]}}