{"id":228821,"date":"2019-11-15T17:02:10","date_gmt":"2019-11-15T14:02:10","guid":{"rendered":"http:\/\/www.tvturk.com\/index.php\/bursada-istihdam-bulusmasi\/"},"modified":"2019-11-15T17:02:10","modified_gmt":"2019-11-15T14:02:10","slug":"bursada-istihdam-bulusmasi","status":"publish","type":"post","link":"http:\/\/www.tvturk.com\/index.php\/bursada-istihdam-bulusmasi\/","title":{"rendered":"Bursa\u2019da \u2018istihdam\u2019 bulu\u015fmas\u0131"},"content":{"rendered":"<p>B\u00fcy\u00fck\u015fehir Belediyesi\u2019nin destekleriyle bu y\u0131l 6.\u2019s\u0131 d\u00fczenlenen ve i\u015f arayanlarla i\u015fverenleri ayn\u0131 \u00e7at\u0131 alt\u0131nda bulu\u015fturan Bursa \u0130nsan Kaynaklar\u0131 ve \u0130stihdam Bulu\u015fmas\u0131, 21-23 tarihleri aras\u0131nda Merinos Atat\u00fcrk Kongre K\u00fclt\u00fcr Merkezi\u2019nde (Merinos AKKM) yap\u0131lacak.<\/p>\n<p>280 \u015firket, 28 seminer, 3 s\u00f6yle\u015fi<\/p>\n<p>B\u00fcy\u00fck\u015fehir Belediyesi, Bursa Ticaret ve Sanayi Odas\u0131 (BTSO), Bursa Kent Konseyi (BKK), \u00c7al\u0131\u015fma ve \u0130\u015f Kurumu \u0130l M\u00fcd\u00fcrl\u00fc\u011f\u00fc taraf\u0131ndan d\u00fczenlenen Bursa \u0130nsan Kaynaklar\u0131 ve \u0130stihdam Bulu\u015fmas\u0131, bu y\u0131l da i\u015f arayanlarla i\u015fverenlerini bir araya getirecek. \u0130nsan kaynaklar\u0131 ve istihdam alan\u0131nda T\u00fcrkiye\u2019nin en kapsaml\u0131 organizasyonlar\u0131ndan biri olan etkinli\u011fe; 13 holdingden 69 firma, 13 \u015firketler grubundan 56 firma ve 155 firma olmak \u00fczere toplam 280 \u015firket stant ile temsil edilecek. Kat\u0131l\u0131mc\u0131lar\u0131n firmalarla i\u015f g\u00f6r\u00fc\u015fmeleri yapmalar\u0131na imkan tan\u0131yacak etkinlik \u00e7er\u00e7evesinde 21 Kas\u0131m tarihinde Yazar Kahraman Tazeo\u011flu taraf\u0131ndan s\u00f6yle\u015fi, 22 Kas\u0131m tarihinde Davran\u0131\u015f Bilimleri Uzman\u0131 A\u015fk\u0131m Kap\u0131\u015fmak taraf\u0131ndan \u2018Etkili \u0130leti\u015fim Stratejileri\u2019 konferans\u0131 ve 23 Kas\u0131m tarihinde Reynmen taraf\u0131ndan s\u00f6yle\u015fi d\u00fczenlenecek. Ki\u015fisel geli\u015fime katk\u0131 sa\u011flamak hedefiyle sertifikal\u0131 28 seminer organize edilecek. Ziyaret\u00e7ilerin fuar alan\u0131na, konferanslara ve sertifikal\u0131 seminerlere \u00fccretsiz i\u015ftirak edebilece\u011fi dev organizasyonun tan\u0131t\u0131m toplant\u0131s\u0131, Tayyare K\u00fclt\u00fcr Merkezi K\u00fc\u00e7\u00fck Salon\u2019da yap\u0131ld\u0131.<\/p>\n<p>Alan\u0131nda en kapsaml\u0131 organizasyon<\/p>\n<p>BTSO Y\u00f6netim Kurulu \u00dcyesi Aytu\u011f Onur, Bursa Kent Konseyi Ba\u015fkan\u0131 \u015eevket Orhan ve Bursa \u00c7al\u0131\u015fma ve \u0130\u015f Kurumu M\u00fcd\u00fcr\u00fc Feyzullah Eren T\u00fcrkmen\u2019in de kat\u0131ld\u0131\u011f\u0131 toplant\u0131da konu\u015fan B\u00fcy\u00fck\u015fehir Belediye Ba\u015fkan\u0131 Alinur Akta\u015f, yerelde mesleki e\u011fitim ve istihdama b\u00fcy\u00fck \u00f6nem verdiklerini s\u00f6yledi. Bursa \u0130nsan Kaynaklar\u0131 ve \u0130stihdam Bulu\u015fmas\u0131\u2019n\u0131n biraz da bu hassasiyetin \u00fcr\u00fcn\u00fc oldu\u011funu ifade eden Ba\u015fkan Akta\u015f, \u201cProfesyonel fuarc\u0131l\u0131k anlay\u0131\u015f\u0131yla ger\u00e7ekle\u015ftirdi\u011fimiz etkinlik, konusu, kapsam\u0131 ve katk\u0131lar\u0131 a\u00e7\u0131s\u0131ndan bir sosyal sorumluluk projesidir. Alan\u0131nda en kapsaml\u0131 organizasyondur. Buradaki ana hedefimiz, Bursa\u2019n\u0131n \u00f6nde gelen firmalar\u0131 ile i\u015f arayan veya kariyer geli\u015fimini hedefleyen vatanda\u015flar\u0131m\u0131z\u0131 bir araya getirmektir. Bir \u00f6nceki etkinli\u011fimizden daha verimli ve etkili organizasyon ger\u00e7ekle\u015ftirmek istiyoruz\u201d dedi.<\/p>\n<p>Hedef: \u0130\u015fsizlikle m\u00fccadeleye destek<\/p>\n<p>Bursa \u0130nsan Kaynaklar\u0131 ve \u0130stihdam Bulu\u015fmas\u0131\u2019nda firmalar\u0131n i\u015fg\u00fcc\u00fcyle bir araya gelece\u011fini, sekt\u00f6rler ve insan kaynaklar\u0131 hakk\u0131nda ziyaret\u00e7ilere bilgilendirmeler yap\u0131laca\u011f\u0131n\u0131, doestek verilece\u011fini belirten Ba\u015fkan Akta\u015f, \u201cOrganizasyonumuz, firmalar\u0131n ve insan kaynaklar\u0131 \u00e7al\u0131\u015fanlar\u0131n\u0131n birbirleriyle kayna\u015fmalar\u0131na imkan tan\u0131yarak, sistemin geli\u015fmesini sa\u011flayacakt\u0131r\u201d diye konu\u015ftu. Bursa\u2019n\u0131n i\u015fg\u00fcc\u00fc piyasas\u0131na \u00f6nemli art\u0131lar kataca\u011f\u0131na inand\u0131klar\u0131 etkinli\u011fe yo\u011fun bir kat\u0131l\u0131m beklediklerini vurgulayan Ba\u015fkan Akta\u015f, \u201cBursa\u2019n\u0131n en \u00f6nemli s\u0131k\u0131nt\u0131s\u0131 olan i\u015fsizlikle m\u00fccadeleye katk\u0131da bulunmaya destek olan t\u00fcm firmalar\u0131m\u0131za, seminer ve konferans verecek uzmanlar\u0131m\u0131za, i\u015fbirli\u011fi ve deste\u011fini esirgemeyen, eme\u011fi ge\u00e7en herkese te\u015fekk\u00fcrlerimi sunuyorum\u201d \u015feklinde konu\u015ftu. Ba\u015fkan Akta\u015f, B\u00fcy\u00fck\u015fehir Belediyesi\u2019ne personel temininde de\u011ferlendirilen Binted firmas\u0131n\u0131n da bundan sonra i\u015f ve i\u015f\u00e7i bulma kurumu gibi \u00e7al\u0131\u015faca\u011f\u0131n\u0131, sekt\u00f6rlere eleman temininde bulunaca\u011f\u0131n\u0131 ifade etti.<\/p>\n<p>\u00c7al\u0131\u015fma ve \u0130\u015f Kurumu \u0130l M\u00fcd\u00fcr\u00fc Feyzullah Eren T\u00fcrkmen ise bu y\u0131l 6:\u2019s\u0131 d\u00fczenlenen Bursa \u0130nsan Kaynaklar\u0131 ve \u0130stihdam Bulu\u015fmas\u0131\u2019n\u0131n hay\u0131rl\u0131 olmas\u0131n\u0131 diledi. BTSO Y\u00f6netim Kurulu \u00dcyesi Aytu\u011f Onur da i\u015fsizli\u011fin Bursa\u2019dan \u00f6te \u00fclkenin \u00f6nceli\u011fi oldu\u011funu ifade ederek, kurum olarak i\u015f g\u00fcc\u00fcndeki niteli\u011fin ve istihdam\u0131n art\u0131r\u0131lmas\u0131 y\u00f6n\u00fcnde faaliyet g\u00f6sterdiklerini s\u00f6yledi. Onur, zirvenin hay\u0131rl\u0131 olmas\u0131n\u0131 diledi.<\/p>\n","protected":false},"excerpt":{"rendered":"<p>BURSA&#8217;DA \u0130ST\u0130HDAM BULU\u015eMASI OLACAK<\/p>\n","protected":false},"author":1,"featured_media":228822,"comment_status":"closed","ping_status":"open","sticky":false,"template":"","format":"standard","meta":{"jetpack_post_was_ever_published":false,"_jetpack_newsletter_access":"","_jetpack_dont_email_post_to_subs":false,"_jetpack_newsletter_tier_id":0,"_jetpack_memberships_contains_paywalled_content":false,"_jetpack_memberships_contains_paid_content":false,"footnotes":"","jetpack_publicize_message":"","jetpack_publicize_feature_enabled":true,"jetpack_social_post_already_shared":true,"jetpack_social_options":{"image_generator_settings":{"template":"highway","default_image_id":0,"font":"","enabled":false},"version":2}},"categories":[19],"tags":[8164,1032,2034],"class_list":["post-228821","post","type-post","status-publish","format-standard","has-post-thumbnail","hentry","category-ekonomi","tag-bulusmasi","tag-bursada","tag-istihdam"],"jetpack_publicize_connections":[],"jetpack_featured_media_url":"https:\/\/i0.wp.com\/www.tvturk.com\/wp-content\/uploads\/2019\/11\/bursada-istihdam-bulusmasi_b308c3b.jpg?fit=1000%2C666","jetpack_sharing_enabled":true,"jetpack_shortlink":"https:\/\/wp.me\/paKIfm-XwF","_links":{"self":[{"href":"http:\/\/www.tvturk.com\/index.php\/wp-json\/wp\/v2\/posts\/228821","targetHints":{"allow":["GET"]}}],"collection":[{"href":"http:\/\/www.tvturk.com\/index.php\/wp-json\/wp\/v2\/posts"}],"about":[{"href":"http:\/\/www.tvturk.com\/index.php\/wp-json\/wp\/v2\/types\/post"}],"author":[{"embeddable":true,"href":"http:\/\/www.tvturk.com\/index.php\/wp-json\/wp\/v2\/users\/1"}],"replies":[{"embeddable":true,"href":"http:\/\/www.tvturk.com\/index.php\/wp-json\/wp\/v2\/comments?post=228821"}],"version-history":[{"count":0,"href":"http:\/\/www.tvturk.com\/index.php\/wp-json\/wp\/v2\/posts\/228821\/revisions"}],"wp:featuredmedia":[{"embeddable":true,"href":"http:\/\/www.tvturk.com\/index.php\/wp-json\/wp\/v2\/media\/228822"}],"wp:attachment":[{"href":"http:\/\/www.tvturk.com\/index.php\/wp-json\/wp\/v2\/media?parent=228821"}],"wp:term":[{"taxonomy":"category","embeddable":true,"href":"http:\/\/www.tvturk.com\/index.php\/wp-json\/wp\/v2\/categories?post=228821"},{"taxonomy":"post_tag","embeddable":true,"href":"http:\/\/www.tvturk.com\/index.php\/wp-json\/wp\/v2\/tags?post=228821"}],"curies":[{"name":"wp","href":"https:\/\/api.w.org\/{rel}","templated":true}]}}