{"id":22884,"date":"2019-02-11T17:46:04","date_gmt":"2019-02-11T14:46:04","guid":{"rendered":"http:\/\/www.tvturk.com\/index.php\/turk-egitim-senin-irakli-turkmen-egitimciler-icin-duzenledigi-kursun-sertifika-toreni-yapildi\/"},"modified":"2019-02-11T17:46:06","modified_gmt":"2019-02-11T14:46:06","slug":"turk-egitim-senin-irakli-turkmen-egitimciler-icin-duzenledigi-kursun-sertifika-toreni-yapildi","status":"publish","type":"post","link":"http:\/\/www.tvturk.com\/index.php\/turk-egitim-senin-irakli-turkmen-egitimciler-icin-duzenledigi-kursun-sertifika-toreni-yapildi\/","title":{"rendered":"T\u00fcrk E\u011fitim-Sen\u2019in Irakl\u0131 T\u00fcrkmen e\u011fitimciler i\u00e7in d\u00fczenledi\u011fi kursun sertifika t\u00f6reni yap\u0131ld\u0131"},"content":{"rendered":"<p>T\u00fcrk E\u011fitim-Sen\u2019in Irakl\u0131 T\u00fcrkmen e\u011fitimciler i\u00e7in 4-11 \u015eubat tarihleri aras\u0131nda d\u00fczenledi\u011fi \u2019E\u011fitim ve E\u011fitim Y\u00f6netiminde Yeni Yakla\u015f\u0131mlar\u2019 konulu kursun sertifika t\u00f6reni T\u00fcrk E\u011fitim-Sen Genel Merkezinde ger\u00e7ekle\u015ftirildi.<\/p>\n<p>T\u00fcrk E\u011fitim-Sen\u2019in Irakl\u0131 T\u00fcrkmen e\u011fitimciler i\u00e7in 4-11 \u015eubat tarihleri aras\u0131nda d\u00fczenledi\u011fi \u2019E\u011fitim ve E\u011fitim Y\u00f6netiminde Yeni Yakla\u015f\u0131mlar\u2019 konulu kursun sertifika t\u00f6reni T\u00fcrk E\u011fitim-Sen Genel Merkezinde ger\u00e7ekle\u015ftirildi. T\u00fcrk E\u011fitim-Sen Genel Ba\u015fkan\u0131 Talip Geylan t\u00f6rende yapt\u0131\u011f\u0131 konu\u015fmada, T\u00fcrk E\u011fitim-Sen\u2019in milli bir kurulu\u015f oldu\u011funa dikkat \u00e7ekerek, \u2019\u2019Bu noktada \u00fczerimize d\u00fc\u015fen sorumluluklar\u0131 yerine getiriyoruz. Bizler Kerk\u00fck\u2019\u00fc g\u00f6rmeden, Kerk\u00fck\u2019e sevdalanan bir gelene\u011fin temsilcisiyiz. Bu noktada Irak T\u00fcrkmenlerinin davas\u0131n\u0131 T\u00fcrk E\u011fitim-Sen\u2019in de davas\u0131 olarak g\u00f6r\u00fcyoruz. \u00d6te yandan Irak T\u00fcrkmen E\u011fitimciler \u00d6\u011fretmen \u00d6rg\u00fct\u00fc, Uluslararas\u0131 Avrasya E\u011fitimciler Sendikas\u0131\u2019n\u0131n de\u011ferli bir \u00fcyesidir. Her y\u0131l UAESEB olarak bir araya geliyoruz. \u00d6n\u00fcm\u00fczdeki y\u0131llarda da umuyoruz ki, Kerk\u00fck\u2019te bir toplant\u0131m\u0131z\u0131 yapaca\u011f\u0131z. Unutulmamal\u0131d\u0131r ki T\u00fcrkmen e\u011fitimciler, Irak\u2019taki T\u00fcrkmen varl\u0131\u011f\u0131n\u0131n teminat\u0131d\u0131r. Bu minvalde d\u00fcn ve bug\u00fcn oldu\u011fu gibi yar\u0131n da sizlerin yan\u0131nda olaca\u011f\u0131z\u2019\u2019 ifadelerini kulland\u0131.<\/p>\n<p>\u2019\u2019Ya\u015fad\u0131\u011f\u0131m\u0131z g\u00fc\u00e7l\u00fckleri birlik ve beraberlik i\u00e7erisinde dayan\u0131\u015fmayla a\u015fabiliriz\u2019\u2019<\/p>\n<p>T\u00fcrkiye Kamu-Sen Genel Ba\u015fkan\u0131 \u00d6nder Kahveci de, \u2019\u2019B\u00f6yle bir organizasyona ev sahipli\u011fi yapt\u0131\u011f\u0131 i\u00e7in T\u00fcrk E\u011fitim-Sen\u2019e te\u015fekk\u00fcr ediyorum. Milli olmak s\u00f6zle olmuyor, nerede ihtiya\u00e7 varsa oraya el uzatmakla oluyor. T\u00fcrkiye Kamu-Sen olarak bu y\u00f6n\u00fcm\u00fczle her zaman soyda\u015flar\u0131m\u0131z\u0131n yan\u0131nday\u0131z. Hem milli hassasiyetlerimizi g\u00f6zetiyoruz, hem de \u00e7al\u0131\u015fanlar\u0131m\u0131z\u0131n sesi olmaya devam ediyoruz. Sizler soyda\u015flar\u0131m\u0131z\u0131n ya\u015fad\u0131\u011f\u0131 her s\u0131k\u0131nt\u0131y\u0131 y\u00fcre\u011fimizde hissederiz. Do\u011fu T\u00fcrkistan\u2019da ya\u015fanan mezalime sessiz kalamay\u0131z. Sizler ve soyda\u015flar\u0131m\u0131z asla yaln\u0131z de\u011fildir. Konfederasyon olarak sesiniz ve solu\u011funuz olmaya devam edece\u011fiz. E\u011fitim alan\u0131nda yap\u0131lan bu \u00e7al\u0131\u015fmalar\u0131 s\u0131kl\u0131kla yap\u0131yoruz. Di\u011fer i\u015f kollar\u0131nda da bu yard\u0131mla\u015fmay\u0131 yayabiliriz. T\u00fcrkiye Kamu-Sen bu konularda her zaman seferber olamaya haz\u0131rd\u0131r. Bizim birbirimize ihtiyac\u0131m\u0131z var. Ya\u015fad\u0131\u011f\u0131m\u0131z g\u00fc\u00e7l\u00fckleri birlik ve beraberlik i\u00e7erisinde dayan\u0131\u015fmayla a\u015fabiliriz. Kerk\u00fck\u2019e de gelmeyi \u00e7ok isteriz. Bizler kendi milletimizin de\u011ferlerini ya\u015fatamazsak, soyda\u015flar\u0131m\u0131za el uzatamazsak y\u00fcre\u011fimiz yanar. Mavi g\u00f6k bayra\u011fa zarar gelirse, biz de bunu y\u00fcre\u011fimizde hissederiz.  Konfederasyon olarak 11 i\u015f koluyla yerli ve milli bir sivil toplum \u00f6rg\u00fct\u00fcy\u00fcz. Sizlere her t\u00fcrl\u00fc deste\u011fe haz\u0131r\u0131z\u2019\u2019 \u015feklinde konu\u015ftu.<\/p>\n<p>Konu\u015fmalar\u0131n ard\u0131ndan sertifika t\u00f6reni yap\u0131ld\u0131. Kurs, kursiyerlere sertifika takdimi ile tamamland\u0131. Sertifika t\u00f6renine Geylan ve Kahveci\u2019nin yan\u0131 s\u0131ra Irak T\u00fcrkmen Cephesi T\u00fcrkiye Temsilcisi Mehmet T\u00fct\u00fcnc\u00fc, Irak T\u00fcrkmen E\u011fitimciler \u00d6\u011fretmen \u00d6rg\u00fct\u00fc Ba\u015fkan Yard\u0131mc\u0131s\u0131 Ali G\u00fclboy, \u0130LKSAN Y\u00f6netim Kurulu Ba\u015fkan\u0131 Tuncer Y\u0131lmaz, T\u00dcRKAV Genel Ba\u015fkan\u0131 Ebubekir Korkmaz, T\u00fcrkiye Kamu-Sen\u2019e ba\u011fl\u0131 sendikalar\u0131n genel ba\u015fkanlar\u0131, T\u00fcrk E\u011fitim-Sen Genel Merkez Y\u00f6netim Kurulu \u00fcyeleri ile kursiyerler kat\u0131ld\u0131.<div class=\"tiled-gallery type-rectangular tiled-gallery-unresized\" data-original-width=\"500\" data-carousel-extra='null' itemscope itemtype=\"http:\/\/schema.org\/ImageGallery\" > <div class=\"gallery-row\" style=\"width: 500px; height: 168px;\" data-original-width=\"500\" data-original-height=\"168\" > <div class=\"gallery-group images-1\" style=\"width: 250px; height: 168px;\" data-original-width=\"250\" data-original-height=\"168\" > <div class=\"tiled-gallery-item tiled-gallery-item-small\" itemprop=\"associatedMedia\" itemscope itemtype=\"http:\/\/schema.org\/ImageObject\"> <a href=\"http:\/\/www.tvturk.com\/index.php\/turk-egitim-senin-irakli-turkmen-egitimciler-icin-duzenledigi-kursun-sertifika-toreni-yapildi\/turk-egitim-senin-irakli-turkmen-egitimciler-icin-duzenledigi-kursun-sertifika-toreni-yapildi-3\/\" border=\"0\" itemprop=\"url\"> <meta itemprop=\"width\" content=\"246\"> <meta itemprop=\"height\" content=\"164\"> <img decoding=\"async\" class=\"\" data-attachment-id=\"22886\" data-orig-file=\"http:\/\/www.tvturk.com\/wp-content\/uploads\/2019\/02\/turk-egitim-senin-irakli-turkmen-egitimciler-icin-duzenledigi-kursun-sertifika-toreni-yapildi_ab37c30.jpg\" data-orig-size=\"1000,666\" data-comments-opened=\"\" data-image-meta=\"{&quot;aperture&quot;:&quot;0&quot;,&quot;credit&quot;:&quot;IHA&quot;,&quot;camera&quot;:&quot;&quot;,&quot;caption&quot;:&quot;T\\u00dcRK E\\u011e\\u0130T\\u0130M-SEN\\u2019\\u0130N IRAKLI T\\u00dcRKMEN E\\u011e\\u0130T\\u0130MC\\u0130LER \\u0130\\u00c7\\u0130N 4-11 \\u015eUBAT TAR\\u0130HLER\\u0130 ARASINDA D\\u00dcZENLED\\u0130\\u011e\\u0130 \\u0027E\\u011e\\u0130T\\u0130M VE E\\u011e\\u0130T\\u0130M Y\\u00d6NET\\u0130M\\u0130NDE YEN\\u0130 YAKLA\\u015eIMLAR\\u0027 KONULU KURSUN SERT\\u0130F\\u0130KA T\\u00d6REN\\u0130 T\\u00dcRK E\\u011e\\u0130T\\u0130M-SEN GENEL MERKEZ\\u0130NDE GER\\u00c7EKLE\\u015eT\\u0130R\\u0130LD\\u0130. (\\u0130HA\\\/ANKARA-\\u0130HA)&quot;,&quot;created_timestamp&quot;:&quot;0&quot;,&quot;copyright&quot;:&quot;\\u0130HLAS HABER AJANSI, www.iha.com.tr&quot;,&quot;focal_length&quot;:&quot;0&quot;,&quot;iso&quot;:&quot;0&quot;,&quot;shutter_speed&quot;:&quot;0&quot;,&quot;title&quot;:&quot;T\\u00dcRK E\\u011e\\u0130T\\u0130M-SEN\\u0027\\u0130N IRAKLI T\\u00dcRKMEN E\\u011e\\u0130T\\u0130MC\\u0130LER \\u0130\\u00c7\\u0130N D\\u00dcZENLED\\u0130\\u011e\\u0130 KURSUN SERT\\u0130F\\u0130KA T\\u00d6REN\\u0130 YAPILDI&quot;,&quot;orientation&quot;:&quot;0&quot;}\" data-image-title=\"T\u00fcrk E\u011fitim-Sen\u2019in Irakl\u0131 T\u00fcrkmen e\u011fitimciler i\u00e7in d\u00fczenledi\u011fi kursun sertifika t\u00f6reni yap\u0131ld\u0131\" data-image-description=\"&lt;p&gt;T\u00fcrk E\u011fitim-Sen\u2019in Irakl\u0131 T\u00fcrkmen e\u011fitimciler i\u00e7in d\u00fczenledi\u011fi kursun sertifika t\u00f6reni yap\u0131ld\u0131&lt;\/p&gt; \" data-medium-file=\"https:\/\/i0.wp.com\/www.tvturk.com\/wp-content\/uploads\/2019\/02\/turk-egitim-senin-irakli-turkmen-egitimciler-icin-duzenledigi-kursun-sertifika-toreni-yapildi_ab37c30.jpg?fit=300%2C200\" data-large-file=\"https:\/\/i0.wp.com\/www.tvturk.com\/wp-content\/uploads\/2019\/02\/turk-egitim-senin-irakli-turkmen-egitimciler-icin-duzenledigi-kursun-sertifika-toreni-yapildi_ab37c30.jpg?fit=1000%2C666\" src=\"https:\/\/i0.wp.com\/www.tvturk.com\/wp-content\/uploads\/2019\/02\/turk-egitim-senin-irakli-turkmen-egitimciler-icin-duzenledigi-kursun-sertifika-toreni-yapildi_ab37c30.jpg?w=246&#038;h=164\" srcset=\"https:\/\/i0.wp.com\/www.tvturk.com\/wp-content\/uploads\/2019\/02\/turk-egitim-senin-irakli-turkmen-egitimciler-icin-duzenledigi-kursun-sertifika-toreni-yapildi_ab37c30.jpg?w=1000 1000w, https:\/\/i0.wp.com\/www.tvturk.com\/wp-content\/uploads\/2019\/02\/turk-egitim-senin-irakli-turkmen-egitimciler-icin-duzenledigi-kursun-sertifika-toreni-yapildi_ab37c30.jpg?resize=150%2C100 150w, https:\/\/i0.wp.com\/www.tvturk.com\/wp-content\/uploads\/2019\/02\/turk-egitim-senin-irakli-turkmen-egitimciler-icin-duzenledigi-kursun-sertifika-toreni-yapildi_ab37c30.jpg?resize=300%2C200 300w, https:\/\/i0.wp.com\/www.tvturk.com\/wp-content\/uploads\/2019\/02\/turk-egitim-senin-irakli-turkmen-egitimciler-icin-duzenledigi-kursun-sertifika-toreni-yapildi_ab37c30.jpg?resize=768%2C511 768w, https:\/\/i0.wp.com\/www.tvturk.com\/wp-content\/uploads\/2019\/02\/turk-egitim-senin-irakli-turkmen-egitimciler-icin-duzenledigi-kursun-sertifika-toreni-yapildi_ab37c30.jpg?resize=170%2C113 170w, https:\/\/i0.wp.com\/www.tvturk.com\/wp-content\/uploads\/2019\/02\/turk-egitim-senin-irakli-turkmen-egitimciler-icin-duzenledigi-kursun-sertifika-toreni-yapildi_ab37c30.jpg?resize=120%2C80 120w\" width=\"246\" height=\"164\" loading=\"lazy\" data-original-width=\"246\" data-original-height=\"164\" itemprop=\"http:\/\/schema.org\/image\" title=\"T\u00fcrk E\u011fitim-Sen\u2019in Irakl\u0131 T\u00fcrkmen e\u011fitimciler i\u00e7in d\u00fczenledi\u011fi kursun sertifika t\u00f6reni yap\u0131ld\u0131\" alt=\"T\u00fcrk E\u011fitim-Sen\u2019in Irakl\u0131 T\u00fcrkmen e\u011fitimciler i\u00e7in d\u00fczenledi\u011fi kursun sertifika t\u00f6reni yap\u0131ld\u0131\" style=\"width: 246px; height: 164px;\" \/> <\/a> <\/div> <\/div> <!-- close group --> <div class=\"gallery-group images-1\" style=\"width: 250px; height: 168px;\" data-original-width=\"250\" data-original-height=\"168\" > <div class=\"tiled-gallery-item tiled-gallery-item-small\" itemprop=\"associatedMedia\" itemscope itemtype=\"http:\/\/schema.org\/ImageObject\"> <a href=\"http:\/\/www.tvturk.com\/index.php\/turk-egitim-senin-irakli-turkmen-egitimciler-icin-duzenledigi-kursun-sertifika-toreni-yapildi\/turk-egitim-senin-irakli-turkmen-egitimciler-icin-duzenledigi-kursun-sertifika-toreni-yapildi-4\/\" border=\"0\" itemprop=\"url\"> <meta itemprop=\"width\" content=\"246\"> <meta itemprop=\"height\" content=\"164\"> <img decoding=\"async\" class=\"\" data-attachment-id=\"22887\" data-orig-file=\"http:\/\/www.tvturk.com\/wp-content\/uploads\/2019\/02\/turk-egitim-senin-irakli-turkmen-egitimciler-icin-duzenledigi-kursun-sertifika-toreni-yapildi_761a28b.jpg\" data-orig-size=\"1000,666\" data-comments-opened=\"\" data-image-meta=\"{&quot;aperture&quot;:&quot;0&quot;,&quot;credit&quot;:&quot;IHA&quot;,&quot;camera&quot;:&quot;&quot;,&quot;caption&quot;:&quot;T\\u00dcRK E\\u011e\\u0130T\\u0130M-SEN\\u2019\\u0130N IRAKLI T\\u00dcRKMEN E\\u011e\\u0130T\\u0130MC\\u0130LER \\u0130\\u00c7\\u0130N 4-11 \\u015eUBAT TAR\\u0130HLER\\u0130 ARASINDA D\\u00dcZENLED\\u0130\\u011e\\u0130 \\u0027E\\u011e\\u0130T\\u0130M VE E\\u011e\\u0130T\\u0130M Y\\u00d6NET\\u0130M\\u0130NDE YEN\\u0130 YAKLA\\u015eIMLAR\\u0027 KONULU KURSUN SERT\\u0130F\\u0130KA T\\u00d6REN\\u0130 T\\u00dcRK E\\u011e\\u0130T\\u0130M-SEN GENEL MERKEZ\\u0130NDE GER\\u00c7EKLE\\u015eT\\u0130R\\u0130LD\\u0130. (\\u0130HA\\\/ANKARA-\\u0130HA)&quot;,&quot;created_timestamp&quot;:&quot;0&quot;,&quot;copyright&quot;:&quot;\\u0130HLAS HABER AJANSI, www.iha.com.tr&quot;,&quot;focal_length&quot;:&quot;0&quot;,&quot;iso&quot;:&quot;0&quot;,&quot;shutter_speed&quot;:&quot;0&quot;,&quot;title&quot;:&quot;T\\u00dcRK E\\u011e\\u0130T\\u0130M-SEN\\u0027\\u0130N IRAKLI T\\u00dcRKMEN E\\u011e\\u0130T\\u0130MC\\u0130LER \\u0130\\u00c7\\u0130N D\\u00dcZENLED\\u0130\\u011e\\u0130 KURSUN SERT\\u0130F\\u0130KA T\\u00d6REN\\u0130 YAPILDI&quot;,&quot;orientation&quot;:&quot;0&quot;}\" data-image-title=\"T\u00fcrk E\u011fitim-Sen\u2019in Irakl\u0131 T\u00fcrkmen e\u011fitimciler i\u00e7in d\u00fczenledi\u011fi kursun sertifika t\u00f6reni yap\u0131ld\u0131\" data-image-description=\"&lt;p&gt;T\u00fcrk E\u011fitim-Sen\u2019in Irakl\u0131 T\u00fcrkmen e\u011fitimciler i\u00e7in d\u00fczenledi\u011fi kursun sertifika t\u00f6reni yap\u0131ld\u0131&lt;\/p&gt; \" data-medium-file=\"https:\/\/i0.wp.com\/www.tvturk.com\/wp-content\/uploads\/2019\/02\/turk-egitim-senin-irakli-turkmen-egitimciler-icin-duzenledigi-kursun-sertifika-toreni-yapildi_761a28b.jpg?fit=300%2C200\" data-large-file=\"https:\/\/i0.wp.com\/www.tvturk.com\/wp-content\/uploads\/2019\/02\/turk-egitim-senin-irakli-turkmen-egitimciler-icin-duzenledigi-kursun-sertifika-toreni-yapildi_761a28b.jpg?fit=1000%2C666\" src=\"https:\/\/i0.wp.com\/www.tvturk.com\/wp-content\/uploads\/2019\/02\/turk-egitim-senin-irakli-turkmen-egitimciler-icin-duzenledigi-kursun-sertifika-toreni-yapildi_761a28b.jpg?w=246&#038;h=164\" srcset=\"https:\/\/i0.wp.com\/www.tvturk.com\/wp-content\/uploads\/2019\/02\/turk-egitim-senin-irakli-turkmen-egitimciler-icin-duzenledigi-kursun-sertifika-toreni-yapildi_761a28b.jpg?w=1000 1000w, https:\/\/i0.wp.com\/www.tvturk.com\/wp-content\/uploads\/2019\/02\/turk-egitim-senin-irakli-turkmen-egitimciler-icin-duzenledigi-kursun-sertifika-toreni-yapildi_761a28b.jpg?resize=150%2C100 150w, https:\/\/i0.wp.com\/www.tvturk.com\/wp-content\/uploads\/2019\/02\/turk-egitim-senin-irakli-turkmen-egitimciler-icin-duzenledigi-kursun-sertifika-toreni-yapildi_761a28b.jpg?resize=300%2C200 300w, https:\/\/i0.wp.com\/www.tvturk.com\/wp-content\/uploads\/2019\/02\/turk-egitim-senin-irakli-turkmen-egitimciler-icin-duzenledigi-kursun-sertifika-toreni-yapildi_761a28b.jpg?resize=768%2C511 768w, https:\/\/i0.wp.com\/www.tvturk.com\/wp-content\/uploads\/2019\/02\/turk-egitim-senin-irakli-turkmen-egitimciler-icin-duzenledigi-kursun-sertifika-toreni-yapildi_761a28b.jpg?resize=170%2C113 170w, https:\/\/i0.wp.com\/www.tvturk.com\/wp-content\/uploads\/2019\/02\/turk-egitim-senin-irakli-turkmen-egitimciler-icin-duzenledigi-kursun-sertifika-toreni-yapildi_761a28b.jpg?resize=120%2C80 120w\" width=\"246\" height=\"164\" loading=\"lazy\" data-original-width=\"246\" data-original-height=\"164\" itemprop=\"http:\/\/schema.org\/image\" title=\"T\u00fcrk E\u011fitim-Sen\u2019in Irakl\u0131 T\u00fcrkmen e\u011fitimciler i\u00e7in d\u00fczenledi\u011fi kursun sertifika t\u00f6reni yap\u0131ld\u0131\" alt=\"T\u00fcrk E\u011fitim-Sen\u2019in Irakl\u0131 T\u00fcrkmen e\u011fitimciler i\u00e7in d\u00fczenledi\u011fi kursun sertifika t\u00f6reni yap\u0131ld\u0131\" style=\"width: 246px; height: 164px;\" \/> <\/a> <\/div> <\/div> <!-- close group --> <\/div> <!-- close row --> <\/div><\/p>\n","protected":false},"excerpt":{"rendered":"<p>T\u00dcRK E\u011e\u0130T\u0130M-SEN\u2019\u0130N IRAKLI T\u00dcRKMEN E\u011e\u0130T\u0130MC\u0130LER \u0130\u00c7\u0130N 4-11 \u015eUBAT TAR\u0130HLER\u0130 ARASINDA D\u00dcZENLED\u0130\u011e\u0130 &#8216;E\u011e\u0130T\u0130M VE E\u011e\u0130T\u0130M Y\u00d6NET\u0130M\u0130NDE YEN\u0130 YAKLA\u015eIMLAR&#8217; KONULU KURSUN SERT\u0130F\u0130KA T\u00d6REN\u0130 T\u00dcRK E\u011e\u0130T\u0130M-SEN GENEL MERKEZ\u0130NDE GER\u00c7EKLE\u015eT\u0130R\u0130LD\u0130.<\/p>\n","protected":false},"author":1,"featured_media":22885,"comment_status":"closed","ping_status":"open","sticky":false,"template":"","format":"standard","meta":{"jetpack_post_was_ever_published":false,"_jetpack_newsletter_access":"","_jetpack_dont_email_post_to_subs":false,"_jetpack_newsletter_tier_id":0,"_jetpack_memberships_contains_paywalled_content":false,"_jetpack_memberships_contains_paid_content":false,"footnotes":"","jetpack_publicize_message":"","jetpack_publicize_feature_enabled":true,"jetpack_social_post_already_shared":false,"jetpack_social_options":{"image_generator_settings":{"template":"highway","default_image_id":0,"font":"","enabled":false},"version":2}},"categories":[655],"tags":[9774,9772,9773,44,6065,2133,186,187,957,1249,117],"class_list":["post-22884","post","type-post","status-publish","format-standard","has-post-thumbnail","hentry","category-son-dakika","tag-duzenledigi","tag-egitim-senin","tag-egitimciler","tag-icin","tag-irakli","tag-kursun","tag-sertifika","tag-toreni","tag-turk","tag-turkmen","tag-yapildi"],"jetpack_publicize_connections":[],"jetpack_featured_media_url":"https:\/\/i0.wp.com\/www.tvturk.com\/wp-content\/uploads\/2019\/02\/turk-egitim-senin-irakli-turkmen-egitimciler-icin-duzenledigi-kursun-sertifika-toreni-yapildi_bc86abe.jpg?fit=1000%2C666","jetpack_sharing_enabled":true,"jetpack_shortlink":"https:\/\/wp.me\/paKIfm-5X6","_links":{"self":[{"href":"http:\/\/www.tvturk.com\/index.php\/wp-json\/wp\/v2\/posts\/22884","targetHints":{"allow":["GET"]}}],"collection":[{"href":"http:\/\/www.tvturk.com\/index.php\/wp-json\/wp\/v2\/posts"}],"about":[{"href":"http:\/\/www.tvturk.com\/index.php\/wp-json\/wp\/v2\/types\/post"}],"author":[{"embeddable":true,"href":"http:\/\/www.tvturk.com\/index.php\/wp-json\/wp\/v2\/users\/1"}],"replies":[{"embeddable":true,"href":"http:\/\/www.tvturk.com\/index.php\/wp-json\/wp\/v2\/comments?post=22884"}],"version-history":[{"count":1,"href":"http:\/\/www.tvturk.com\/index.php\/wp-json\/wp\/v2\/posts\/22884\/revisions"}],"predecessor-version":[{"id":22888,"href":"http:\/\/www.tvturk.com\/index.php\/wp-json\/wp\/v2\/posts\/22884\/revisions\/22888"}],"wp:featuredmedia":[{"embeddable":true,"href":"http:\/\/www.tvturk.com\/index.php\/wp-json\/wp\/v2\/media\/22885"}],"wp:attachment":[{"href":"http:\/\/www.tvturk.com\/index.php\/wp-json\/wp\/v2\/media?parent=22884"}],"wp:term":[{"taxonomy":"category","embeddable":true,"href":"http:\/\/www.tvturk.com\/index.php\/wp-json\/wp\/v2\/categories?post=22884"},{"taxonomy":"post_tag","embeddable":true,"href":"http:\/\/www.tvturk.com\/index.php\/wp-json\/wp\/v2\/tags?post=22884"}],"curies":[{"name":"wp","href":"https:\/\/api.w.org\/{rel}","templated":true}]}}