{"id":228924,"date":"2019-11-15T21:32:22","date_gmt":"2019-11-15T18:32:22","guid":{"rendered":"http:\/\/www.tvturk.com\/index.php\/alman-vatandasi-deasli-iki-kadin-terorist-ulkelerine-gonderildi\/"},"modified":"2019-11-15T21:32:22","modified_gmt":"2019-11-15T18:32:22","slug":"alman-vatandasi-deasli-iki-kadin-terorist-ulkelerine-gonderildi","status":"publish","type":"post","link":"http:\/\/www.tvturk.com\/index.php\/alman-vatandasi-deasli-iki-kadin-terorist-ulkelerine-gonderildi\/","title":{"rendered":"Alman vatanda\u015f\u0131 DEA\u015e\u2019l\u0131 iki kad\u0131n ter\u00f6rist \u00fclkelerine g\u00f6nderildi"},"content":{"rendered":"<p>Yabanc\u0131 uyruklu ter\u00f6ristlerin \u00fclkelerine g\u00f6nderilme i\u015flemleri kapsam\u0131nda Alman vatanda\u015f\u0131 DEA\u015e\u2019l\u0131 iki kad\u0131n ter\u00f6rist, \u00fclkelerine g\u00f6nderildi.<\/p>\n<p>T\u00fcrkiye\u2019de yakalanan yabanc\u0131 ter\u00f6ristler \u00fclkelerine g\u00f6nderilmeye devam ediyor. T\u00fcrkiye\u2019deki Geri G\u00f6nderme Merkezinde i\u015flemleri tamamlanan Alman vatanda\u015f\u0131 DEA\u015e\u2019l\u0131 iki kad\u0131n ter\u00f6rist, \u00fclkeleri g\u00f6nderildi. Polis e\u015fli\u011finde \u0130stanbul Havaliman\u0131\u2019na getirilen ter\u00f6ristlerin s\u0131n\u0131r d\u0131\u015f\u0131 i\u015flemleri tamamlanarak saat 20.45\u2019te u\u00e7a\u011fa bindirildi ve Frankfurt\u2019a g\u00f6nderildi.<\/p>\n<p>Ter\u00f6ristlerin iade i\u015flemleri kapsam\u0131nda daha \u00f6nce de Almanya, Danimarka ve ABD\u2019ye baz\u0131 ter\u00f6ristler iade edilmi\u015fti.<\/p>\n","protected":false},"excerpt":{"rendered":"<p>YABANCI UYRUKLU TER\u00d6R\u0130STLER\u0130N \u00dcLKELER\u0130NE G\u00d6NDER\u0130LME \u0130\u015eLEMLER\u0130 KAPSAMINDA ALMAN VATANDA\u015eI DEA\u015e\u2019LI \u0130K\u0130 KADIN TER\u00d6R\u0130ST, \u00dcLKELER\u0130NE G\u00d6NDER\u0130LD\u0130.<\/p>\n","protected":false},"author":1,"featured_media":228925,"comment_status":"closed","ping_status":"open","sticky":false,"template":"","format":"standard","meta":{"jetpack_post_was_ever_published":false,"_jetpack_newsletter_access":"","_jetpack_dont_email_post_to_subs":false,"_jetpack_newsletter_tier_id":0,"_jetpack_memberships_contains_paywalled_content":false,"_jetpack_memberships_contains_paid_content":false,"footnotes":"","jetpack_publicize_message":"","jetpack_publicize_feature_enabled":true,"jetpack_social_post_already_shared":true,"jetpack_social_options":{"image_generator_settings":{"template":"highway","default_image_id":0,"font":"","enabled":false},"version":2}},"categories":[1],"tags":[2536,6814,2949,1220,108,6958,12872,1931],"class_list":["post-228924","post","type-post","status-publish","format-standard","has-post-thumbnail","hentry","category-genel","tag-alman","tag-deasli","tag-gonderildi","tag-iki","tag-kadin","tag-terorist","tag-ulkelerine","tag-vatandasi"],"jetpack_publicize_connections":[],"jetpack_featured_media_url":"https:\/\/i0.wp.com\/www.tvturk.com\/wp-content\/uploads\/2019\/11\/alman-vatandasi-deasli-iki-kadin-terorist-ulkelerine-gonderildi_006f03d.jpg?fit=1000%2C666","jetpack_sharing_enabled":true,"jetpack_shortlink":"https:\/\/wp.me\/paKIfm-Xyk","_links":{"self":[{"href":"http:\/\/www.tvturk.com\/index.php\/wp-json\/wp\/v2\/posts\/228924","targetHints":{"allow":["GET"]}}],"collection":[{"href":"http:\/\/www.tvturk.com\/index.php\/wp-json\/wp\/v2\/posts"}],"about":[{"href":"http:\/\/www.tvturk.com\/index.php\/wp-json\/wp\/v2\/types\/post"}],"author":[{"embeddable":true,"href":"http:\/\/www.tvturk.com\/index.php\/wp-json\/wp\/v2\/users\/1"}],"replies":[{"embeddable":true,"href":"http:\/\/www.tvturk.com\/index.php\/wp-json\/wp\/v2\/comments?post=228924"}],"version-history":[{"count":0,"href":"http:\/\/www.tvturk.com\/index.php\/wp-json\/wp\/v2\/posts\/228924\/revisions"}],"wp:featuredmedia":[{"embeddable":true,"href":"http:\/\/www.tvturk.com\/index.php\/wp-json\/wp\/v2\/media\/228925"}],"wp:attachment":[{"href":"http:\/\/www.tvturk.com\/index.php\/wp-json\/wp\/v2\/media?parent=228924"}],"wp:term":[{"taxonomy":"category","embeddable":true,"href":"http:\/\/www.tvturk.com\/index.php\/wp-json\/wp\/v2\/categories?post=228924"},{"taxonomy":"post_tag","embeddable":true,"href":"http:\/\/www.tvturk.com\/index.php\/wp-json\/wp\/v2\/tags?post=228924"}],"curies":[{"name":"wp","href":"https:\/\/api.w.org\/{rel}","templated":true}]}}