{"id":228997,"date":"2019-11-15T22:46:53","date_gmt":"2019-11-15T19:46:53","guid":{"rendered":"http:\/\/www.tvturk.com\/index.php\/gaziantep-valisi-gulden-gocuk-altinda-kalan-muhendisi-arama-calismalari-hakkinda-aciklama\/"},"modified":"2019-11-15T22:46:53","modified_gmt":"2019-11-15T19:46:53","slug":"gaziantep-valisi-gulden-gocuk-altinda-kalan-muhendisi-arama-calismalari-hakkinda-aciklama","status":"publish","type":"post","link":"http:\/\/www.tvturk.com\/index.php\/gaziantep-valisi-gulden-gocuk-altinda-kalan-muhendisi-arama-calismalari-hakkinda-aciklama\/","title":{"rendered":"Gaziantep Valisi G\u00fcl\u2019den g\u00f6\u00e7\u00fck alt\u0131nda kalan m\u00fchendisi arama \u00e7al\u0131\u015fmalar\u0131 hakk\u0131nda a\u00e7\u0131klama"},"content":{"rendered":"<p>Gaziantep Valisi Davut G\u00fcl, cami in\u015faat\u0131nda \u00e7\u00f6ken iskelenin alt\u0131nda kalan m\u00fchendis Korkut K\u00fc\u00e7\u00fckcan\u2019\u0131 arama \u00e7al\u0131\u015fmalar\u0131n\u0131n \u00e7ok dikkatli bir \u015fekilde y\u00fcr\u00fct\u00fcld\u00fc\u011f\u00fcn\u00fc belirterek, \u201cEksik kalan, ihmal edilen bir \u015fey yok, yap\u0131labilecek her \u015fey fazlas\u0131yla yap\u0131lmaya devam edecek\u201d dedi.<\/p>\n<p>Gaziantep Valisi Davut G\u00fcl, Akkent Camisi\u2019nde meydana gelen g\u00f6\u00e7\u00fckte mahsur kalan in\u015faat m\u00fchendisi Korkut K\u00fc\u00e7\u00fckcan\u2019\u0131 arama \u00e7al\u0131\u015fmalar\u0131na ili\u015fkin a\u00e7\u0131klamalarda bulundu. Vali G\u00fcl, \u201cD\u00fcnden bu yana arama kurtarma ekipleri \u00e7al\u0131\u015f\u0131yorlar. G\u00f6rg\u00fc tan\u0131klar\u0131n\u0131n ifadesine g\u00f6re Korkut K\u00fc\u00e7\u00fckcan i\u00e7eride. Arama \u00f6ncesinde alan\u0131n tamam\u0131 tespit edildi, daha sonra hem AFAD, itfaiye, il\u00e7e belediyeleri, B\u00fcy\u00fck\u015fehir Belediyesi, Adana\u2019dan gelen AFAD ekibi, g\u00f6n\u00fcll\u00fcler, katk\u0131 sunacak herkes burada \u00e7al\u0131\u015fmaya ba\u015flad\u0131. Yakla\u015f\u0131k olarak 740 tane \u00e7al\u0131\u015fan var. Bunlar 3 vardiya halinde \u00e7al\u0131\u015fmalar\u0131n\u0131 s\u00fcrd\u00fcr\u00fcyorlar. Yani her vardiyada 250 ki\u015fi \u00e7al\u0131\u015f\u0131yor.  50\u2019nin \u00fczerinde ara\u00e7 \u00e7al\u0131\u015f\u0131yor, arama kurtarma k\u00f6pekleri kullan\u0131ld\u0131. Termal kameralar kullan\u0131ld\u0131, telefon sinyalinden teknik \u00e7al\u0131\u015fmalar yap\u0131ld\u0131 ve AFAD taraf\u0131ndan kullan\u0131la k\u00fc\u00e7\u00fck kameralar sark\u0131t\u0131larak b\u00f6lgeyi tar\u0131yorlar.\u201d diye konu\u015ftu.<\/p>\n<p>Gaziantep Valisi G\u00fcl, \u201cB\u00f6lgede K\u00fc\u00e7\u00fckcan\u2019a ait bir bulgu olmad\u0131\u011f\u0131ndan emin olundu\u011fu zaman i\u015f makineleri \u00e7al\u0131\u015ft\u0131r\u0131l\u0131yor. Bu alanda toplamda 15 bin metrek\u00fcp kalas var. 20 bin ton ve bin 500 kamyon a\u011fa\u00e7tan bahsediyoruz. Bu a\u011fa\u00e7lar birbirine \u00e7ivili ve s\u0131k\u0131\u015fm\u0131\u015f vaziyette  bulunuyorlar. \u0130nsan g\u00fcc\u00fcyle \u00e7\u0131kartmak \u00e7ok zor.\u201d ifadelerini kullanarak \u015funlar\u0131 kaydetti:<\/p>\n<p>\u201cA\u015fa\u011f\u0131da canl\u0131 oldu\u011fu d\u00fc\u015f\u00fcn\u00fclerek her yerde i\u015f makinesi \u00e7al\u0131\u015ft\u0131r\u0131lam\u0131yor. Herkes \u015fundan emin olsun teknolojinin, kamunun t\u00fcm imkanlar\u0131 kullan\u0131l\u0131yor. Aile ile 24 saat irtibat halindeyiz. B\u00fct\u00fcn bu yap\u0131lanlara ra\u011fmen \u00f6nerilen bir \u015fey olmas\u0131 halinde onlar\u0131 da yap\u0131yoruz, yapmaya devam edece\u011fiz. Ancak bu normal bir enkaz de\u011fil, normal bir enkaz olsa 1 saat i\u00e7erisinde bu ortaya \u00e7\u0131km\u0131\u015f olurdu. Nas\u0131l maden sahalar\u0131nda binlerce ton hafriyat, g\u00f6\u00e7\u00fck oluyorsa bunu \u00f6yle d\u00fc\u015f\u00fcnmek laz\u0131m. Dua ediyoruz, caminin 4 taraf\u0131ndan \u00e7al\u0131\u015farak K\u00fc\u00e7\u00fckcan\u2019a ula\u015fmaya \u00e7al\u0131\u015f\u0131yoruz. Bundan sonraki i\u015f so\u011fuk kanl\u0131 \u015fekilde \u00e7al\u0131\u015fan arkada\u015flar\u0131m\u0131za yard\u0131mc\u0131 olmak, onlar\u0131n \u00e7al\u0131\u015fmalar\u0131na alan a\u00e7makt\u0131r. \u00d6zetle, eksik kalan, ihmal edilen bir \u015fey yok, yap\u0131labilecek her \u015fey fazlas\u0131yla yap\u0131lmaya devam edecek.\u201d<\/p>\n","protected":false},"excerpt":{"rendered":"<p>GAZ\u0130ANTEP VAL\u0130S\u0130 DAVUT G\u00dcL, AKKENT CAM\u0130S\u0130\u2019NDE MEYDANA GELEN G\u00d6\u00c7\u00dcKTE MAHSUR KALAN \u0130N\u015eAAT M\u00dcHEND\u0130S\u0130 KORKUT K\u00dc\u00c7\u00dcKCAN\u2019I ARAMA \u00c7ALI\u015eMALARINA \u0130L\u0130\u015eK\u0130N A\u00c7IKLAMALARDA BULUNDU.<\/p>\n","protected":false},"author":1,"featured_media":228998,"comment_status":"closed","ping_status":"open","sticky":false,"template":"","format":"standard","meta":{"jetpack_post_was_ever_published":false,"_jetpack_newsletter_access":"","_jetpack_dont_email_post_to_subs":false,"_jetpack_newsletter_tier_id":0,"_jetpack_memberships_contains_paywalled_content":false,"_jetpack_memberships_contains_paid_content":false,"footnotes":"","jetpack_publicize_message":"","jetpack_publicize_feature_enabled":true,"jetpack_social_post_already_shared":true,"jetpack_social_options":{"image_generator_settings":{"template":"highway","default_image_id":0,"font":"","enabled":false},"version":2}},"categories":[1],"tags":[3349,3114,1827,310,372,3675,1721,6661,1274,4638,639],"class_list":["post-228997","post","type-post","status-publish","format-standard","has-post-thumbnail","hentry","category-genel","tag-aciklama","tag-altinda","tag-arama","tag-calismalari","tag-gaziantep","tag-gocuk","tag-gulden","tag-hakkinda","tag-kalan","tag-muhendisi","tag-valisi"],"jetpack_publicize_connections":[],"jetpack_featured_media_url":"https:\/\/i0.wp.com\/www.tvturk.com\/wp-content\/uploads\/2019\/11\/gaziantep-valisi-gulden-gocuk-altinda-kalan-muhendisi-arama-calismalari-hakkinda-aciklama_f75ad23.jpg?fit=1000%2C750","jetpack_sharing_enabled":true,"jetpack_shortlink":"https:\/\/wp.me\/paKIfm-Xzv","_links":{"self":[{"href":"http:\/\/www.tvturk.com\/index.php\/wp-json\/wp\/v2\/posts\/228997","targetHints":{"allow":["GET"]}}],"collection":[{"href":"http:\/\/www.tvturk.com\/index.php\/wp-json\/wp\/v2\/posts"}],"about":[{"href":"http:\/\/www.tvturk.com\/index.php\/wp-json\/wp\/v2\/types\/post"}],"author":[{"embeddable":true,"href":"http:\/\/www.tvturk.com\/index.php\/wp-json\/wp\/v2\/users\/1"}],"replies":[{"embeddable":true,"href":"http:\/\/www.tvturk.com\/index.php\/wp-json\/wp\/v2\/comments?post=228997"}],"version-history":[{"count":0,"href":"http:\/\/www.tvturk.com\/index.php\/wp-json\/wp\/v2\/posts\/228997\/revisions"}],"wp:featuredmedia":[{"embeddable":true,"href":"http:\/\/www.tvturk.com\/index.php\/wp-json\/wp\/v2\/media\/228998"}],"wp:attachment":[{"href":"http:\/\/www.tvturk.com\/index.php\/wp-json\/wp\/v2\/media?parent=228997"}],"wp:term":[{"taxonomy":"category","embeddable":true,"href":"http:\/\/www.tvturk.com\/index.php\/wp-json\/wp\/v2\/categories?post=228997"},{"taxonomy":"post_tag","embeddable":true,"href":"http:\/\/www.tvturk.com\/index.php\/wp-json\/wp\/v2\/tags?post=228997"}],"curies":[{"name":"wp","href":"https:\/\/api.w.org\/{rel}","templated":true}]}}