{"id":229064,"date":"2019-11-16T10:16:34","date_gmt":"2019-11-16T07:16:34","guid":{"rendered":"http:\/\/www.tvturk.com\/index.php\/palandoken-kucuk-isletmeler-konaklama-vergisinden-muaf-olmali\/"},"modified":"2019-11-16T10:16:34","modified_gmt":"2019-11-16T07:16:34","slug":"palandoken-kucuk-isletmeler-konaklama-vergisinden-muaf-olmali","status":"publish","type":"post","link":"http:\/\/www.tvturk.com\/index.php\/palandoken-kucuk-isletmeler-konaklama-vergisinden-muaf-olmali\/","title":{"rendered":"Paland\u00f6ken: \u201cK\u00fc\u00e7\u00fck i\u015fletmeler konaklama vergisinden muaf olmal\u0131\u201d"},"content":{"rendered":"<p>TBMM Genel Kurulu\u2019nda g\u00f6r\u00fc\u015f\u00fclerek y\u00fczde 2 olarak kabul edilip cumhurba\u015fkanl\u0131\u011f\u0131na onaya sunulan Konaklama Vergisinin k\u00fc\u00e7\u00fck i\u015fletme sahibi esnaf\u0131 ve turizmi olumsuz etkileyece\u011fini belirten TESK Genel Ba\u015fkan\u0131 Bendevi Paland\u00f6ken, \u201cBu vergi en az\u0131ndan konaklama sekt\u00f6r\u00fcnde k\u00fc\u00e7\u00fck i\u015fletme sahibi esnaf\u0131m\u0131zdan al\u0131nmamal\u0131 ki en \u00e7ok olumsuz etkilenecek olan bu esnaf\u0131m\u0131z\u0131n kazanc\u0131n\u0131n ve m\u00fc\u015fterisinin azalmas\u0131n\u0131n \u00f6n\u00fcne ge\u00e7ilmeli\u201d dedi.<\/p>\n<p>Maliyetin artmas\u0131 ile t\u00fcm i\u015fletmelerin olumsuz etkilenece\u011fine dikkati \u00e7eken T\u00fcrkiye Esnaf ve Sanatk\u00e2rlar Konfederasyonu (TESK) Genel Ba\u015fkan\u0131 Bendevi Paland\u00f6ken, \u201cTatil vergisi olarak adland\u0131r\u0131lan Konaklama Vergisi mali g\u00fcce g\u00f6re \u00f6deme ilkesine ayk\u0131r\u0131 \u015fekilde d\u00fczenlenirken son yap\u0131lan de\u011fi\u015fiklik ile y\u00fczde 2 sabit oran olarak belirlendi. Bu vergi en \u00e7ok k\u00fc\u00e7\u00fck i\u015fletme sahibi esnaf\u0131m\u0131z\u0131 zorlayacak. Esnaf i\u015fletmesi olarak adland\u0131r\u0131lan \u00e7ok k\u00fc\u00e7\u00fck aile i\u015fletmeleri var. Bu insanlar kendileri de ya\u015fad\u0131klar\u0131 evin 2 veya 3 odas\u0131n\u0131 pansiyon olarak de\u011ferlendirip ge\u00e7imlerini sa\u011flamaya \u00e7al\u0131\u015f\u0131yorlar. G\u00fcnl\u00fck 20 TL bile yatak bedeli al\u0131nan bir\u00e7ok aile i\u015fletmesi var. Oran y\u00fczde 2 bile olsa bu vergi ekstra bir maliyet getirece\u011fi i\u00e7in en \u00e7ok bu esnaf kesimimizi zorlarken di\u011fer t\u00fcm konaklama i\u015fletmelerinin de maliyetini art\u0131rm\u0131\u015f olacak. Bu da fiyatlarda art\u0131\u015f gibi sonu\u00e7lar do\u011furabilir. Dolay\u0131s\u0131yla turizm de olumsuz etkilenecektir\u201d \u015feklinde belirtti.<\/p>\n<p>\u201cTurizmi olumsuz etkileyecek hi\u00e7bir ad\u0131m at\u0131lmamal\u0131\u201d<\/p>\n<p>En \u00e7ok k\u00fc\u00e7\u00fck aile i\u015fletmeleri ve pansiyonlar\u0131 zor duruma sokacak Konaklama Vergisinden k\u00fc\u00e7\u00fck i\u015fletmelerin muaf olmas\u0131 gerekti\u011fini vurgulayan Paland\u00f6ken, \u201cEkonomimizin en \u00f6nemli ayaklar\u0131ndan biri turizmi olumsuz etkileyecek, yat\u0131r\u0131mlar\u0131 ka\u00e7\u0131racak ad\u0131mlar at\u0131lmamal\u0131. Aksine yerli ve yabanc\u0131 turisti \u00e7ekecek yeni te\u015fvikler yap\u0131lmal\u0131. Vergiler artt\u0131\u011f\u0131nda, vatanda\u015f ya da turist yine ayn\u0131 gezi plan\u0131n\u0131 uygulasa dahi bu kez de yapaca\u011f\u0131 al\u0131\u015fveri\u015f azalacak ya da konaklayaca\u011f\u0131 g\u00fcn say\u0131s\u0131 d\u00fc\u015fecek. Maliyetteki k\u00fc\u00e7\u00fck bir art\u0131\u015f\u0131n k\u00fc\u00e7\u00fck i\u015fletme ile b\u00fcy\u00fck i\u015fletmelere yans\u0131mas\u0131 aras\u0131nda b\u00fcy\u00fck bir fark var. Bu nedenle konaklama vergisinden konaklama hizmeti veren bu kesimdeki esnaf\u0131m\u0131z ayn\u0131 \u00f6\u011frenci pansiyonlar\u0131 gibi muaf olmal\u0131. En b\u00fcy\u00fck olumsuz etkiyle kar\u015f\u0131la\u015facak olan esnaf\u0131m\u0131z, bu vergi yasala\u015fmadan \u00f6nce tekrar d\u00fc\u015f\u00fcn\u00fclmeli\u201d diye konu\u015ftu.<\/p>\n","protected":false},"excerpt":{"rendered":"<p>TBMM GENEL KURULU\u2019NDA G\u00d6R\u00dc\u015e\u00dcLEREK Y\u00dcZDE 2 OLARAK KABUL ED\u0130L\u0130P CUMHURBA\u015eKANLI\u011eINA ONAYA SUNULAN KONAKLAMA VERG\u0130S\u0130N\u0130N K\u00dc\u00c7\u00dcK \u0130\u015eLETME SAH\u0130B\u0130 ESNAFI VE TUR\u0130ZM\u0130 OLUMSUZ ETK\u0130LEYECE\u011e\u0130N\u0130 BEL\u0130RTEN TESK GENEL BA\u015eKANI BENDEV\u0130 PALAND\u00d6KEN, \u201cK\u0130\u015e\u0130 BA\u015eI GECEL\u0130K KONAKLAMA \u00dcZER\u0130NDEN ALINACAK KONAKLAMA VERG\u0130S\u0130 TUR\u0130ZM\u0130 OLUMSUZ ETK\u0130LERKEN, EN \u00c7OK DA A\u0130LE \u0130\u015eLETMELER\u0130 VE PANS\u0130YONLARI OLUMSUZ ETK\u0130LEYECEKT\u0130R. BU VERG\u0130 EN AZINDAN KONAKLAMA SEKT\u00d6R\u00dcNDE K\u00dc\u00c7\u00dcK \u0130\u015eLETME SAH\u0130B\u0130 ESNAFIMIZDAN ALINMAMALI K\u0130, EN \u00c7OK OLUMSUZ ETK\u0130LENECEK OLAN BU ESNAFIMIZIN KAZANCININ VE M\u00dc\u015eTER\u0130S\u0130N\u0130N AZALMASININ \u00d6N\u00dcNE GE\u00c7\u0130LMEL\u0130\u201d DED\u0130.<\/p>\n","protected":false},"author":1,"featured_media":229065,"comment_status":"closed","ping_status":"open","sticky":false,"template":"","format":"standard","meta":{"jetpack_post_was_ever_published":false,"_jetpack_newsletter_access":"","_jetpack_dont_email_post_to_subs":false,"_jetpack_newsletter_tier_id":0,"_jetpack_memberships_contains_paywalled_content":false,"_jetpack_memberships_contains_paid_content":false,"footnotes":"","jetpack_publicize_message":"","jetpack_publicize_feature_enabled":true,"jetpack_social_post_already_shared":true,"jetpack_social_options":{"image_generator_settings":{"template":"highway","default_image_id":0,"font":"","enabled":false},"version":2}},"categories":[19],"tags":[16282,24336,1166,57685,3815,8073,57684],"class_list":["post-229064","post","type-post","status-publish","format-standard","has-post-thumbnail","hentry","category-ekonomi","tag-isletmeler","tag-konaklama","tag-kucuk","tag-muaf","tag-olmali","tag-palandoken","tag-vergisinden"],"jetpack_publicize_connections":[],"jetpack_featured_media_url":"https:\/\/i0.wp.com\/www.tvturk.com\/wp-content\/uploads\/2019\/11\/palandoken-kucuk-isletmeler-konaklama-vergisinden-muaf-olmali_2bdd0b7.jpg?fit=663%2C1000","jetpack_sharing_enabled":true,"jetpack_shortlink":"https:\/\/wp.me\/paKIfm-XAA","_links":{"self":[{"href":"http:\/\/www.tvturk.com\/index.php\/wp-json\/wp\/v2\/posts\/229064","targetHints":{"allow":["GET"]}}],"collection":[{"href":"http:\/\/www.tvturk.com\/index.php\/wp-json\/wp\/v2\/posts"}],"about":[{"href":"http:\/\/www.tvturk.com\/index.php\/wp-json\/wp\/v2\/types\/post"}],"author":[{"embeddable":true,"href":"http:\/\/www.tvturk.com\/index.php\/wp-json\/wp\/v2\/users\/1"}],"replies":[{"embeddable":true,"href":"http:\/\/www.tvturk.com\/index.php\/wp-json\/wp\/v2\/comments?post=229064"}],"version-history":[{"count":0,"href":"http:\/\/www.tvturk.com\/index.php\/wp-json\/wp\/v2\/posts\/229064\/revisions"}],"wp:featuredmedia":[{"embeddable":true,"href":"http:\/\/www.tvturk.com\/index.php\/wp-json\/wp\/v2\/media\/229065"}],"wp:attachment":[{"href":"http:\/\/www.tvturk.com\/index.php\/wp-json\/wp\/v2\/media?parent=229064"}],"wp:term":[{"taxonomy":"category","embeddable":true,"href":"http:\/\/www.tvturk.com\/index.php\/wp-json\/wp\/v2\/categories?post=229064"},{"taxonomy":"post_tag","embeddable":true,"href":"http:\/\/www.tvturk.com\/index.php\/wp-json\/wp\/v2\/tags?post=229064"}],"curies":[{"name":"wp","href":"https:\/\/api.w.org\/{rel}","templated":true}]}}