{"id":22915,"date":"2019-02-11T17:51:05","date_gmt":"2019-02-11T14:51:05","guid":{"rendered":"http:\/\/www.tvturk.com\/index.php\/burhanettin-uysaldan-amator-spor-kuluplerine-destek\/"},"modified":"2019-02-11T17:51:05","modified_gmt":"2019-02-11T14:51:05","slug":"burhanettin-uysaldan-amator-spor-kuluplerine-destek","status":"publish","type":"post","link":"http:\/\/www.tvturk.com\/index.php\/burhanettin-uysaldan-amator-spor-kuluplerine-destek\/","title":{"rendered":"Burhanettin Uysal\u2019dan amat\u00f6r spor kul\u00fcplerine destek"},"content":{"rendered":"<p>AK Parti Karab\u00fck Belediye Ba\u015fkan\u0131 Aday\u0131 Prof. Dr. Burhanettin Uysal, Belediye Ba\u015fkan\u0131 olarak g\u00f6reve geldi\u011finde imkanlar do\u011frultusunda amat\u00f6r spor kul\u00fcplerine destek vereceklerini ifade etti.<\/p>\n<p>AK Parti Karab\u00fck Belediye Ba\u015fkan\u0131 Aday\u0131 Prof. Dr. Burhanettin Uysal 31 Mart Yerel Se\u00e7im<\/p>\n<p>\u00e7al\u0131\u015fmalar\u0131na ara vermeden devam ediyor. \u00c7al\u0131\u015fmalar kapsam\u0131nda Ayd\u0131nl\u0131kevler Gen\u00e7lik Spor kul\u00fcb\u00fcn\u00fc ziyaret ederek  gen\u00e7 futbolcular ile bir araya gelen Uysal kul\u00fcp Ba\u015fkan\u0131 Cemal Kelleci\u2019ye ve y\u00f6netimine te\u015fekk\u00fcr ederek \u201cGen\u00e7lerimizi, k\u00f6t\u00fc al\u0131\u015fkanl\u0131klardan korumak i\u00e7in kurulmu\u015f olan Ayd\u0131nl\u0131kevler Gen\u00e7lik Spor Kul\u00fcb\u00fc\u2019ne ba\u015far\u0131lar diliyorum. Y\u00f6neticilerimize de bu duyarl\u0131 davran\u0131\u015flar\u0131ndan dolay\u0131 te\u015fekk\u00fcr ederim. Bizlerde in\u015fallah 31 Mart yerel se\u00e7imlerinin ard\u0131ndan Karab\u00fck Belediye Ba\u015fkan\u0131 olarak imk\u00e2nlar\u0131m\u0131z do\u011frultusunda amat\u00f6r kul\u00fcplerimize elimizden gelen deste\u011fi sa\u011flayaca\u011f\u0131z. Spor demek sa\u011fl\u0131k demektir. Gen\u00e7lerimizi spora y\u00f6nlendirecek her t\u00fcrl\u00fc \u00e7al\u0131\u015fman\u0131n i\u00e7erisinde olaca\u011f\u0131z. \u00c7\u00fcnk\u00fc gen\u00e7lerimiz \u00fclkemizin ve memleketimizin gelece\u011fi, bizlerin g\u00f6z bebekleridir\u201d  dedi.<\/p>\n<p>Uysal\u2019a Ayd\u0131nl\u0131kevler Gen\u00e7lik Spor kul\u00fcb\u00fcn\u00fc ziyaretinin sonunda kul\u00fcp ba\u015fkan\u0131 Cemal Kelleci taraf\u0131ndan atk\u0131 hediye edildi.<\/p>\n","protected":false},"excerpt":{"rendered":"<p>AK PART\u0130 KARAB\u00dcK BELED\u0130YE BA\u015eKANI ADAYI PROF. DR. BURHANETT\u0130N UYSAL, BELED\u0130YE BA\u015eKANI OLARAK G\u00d6REVE GELD\u0130\u011e\u0130NDE \u0130MKANLAR DO\u011eRULTUSUNDA AMAT\u00d6R SPOR KUL\u00dcPLER\u0130NE DESTEK VERECEKLER\u0130N\u0130 \u0130FADE ETT\u0130.<\/p>\n","protected":false},"author":1,"featured_media":22916,"comment_status":"closed","ping_status":"open","sticky":false,"template":"","format":"standard","meta":{"jetpack_post_was_ever_published":false,"_jetpack_newsletter_access":"","_jetpack_dont_email_post_to_subs":false,"_jetpack_newsletter_tier_id":0,"_jetpack_memberships_contains_paywalled_content":false,"_jetpack_memberships_contains_paid_content":false,"footnotes":"","jetpack_publicize_message":"","jetpack_publicize_feature_enabled":true,"jetpack_social_post_already_shared":false,"jetpack_social_options":{"image_generator_settings":{"template":"highway","default_image_id":0,"font":"","enabled":false},"version":2}},"categories":[9],"tags":[8220,6600,61,9737,1619,9783],"class_list":["post-22915","post","type-post","status-publish","format-standard","has-post-thumbnail","hentry","category-siyaset","tag-amator","tag-burhanettin","tag-destek","tag-kuluplerine","tag-spor","tag-uysaldan"],"jetpack_publicize_connections":[],"jetpack_featured_media_url":"https:\/\/i0.wp.com\/www.tvturk.com\/wp-content\/uploads\/2019\/02\/burhanettin-uysaldan-amator-spor-kuluplerine-destek_b46820b.jpg?fit=960%2C638","jetpack_sharing_enabled":true,"jetpack_shortlink":"https:\/\/wp.me\/paKIfm-5XB","_links":{"self":[{"href":"http:\/\/www.tvturk.com\/index.php\/wp-json\/wp\/v2\/posts\/22915","targetHints":{"allow":["GET"]}}],"collection":[{"href":"http:\/\/www.tvturk.com\/index.php\/wp-json\/wp\/v2\/posts"}],"about":[{"href":"http:\/\/www.tvturk.com\/index.php\/wp-json\/wp\/v2\/types\/post"}],"author":[{"embeddable":true,"href":"http:\/\/www.tvturk.com\/index.php\/wp-json\/wp\/v2\/users\/1"}],"replies":[{"embeddable":true,"href":"http:\/\/www.tvturk.com\/index.php\/wp-json\/wp\/v2\/comments?post=22915"}],"version-history":[{"count":0,"href":"http:\/\/www.tvturk.com\/index.php\/wp-json\/wp\/v2\/posts\/22915\/revisions"}],"wp:featuredmedia":[{"embeddable":true,"href":"http:\/\/www.tvturk.com\/index.php\/wp-json\/wp\/v2\/media\/22916"}],"wp:attachment":[{"href":"http:\/\/www.tvturk.com\/index.php\/wp-json\/wp\/v2\/media?parent=22915"}],"wp:term":[{"taxonomy":"category","embeddable":true,"href":"http:\/\/www.tvturk.com\/index.php\/wp-json\/wp\/v2\/categories?post=22915"},{"taxonomy":"post_tag","embeddable":true,"href":"http:\/\/www.tvturk.com\/index.php\/wp-json\/wp\/v2\/tags?post=22915"}],"curies":[{"name":"wp","href":"https:\/\/api.w.org\/{rel}","templated":true}]}}