{"id":229160,"date":"2019-11-16T12:34:30","date_gmt":"2019-11-16T09:34:30","guid":{"rendered":"http:\/\/www.tvturk.com\/index.php\/bayern-munihin-yeni-baskani-herbert-hainer-oldu\/"},"modified":"2019-11-16T12:34:30","modified_gmt":"2019-11-16T09:34:30","slug":"bayern-munihin-yeni-baskani-herbert-hainer-oldu","status":"publish","type":"post","link":"http:\/\/www.tvturk.com\/index.php\/bayern-munihin-yeni-baskani-herbert-hainer-oldu\/","title":{"rendered":"Bayern M\u00fcnih\u2019in yeni ba\u015fkan\u0131 Herbert Hainer oldu"},"content":{"rendered":"<p>Almanya Bundesliga ekiplerinden Bayern M\u00fcnih\u2019in yeni ba\u015fkan\u0131 Herbert Hainer oldu.<\/p>\n<p>Bayern M\u00fcnih\u2019te se\u00e7imli genel kurul yap\u0131ld\u0131. M\u00fcnih Olimpiyat Salonu\u2019nda ger\u00e7ekle\u015ftirilen kurulda k\u0131rm\u0131z\u0131-beyazl\u0131 kul\u00fcb\u00fcn uzun y\u0131llar ba\u015fkanl\u0131\u011f\u0131n\u0131 yapm\u0131\u015f olan Uli Hoeness, aday olmazken, oylar\u0131n \u00e7o\u011funlu\u011funu alan Herbert Hainer ise M\u00fcnih temsilcisinin yeni ba\u015fkan\u0131 se\u00e7ildi. Bayern M\u00fcnih\u2019te ba\u015fkanl\u0131\u011f\u0131n yan\u0131 s\u0131ra menajer ve futbolcu olarak da g\u00f6rev alan Hoeness, Hainer\u2019in ba\u015fkan olmas\u0131ndan dolay\u0131 memnun oldu\u011funu aktar\u0131rken, a\u00e7\u0131klama yapt\u0131\u011f\u0131 s\u0131rada g\u00f6z ya\u015flar\u0131na hakim olamad\u0131.<\/p>\n<p>Bayern M\u00fcnih\u2019te yeni ba\u015fkan Hainer\u2019in yard\u0131mc\u0131l\u0131klar\u0131n\u0131 da Dieter Mayer ve Walter Mnnekes yapacak.<\/p>\n<p>Ay\u0131rca eski futbolcular Arjen Robben ve Franck Ribery de genel kurula kat\u0131ld\u0131.<\/p>\n","protected":false},"excerpt":{"rendered":"<p>ALMANYA BUNDESL\u0130GA EK\u0130PLER\u0130NDEN BAYERN M\u00dcN\u0130H\u2019\u0130N YEN\u0130 BA\u015eKANI HERBERT HA\u0130NER  OLDU.<\/p>\n","protected":false},"author":1,"featured_media":229161,"comment_status":"closed","ping_status":"open","sticky":false,"template":"","format":"standard","meta":{"jetpack_post_was_ever_published":false,"_jetpack_newsletter_access":"","_jetpack_dont_email_post_to_subs":false,"_jetpack_newsletter_tier_id":0,"_jetpack_memberships_contains_paywalled_content":false,"_jetpack_memberships_contains_paid_content":false,"footnotes":"","jetpack_publicize_message":"","jetpack_publicize_feature_enabled":true,"jetpack_social_post_already_shared":true,"jetpack_social_options":{"image_generator_settings":{"template":"highway","default_image_id":0,"font":"","enabled":false},"version":2}},"categories":[657],"tags":[216,25646,57712,57711,57710,77,87],"class_list":["post-229160","post","type-post","status-publish","format-standard","has-post-thumbnail","hentry","category-spor","tag-baskani","tag-bayern","tag-hainer","tag-herbert","tag-munihin","tag-oldu","tag-yeni"],"jetpack_publicize_connections":[],"jetpack_featured_media_url":"https:\/\/i0.wp.com\/www.tvturk.com\/wp-content\/uploads\/2019\/11\/bayern-munihin-yeni-baskani-herbert-hainer-oldu_51ddcd9.jpg?fit=1000%2C641","jetpack_sharing_enabled":true,"jetpack_shortlink":"https:\/\/wp.me\/paKIfm-XC8","_links":{"self":[{"href":"http:\/\/www.tvturk.com\/index.php\/wp-json\/wp\/v2\/posts\/229160","targetHints":{"allow":["GET"]}}],"collection":[{"href":"http:\/\/www.tvturk.com\/index.php\/wp-json\/wp\/v2\/posts"}],"about":[{"href":"http:\/\/www.tvturk.com\/index.php\/wp-json\/wp\/v2\/types\/post"}],"author":[{"embeddable":true,"href":"http:\/\/www.tvturk.com\/index.php\/wp-json\/wp\/v2\/users\/1"}],"replies":[{"embeddable":true,"href":"http:\/\/www.tvturk.com\/index.php\/wp-json\/wp\/v2\/comments?post=229160"}],"version-history":[{"count":0,"href":"http:\/\/www.tvturk.com\/index.php\/wp-json\/wp\/v2\/posts\/229160\/revisions"}],"wp:featuredmedia":[{"embeddable":true,"href":"http:\/\/www.tvturk.com\/index.php\/wp-json\/wp\/v2\/media\/229161"}],"wp:attachment":[{"href":"http:\/\/www.tvturk.com\/index.php\/wp-json\/wp\/v2\/media?parent=229160"}],"wp:term":[{"taxonomy":"category","embeddable":true,"href":"http:\/\/www.tvturk.com\/index.php\/wp-json\/wp\/v2\/categories?post=229160"},{"taxonomy":"post_tag","embeddable":true,"href":"http:\/\/www.tvturk.com\/index.php\/wp-json\/wp\/v2\/tags?post=229160"}],"curies":[{"name":"wp","href":"https:\/\/api.w.org\/{rel}","templated":true}]}}