{"id":229228,"date":"2019-11-16T14:32:27","date_gmt":"2019-11-16T11:32:27","guid":{"rendered":"http:\/\/www.tvturk.com\/index.php\/gemlikli-kucuk-cizer-dunya-ikincisi-oldu\/"},"modified":"2019-11-16T14:32:27","modified_gmt":"2019-11-16T11:32:27","slug":"gemlikli-kucuk-cizer-dunya-ikincisi-oldu","status":"publish","type":"post","link":"http:\/\/www.tvturk.com\/index.php\/gemlikli-kucuk-cizer-dunya-ikincisi-oldu\/","title":{"rendered":"Gemlikli k\u00fc\u00e7\u00fck \u00e7izer d\u00fcnya ikincisi oldu"},"content":{"rendered":"<p>Bursa\u2019n\u0131n Gemlik il\u00e7esinde, lise \u00f6\u011frencisi Ay\u015fe Berra Ar\u0131dil, yapt\u0131\u011f\u0131 karikat\u00fcrle d\u00fcnya ikincisi oldu.<\/p>\n<p>Halit Pa\u015fa \u0130mam Hatip Ortaokulunda okuyan ve ayn\u0131 zamanda da BUSMEK Pa\u015fa Kona\u011f\u0131 Kurs Merkezindeki karikat\u00fcr at\u00f6lyesine \u00fc\u00e7 y\u0131ld\u0131r devam eden Ay\u015fe Berra Ar\u0131dil, \u0130talya\u2019da d\u00fczenlenen Uluslararas\u0131 Karikat\u00fcr Yar\u0131\u015fmas\u0131nda, ortaokul \u00f6\u011frencileri kategorisinde ikinci oldu. Hafta sonunda \u0130tala\u2019yada bulunan sergi salonunda, sergi a\u00e7\u0131l\u0131\u015f\u0131 ve \u00f6d\u00fcl t\u00f6reni ger\u00e7ekle\u015ftirildi. Sergi a\u00e7\u0131l\u0131\u015f\u0131yla birlikte gen\u00e7 \u00e7izerlere plaket, sertifika, alb\u00fcm ve \u00e7e\u015fitli hediyeler takdim edildi. Se\u00e7ilen eserlerden olu\u015fan sergi, 31 Mart 2020 tarihine kadar ilgili sergi salonunda sergilendikten sonra, \u0130talya\u2019n\u0131n farkl\u0131 b\u00f6lgelerindeki sergi salonlar\u0131nda da iki y\u0131l boyunca sergilenmeye devam edecek. \u0130kinci olarak \u00fclkemizi ba\u015far\u0131yla temsil eden Ay\u015fe Berra Ar\u0131dil\u2019i tebrik eden Okul M\u00fcd\u00fcr\u00fc Hacer Semiz, &#8220;\u00d6\u011frencimizin ba\u015far\u0131lar\u0131n\u0131n devam\u0131n\u0131 diliyoruz&#8221; dedi.<\/p>\n","protected":false},"excerpt":{"rendered":"<p>GEML\u0130KL\u0130 K\u00dc\u00c7\u00dcK \u00c7\u0130ZER\u0130N \u0130TALYA\u2019DAK\u0130 B\u00dcY\u00dcK BA\u015eARISI<\/p>\n","protected":false},"author":1,"featured_media":229229,"comment_status":"closed","ping_status":"open","sticky":false,"template":"","format":"standard","meta":{"jetpack_post_was_ever_published":false,"_jetpack_newsletter_access":"","_jetpack_dont_email_post_to_subs":false,"_jetpack_newsletter_tier_id":0,"_jetpack_memberships_contains_paywalled_content":false,"_jetpack_memberships_contains_paid_content":false,"footnotes":"","jetpack_publicize_message":"","jetpack_publicize_feature_enabled":true,"jetpack_social_post_already_shared":true,"jetpack_social_options":{"image_generator_settings":{"template":"highway","default_image_id":0,"font":"","enabled":false},"version":2}},"categories":[1],"tags":[349,57732,38166,454,1166,77],"class_list":["post-229228","post","type-post","status-publish","format-standard","has-post-thumbnail","hentry","category-genel","tag-dunya","tag-cizer","tag-gemlikli","tag-ikincisi","tag-kucuk","tag-oldu"],"jetpack_publicize_connections":[],"jetpack_featured_media_url":"https:\/\/i0.wp.com\/www.tvturk.com\/wp-content\/uploads\/2019\/11\/gemlikli-kucuk-cizer-dunya-ikincisi-oldu_96dcc9b.jpg?fit=1000%2C690","jetpack_sharing_enabled":true,"jetpack_shortlink":"https:\/\/wp.me\/paKIfm-XDe","_links":{"self":[{"href":"http:\/\/www.tvturk.com\/index.php\/wp-json\/wp\/v2\/posts\/229228","targetHints":{"allow":["GET"]}}],"collection":[{"href":"http:\/\/www.tvturk.com\/index.php\/wp-json\/wp\/v2\/posts"}],"about":[{"href":"http:\/\/www.tvturk.com\/index.php\/wp-json\/wp\/v2\/types\/post"}],"author":[{"embeddable":true,"href":"http:\/\/www.tvturk.com\/index.php\/wp-json\/wp\/v2\/users\/1"}],"replies":[{"embeddable":true,"href":"http:\/\/www.tvturk.com\/index.php\/wp-json\/wp\/v2\/comments?post=229228"}],"version-history":[{"count":0,"href":"http:\/\/www.tvturk.com\/index.php\/wp-json\/wp\/v2\/posts\/229228\/revisions"}],"wp:featuredmedia":[{"embeddable":true,"href":"http:\/\/www.tvturk.com\/index.php\/wp-json\/wp\/v2\/media\/229229"}],"wp:attachment":[{"href":"http:\/\/www.tvturk.com\/index.php\/wp-json\/wp\/v2\/media?parent=229228"}],"wp:term":[{"taxonomy":"category","embeddable":true,"href":"http:\/\/www.tvturk.com\/index.php\/wp-json\/wp\/v2\/categories?post=229228"},{"taxonomy":"post_tag","embeddable":true,"href":"http:\/\/www.tvturk.com\/index.php\/wp-json\/wp\/v2\/tags?post=229228"}],"curies":[{"name":"wp","href":"https:\/\/api.w.org\/{rel}","templated":true}]}}