{"id":229272,"date":"2019-11-16T15:33:08","date_gmt":"2019-11-16T12:33:08","guid":{"rendered":"http:\/\/www.tvturk.com\/index.php\/tugvadan-israilin-gazzedeki-saldirilarina-tepki\/"},"modified":"2019-11-16T15:33:08","modified_gmt":"2019-11-16T12:33:08","slug":"tugvadan-israilin-gazzedeki-saldirilarina-tepki","status":"publish","type":"post","link":"http:\/\/www.tvturk.com\/index.php\/tugvadan-israilin-gazzedeki-saldirilarina-tepki\/","title":{"rendered":"T\u00dcGVA\u2019dan, \u0130srail\u2019in Gazze\u2019deki sald\u0131r\u0131lar\u0131na tepki"},"content":{"rendered":"<p>T\u00fcrkiye Gen\u00e7lik Vakf\u0131 (T\u00dcGVA) \u0130zmir \u00dcniversiteler Te\u015fkilat\u0131, \u0130srail\u2019in sald\u0131r\u0131lar\u0131n\u0131 s\u00fcrd\u00fcrd\u00fc\u011f\u00fc Gazze\u2019de ya\u015fananlara bas\u0131n a\u00e7\u0131klamas\u0131yla tepki g\u00f6sterdi.<\/p>\n<p>T\u00fcrkiye Gen\u00e7lik Vakf\u0131 (T\u00dcGVA) \u0130zmir \u00dcniversiteler Te\u015fkilat\u0131, Bornova il\u00e7esinde bulunan Hac\u0131 Neriman Be\u015fer Cami \u00f6n\u00fcnde toplanarak \u0130srail\u2019in sald\u0131r\u0131lar\u0131n\u0131n s\u00fcrd\u00fc\u011f\u00fc Gazze\u2019de ya\u015fananlara bas\u0131n a\u00e7\u0131klamas\u0131yla tepki g\u00f6sterdi. Te\u015fkilat \u00fcyeleri ad\u0131na a\u00e7\u0131klamay\u0131 yapan T\u00dcGVA \u0130zmir \u0130l Ba\u015fkan Yard\u0131mc\u0131s\u0131 ve \u00dcniversiteler Koordinat\u00f6r\u00fc Mert Ye\u015filyurt, insanl\u0131k tarihinin g\u00f6rd\u00fc\u011f\u00fc en b\u00fcy\u00fck zul\u00fcmlerden birinin Filistin\u2019de yap\u0131lmaya devam etti\u011fini dile getirerek, d\u00fcnyan\u0131n sessiz kald\u0131\u011f\u0131 bu ac\u0131 hadiseye kar\u015f\u0131 T\u00fcrkiye\u2019den bir ses, bir nefes ve bir yumruk olmak istediklerini ifade etti.<\/p>\n<p>T\u00fcrkiye\u2019nin din, dil, \u0131rk ayr\u0131m\u0131 g\u00f6zetmeksizin t\u00fcm mazlumlar\u0131n hakk\u0131n\u0131 savunmaya daha g\u00fcr sesle devam edece\u011fin, belirten Ye\u015filyurt, \u201cBuradan \u0130slam co\u011frafyas\u0131na seslenmek istiyoruz. Daha neyi bekliyorsunuz? Daha ne kadar kendi karde\u015flerinizin feryad\u0131n\u0131, \u00fcmmetin meselelerine sa\u011f\u0131r ve dilsiz kalacak, g\u00f6rmezden geleceksiniz? Filistin, dar bir co\u011frafyada bulunan M\u00fcsl\u00fcman bir az\u0131nl\u0131\u011f\u0131n meselesi de\u011fil, t\u00fcm \u0130slam aleminin meselesidir\u201d diye konu\u015ftu.<\/p>\n","protected":false},"excerpt":{"rendered":"<p>T\u00dcRK\u0130YE GEN\u00c7L\u0130K VAKFI (T\u00dcGVA) \u0130ZM\u0130R \u00dcN\u0130VERS\u0130TELER TE\u015eK\u0130LATI, \u0130SRA\u0130L&#8217;\u0130N SALDIRILARINI S\u00dcRD\u00dcRD\u00dc\u011e\u00dc GAZZE\u2019DE YA\u015eANANLARA BASIN A\u00c7IKLAMASIYLA TEPK\u0130 G\u00d6STERD\u0130.<\/p>\n","protected":false},"author":1,"featured_media":229273,"comment_status":"closed","ping_status":"open","sticky":false,"template":"","format":"standard","meta":{"jetpack_post_was_ever_published":false,"_jetpack_newsletter_access":"","_jetpack_dont_email_post_to_subs":false,"_jetpack_newsletter_tier_id":0,"_jetpack_memberships_contains_paywalled_content":false,"_jetpack_memberships_contains_paid_content":false,"footnotes":"","jetpack_publicize_message":"","jetpack_publicize_feature_enabled":true,"jetpack_social_post_already_shared":true,"jetpack_social_options":{"image_generator_settings":{"template":"highway","default_image_id":0,"font":"","enabled":false},"version":2}},"categories":[1],"tags":[23827,27810,57748,961,15195],"class_list":["post-229272","post","type-post","status-publish","format-standard","has-post-thumbnail","hentry","category-genel","tag-israilin","tag-gazzedeki","tag-saldirilarina","tag-tepki","tag-tugvadan"],"jetpack_publicize_connections":[],"jetpack_featured_media_url":"https:\/\/i0.wp.com\/www.tvturk.com\/wp-content\/uploads\/2019\/11\/tugvadan-israilin-gazzedeki-saldirilarina-tepki_15286ba.jpg?fit=1000%2C666","jetpack_sharing_enabled":true,"jetpack_shortlink":"https:\/\/wp.me\/paKIfm-XDW","_links":{"self":[{"href":"http:\/\/www.tvturk.com\/index.php\/wp-json\/wp\/v2\/posts\/229272","targetHints":{"allow":["GET"]}}],"collection":[{"href":"http:\/\/www.tvturk.com\/index.php\/wp-json\/wp\/v2\/posts"}],"about":[{"href":"http:\/\/www.tvturk.com\/index.php\/wp-json\/wp\/v2\/types\/post"}],"author":[{"embeddable":true,"href":"http:\/\/www.tvturk.com\/index.php\/wp-json\/wp\/v2\/users\/1"}],"replies":[{"embeddable":true,"href":"http:\/\/www.tvturk.com\/index.php\/wp-json\/wp\/v2\/comments?post=229272"}],"version-history":[{"count":0,"href":"http:\/\/www.tvturk.com\/index.php\/wp-json\/wp\/v2\/posts\/229272\/revisions"}],"wp:featuredmedia":[{"embeddable":true,"href":"http:\/\/www.tvturk.com\/index.php\/wp-json\/wp\/v2\/media\/229273"}],"wp:attachment":[{"href":"http:\/\/www.tvturk.com\/index.php\/wp-json\/wp\/v2\/media?parent=229272"}],"wp:term":[{"taxonomy":"category","embeddable":true,"href":"http:\/\/www.tvturk.com\/index.php\/wp-json\/wp\/v2\/categories?post=229272"},{"taxonomy":"post_tag","embeddable":true,"href":"http:\/\/www.tvturk.com\/index.php\/wp-json\/wp\/v2\/tags?post=229272"}],"curies":[{"name":"wp","href":"https:\/\/api.w.org\/{rel}","templated":true}]}}