{"id":229302,"date":"2019-11-16T16:32:07","date_gmt":"2019-11-16T13:32:07","guid":{"rendered":"http:\/\/www.tvturk.com\/index.php\/mi-store-acilisi-izdiham-nedeniyle-ertelendi\/"},"modified":"2019-11-16T16:32:07","modified_gmt":"2019-11-16T13:32:07","slug":"mi-store-acilisi-izdiham-nedeniyle-ertelendi","status":"publish","type":"post","link":"http:\/\/www.tvturk.com\/index.php\/mi-store-acilisi-izdiham-nedeniyle-ertelendi\/","title":{"rendered":"Mi Store a\u00e7\u0131l\u0131\u015f\u0131 izdiham nedeniyle ertelendi"},"content":{"rendered":"<p>Ankara\u2019da a\u00e7\u0131lmas\u0131 planlanan Mi Store, ya\u015fanan yo\u011fun ilgi nedeniyle \u00e7\u0131kan izdihamdan dolay\u0131 ertelendi.<\/p>\n<p>Xiaomi, Evofone b\u00fcnyesindeki 4\u2019\u00fcnc\u00fc ma\u011fazas\u0131n\u0131 Ankara\u2019da a\u00e7aca\u011f\u0131n\u0131 duyurmu\u015ftu. Bug\u00fcn ger\u00e7ekle\u015ftirilmesi beklenen yeni ma\u011faza a\u00e7\u0131l\u0131\u015f\u0131n\u0131n, ya\u015fanan yo\u011fun ilgi nedeniyle \u00e7\u0131kan izdihamdan dolay\u0131 ertelenmesine karar verildi. Vatanda\u015flar\u0131n yo\u011fun ilgisiyle kar\u015f\u0131la\u015fan yetkililer, ma\u011fazay\u0131 ge\u00e7ici bir s\u00fcre i\u00e7in kapatt\u0131. Yap\u0131lan bilgilendirmede; a\u00e7\u0131l\u0131\u015fa \u00f6zel belirlenen kampanyalar 15 g\u00fcn boyunca olacak \u015fekilde yeniden organize edilecek.<\/p>\n<p>Ma\u011fazan\u0131n alabilece\u011fi kapasitenin \u00e7ok \u00fcst\u00fcnde insan\u0131n ak\u0131n etti\u011fi yeni ma\u011faza a\u00e7\u0131l\u0131\u015f\u0131, Instagram \u00fczerinden yap\u0131lan bir a\u00e7\u0131klamayla iptal edildi. A\u00e7\u0131klamada; &#8220;A\u00e7\u0131l\u0131\u015f\u0131m\u0131z ya\u015fanan a\u015f\u0131r\u0131 izdiham nedeniyle iptal edilmi\u015ftir. A\u00e7\u0131l\u0131\u015fa \u00f6zel indirim ve \u00f6zel fiyat kampanyalar\u0131m\u0131z 15 g\u00fcn boyunca ge\u00e7erli olacak \u015fekilde tekrar organize edilip, konu ile ilgili ikinci bir duyuru yap\u0131lacakt\u0131r. Anlay\u0131\u015f\u0131n\u0131z i\u00e7in te\u015fekk\u00fcr ederiz.&#8221; s\u00f6zlerine yer verildi.<\/p>\n","protected":false},"excerpt":{"rendered":"<p>ANKARA&#8217;DA A\u00c7ILMASI PLANLANAN M\u0130 STORE, YA\u015eANAN YO\u011eUN \u0130LG\u0130 NEDEN\u0130YLE \u00c7IKAN \u0130ZD\u0130HAMDAN DOLAYI ERTELEND\u0130.<\/p>\n","protected":false},"author":1,"featured_media":229303,"comment_status":"closed","ping_status":"open","sticky":false,"template":"","format":"standard","meta":{"jetpack_post_was_ever_published":false,"_jetpack_newsletter_access":"","_jetpack_dont_email_post_to_subs":false,"_jetpack_newsletter_tier_id":0,"_jetpack_memberships_contains_paywalled_content":false,"_jetpack_memberships_contains_paid_content":false,"footnotes":"","jetpack_publicize_message":"","jetpack_publicize_feature_enabled":true,"jetpack_social_post_already_shared":true,"jetpack_social_options":{"image_generator_settings":{"template":"highway","default_image_id":0,"font":"","enabled":false},"version":2}},"categories":[19],"tags":[674,1351,10308,413,7379],"class_list":["post-229302","post","type-post","status-publish","format-standard","has-post-thumbnail","hentry","category-ekonomi","tag-acilisi","tag-ertelendi","tag-izdiham","tag-nedeniyle","tag-store"],"jetpack_publicize_connections":[],"jetpack_featured_media_url":"https:\/\/i0.wp.com\/www.tvturk.com\/wp-content\/uploads\/2019\/11\/mi-store-acilisi-izdiham-nedeniyle-ertelendi_47dee72.jpg?fit=1000%2C1000","jetpack_sharing_enabled":true,"jetpack_shortlink":"https:\/\/wp.me\/paKIfm-XEq","_links":{"self":[{"href":"http:\/\/www.tvturk.com\/index.php\/wp-json\/wp\/v2\/posts\/229302","targetHints":{"allow":["GET"]}}],"collection":[{"href":"http:\/\/www.tvturk.com\/index.php\/wp-json\/wp\/v2\/posts"}],"about":[{"href":"http:\/\/www.tvturk.com\/index.php\/wp-json\/wp\/v2\/types\/post"}],"author":[{"embeddable":true,"href":"http:\/\/www.tvturk.com\/index.php\/wp-json\/wp\/v2\/users\/1"}],"replies":[{"embeddable":true,"href":"http:\/\/www.tvturk.com\/index.php\/wp-json\/wp\/v2\/comments?post=229302"}],"version-history":[{"count":0,"href":"http:\/\/www.tvturk.com\/index.php\/wp-json\/wp\/v2\/posts\/229302\/revisions"}],"wp:featuredmedia":[{"embeddable":true,"href":"http:\/\/www.tvturk.com\/index.php\/wp-json\/wp\/v2\/media\/229303"}],"wp:attachment":[{"href":"http:\/\/www.tvturk.com\/index.php\/wp-json\/wp\/v2\/media?parent=229302"}],"wp:term":[{"taxonomy":"category","embeddable":true,"href":"http:\/\/www.tvturk.com\/index.php\/wp-json\/wp\/v2\/categories?post=229302"},{"taxonomy":"post_tag","embeddable":true,"href":"http:\/\/www.tvturk.com\/index.php\/wp-json\/wp\/v2\/tags?post=229302"}],"curies":[{"name":"wp","href":"https:\/\/api.w.org\/{rel}","templated":true}]}}