{"id":229322,"date":"2019-11-16T17:18:30","date_gmt":"2019-11-16T14:18:30","guid":{"rendered":"http:\/\/www.tvturk.com\/index.php\/sevgi-oklari-yaydan-cikti\/"},"modified":"2019-11-16T17:18:30","modified_gmt":"2019-11-16T14:18:30","slug":"sevgi-oklari-yaydan-cikti","status":"publish","type":"post","link":"http:\/\/www.tvturk.com\/index.php\/sevgi-oklari-yaydan-cikti\/","title":{"rendered":"\u2018Sevgi Oklar\u0131\u2019 yaydan \u00e7\u0131kt\u0131"},"content":{"rendered":"<p>Muradiye Sevgi Koleji Spor Kul\u00fcb\u00fcn\u00fcn d\u00fczenledi\u011fi ve 16-17 Kas\u0131m tarihlerinde Muradiye Sevgi Koleji \u0130ncek yerle\u015fkesinde ger\u00e7ekle\u015ftirilen 2\u2019nci Geleneksel Ok\u00e7uluk \u015eampiyonas\u0131\u2019na Ankara genelinde 16 ok\u00e7uluk kul\u00fcb\u00fc 250 sporcu kat\u0131ld\u0131.<\/p>\n<p>Muradiye Sevgi Koleji Spor Kul\u00fcb\u00fc taraf\u0131ndan yo\u011fun bir kat\u0131l\u0131mla ger\u00e7ekle\u015ftirilen ok\u00e7uluk yar\u0131\u015fmas\u0131na 250 sporcu kat\u0131ld\u0131. \u2018Sevgi Oklar\u0131 Yaydan \u00c7\u0131k\u0131yor\u2019 slogan\u0131yla d\u00fczenlenen 2\u2019nci Geleneksel Ok\u00e7uluk \u015eampiyonas\u0131\u2019na kat\u0131larak dereceye giren \u00f6\u011frenciler ve kul\u00fcplere ba\u015far\u0131lar\u0131n\u0131 simgeleyen madalya ve kupalar verildi. 07 ya\u015f ile 20 ya\u015f aras\u0131nda farkl\u0131 kategorilerde yap\u0131lan yar\u0131\u015fmalar 17 Kas\u0131m Pazar g\u00fcn\u00fc de devam edecek.<\/p>\n<p>Muradiye Sevgi Koleji Z\u00fcmre Ba\u015fkan\u0131 ve Sportif Koordinat\u00f6r Mehmet Keskin, bu t\u00fcr organizasyonlara ev sahipli\u011fi yapmaktan duydu\u011fu memnuniyeti belirterek, \u201cBiz bu organizasyona 2\u2019nci defa ev sahipli\u011fi yap\u0131yoruz. Ad\u0131ndan da anla\u015f\u0131laca\u011f\u0131 \u00fczerine \u2018Sevgi Oklar\u0131\u2019. Tabii ki \u00e7ocuklar\u0131m\u0131z\u0131n att\u0131\u011f\u0131 her bir sevgi okunu hedeflerine ula\u015ft\u0131rmadan \u00f6nce; do\u011frulu\u011fa, g\u00fczelli\u011fe, bar\u0131\u015fa, mutlulu\u011fa ula\u015ft\u0131rmalar\u0131. Amac\u0131m\u0131z \u00f6nce; iyi insan, iyi evlat, iyi sporcu, iyi ok\u00e7u olmalar\u0131. \u015eu anda her \u00e7ocu\u011fun y\u00fcz\u00fc g\u00fcl\u00fcyor demek ki g\u00fczel bir i\u015f yap\u0131yoruz. Ankara genelinde 16 ok\u00e7uluk kul\u00fcb\u00fc ve yakla\u015f\u0131k 250 \u00f6\u011frenci kat\u0131ld\u0131. \u00d6\u011frencilerimiz 7 ya\u015ftan &#8211; 20 ya\u015f\u0131na kadar farkl\u0131 kategorilerde yar\u0131\u015f\u0131yorlar. Bence ok\u00e7uluk muhte\u015fem bir spor. \u015eu anda en b\u00fcy\u00fck problem \u00e7ocuklar\u0131m\u0131zda odaklanma ve konsantrasyon. Ok\u00e7uluk bu noktada inan\u0131lmaz bir spor. Her \u015feyi maddiyata vurmamak laz\u0131m ama belli bir gideri var bu sporun. Biz \u00f6\u011frencilerimize ilk ba\u015fta profesyonel malzemelerden ziyade antrenman aparatlar\u0131yla \u00e7al\u0131\u015f\u0131yoruz. E\u011fer \u00e7ocu\u011fumuz bu i\u015fi yapaca\u011f\u0131na kanaat getiriyorsa ve biz de o \u0131\u015f\u0131\u011f\u0131 g\u00f6r\u00fcrsek aileleri o zaman y\u00f6nlendiriyoruz. Bu organizasyonu hep yapmak istiyoruz. Bu g\u00fc\u00e7l\u00fc kurumla, bu tarz organizasyonlarda aktif yol almak istiyoruz. Yapabildi\u011fimizce \u00e7e\u015fitli bran\u015flarda destek verece\u011fiz. Bug\u00fcn sabah itibariyle ba\u015flad\u0131 organizasyon 17 Kas\u0131m Pazar g\u00fcn\u00fc saat 19 civar\u0131nda bitecek. Ben bir baba, \u00f6\u011fretmen ve eski sporcu olarak her \u00e7ocu\u011fumuzun sporla u\u011fra\u015fmas\u0131 gerekiyor. \u015eu an \u00e7ocuklar\u0131m\u0131z\u0131n en b\u00fcy\u00fck d\u00fc\u015fman\u0131 sanal d\u00fcnya ba\u011f\u0131ml\u0131l\u0131\u011f\u0131. \u00c7ocuklar\u0131m\u0131z\u0131 me\u015fgul oldu\u011funca sporla me\u015fgul edelim\u201d  ifadelerini kulland\u0131.<\/p>\n<p>Tezel Ok\u00e7uluk Spor Kul\u00fcb\u00fc Ba\u015fkan\u0131 Muzaffer Tezel, 10 y\u0131ld\u0131r ok\u00e7uluk sporuyla ilgilendi\u011fini aktararak, \u201cOk\u00e7uluk ad\u0131na, milli tak\u0131m i\u00e7in ve gen\u00e7lerimizin k\u00f6t\u00fc al\u0131\u015fkanl\u0131klardan ar\u0131nd\u0131r\u0131lmas\u0131 i\u00e7in \u00e7al\u0131\u015fmalar yap\u0131yoruz. Sporu sevdirmeye \u00e7al\u0131\u015f\u0131yoruz. \u00c7ocuklar\u0131m\u0131z\u0131 \u00f6zellikle telefon ve bilgisayarlardan uzak tutmaya \u00e7al\u0131\u015f\u0131yoruz. Sa\u011fl\u0131kl\u0131 bir \u015fekilde hayatlar\u0131n\u0131 devam ettirmeleri ve sporun k\u00fclt\u00fcr olarak yerle\u015fmesi i\u00e7in \u00e7al\u0131\u015fmalar yap\u0131yoruz. Sporcular\u0131m\u0131z ciddi \u00e7al\u0131\u015fmalar i\u00e7indeler. Devlette olimpiyatlar ad\u0131na sporcular\u0131m\u0131z\u0131 ve kul\u00fcplerimizi destekliyorlar. Ok\u00e7uluk Federasyonunun yapt\u0131\u011f\u0131 ciddi \u00e7al\u0131\u015fmalar var. Bunlar\u0131n da meyvelerini toplad\u0131klar\u0131n\u0131 g\u00f6r\u00fcyoruz. G\u00fczel yerlere geldik ve daha iyi yerlere gelece\u011fimize inan\u0131yorum. Ok\u00e7uluk sporu \u00f6zellikle sporcular\u0131m\u0131z\u0131n dikkatlerini toplamalar\u0131, hiperaktivitenin giderilmesi y\u00f6n\u00fcnden v\u00fccudu kontrol almay\u0131 hedefleyen bir spordur. D\u00fcnyadaki en zor sporlardan bir tanesi diyebilirim. \u00c7\u00fcnk\u00fc sporcunun tepeden t\u0131rna\u011fa t\u00fcm v\u00fccuduna hakim olmas\u0131 gerekiyor. Sporcu hedefe ula\u015fmas\u0131 i\u00e7in saniyelerle karar vermesi gerekiyor. Zor bir spor ama \u00e7al\u0131\u015ft\u0131k\u00e7a ba\u015far\u0131 sa\u011flayacaklar. Muradiye Okullar\u0131\u2019na te\u015fekk\u00fcr ederiz. Ger\u00e7ekten ok\u00e7uluk ad\u0131na g\u00fczel organizasyon yap\u0131yorlar\u201d \u015feklinde konu\u015ftu.<\/p>\n<p>\u201cHedefim olimpiyatlarda d\u00fcnya \u015fampiyonu olmak\u201d<\/p>\n<p>Ok\u00e7uluk sporunda 5\u2019nci y\u0131l\u0131 olan Ahmet Eymen Acar, ok\u00e7uluk sporunda kullan\u0131lan aparatlar\u0131n\u0131 tan\u0131tt\u0131. Acar, \u201cHaftada d\u00f6rt g\u00fcn ak\u015fam 19.00-21.00 aras\u0131 antrenmanlar\u0131m oluyor. Baz\u0131 g\u00fcnler teknik \u00e7al\u0131\u015f\u0131yor Cumartesi g\u00fcnleri kendimizi denemek i\u00e7in yar\u0131\u015fma yap\u0131yoruz. Asl\u0131nda derslerime iyi geliyor. Ok\u00e7uluk, teknolojiden uzak kalmaya yar\u0131yor ve matemati\u011fi de geli\u015ftiriyor. Hedefim milli sporcu olarak olimpiyatlarda d\u00fcnya \u015fampiyonu olmak. Atam\u0131zdan geleni biz devam ettirmeye \u00e7al\u0131\u015f\u0131yoruz\u201d dedi<\/p>\n<p>\u201cBirka\u00e7 spor ayn\u0131 anda yap\u0131labilir\u201d<\/p>\n<p>Muradiye Sevgi Koleji 6\u2019nc\u0131 s\u0131n\u0131f \u00f6\u011frencisi Emir Erdal, 3 y\u0131ld\u0131r ok\u00e7uluk sporuyla ilgilendi\u011fini s\u00f6yleyerek, \u201cMilli Tak\u0131ma girmek istiyorum. Haftan\u0131n 4 g\u00fcn\u00fc \u00e7al\u0131\u015fmalar\u0131m oluyor. Ok\u00e7ulu\u011fun yan\u0131 s\u0131ra y\u00fczme ve binicilik sporlar\u0131yla u\u011fra\u015f\u0131yorum. Birka\u00e7 spor ayn\u0131 anda yap\u0131labilir. Derslerim \u00fczerinde de faydal\u0131 oluyor. Derslerimi k\u00f6t\u00fc y\u00f6nde etkilemiyor. Bence g\u00fczel ve kalabal\u0131k bir organizasyon oluyor. 3\u2019\u00fcnc\u00fc yar\u0131\u015fmay\u0131 da bekliyorum. Hen\u00fcz sonu\u00e7lar a\u00e7\u0131klanmad\u0131 ama 5\u2019incilik bekliyorum. Bu sporu yaparken dikkatli olmak, odaklanmak, yay\u0131 gerebilmek i\u00e7in kas g\u00fcc\u00fc gerekiyor\u201d ifadelerini kulland\u0131.<\/p>\n<p>\u201cOk\u00e7uluk sporunu herkesin yapmas\u0131n\u0131 istiyorum\u201d<\/p>\n<p>Muradiye Sevgi Koleji 4\u2019\u00fcnc\u00fc s\u0131n\u0131f \u00f6\u011frencisi Eray, ok\u00e7uluk sporunda ilk y\u0131l\u0131 oldu\u011funu s\u00f6yleyerek, \u201cHedefim 1\u2019inci olmakt\u0131, olamad\u0131m. Ama \u00e7ok e\u011flendim. \u00c7ok heyecanland\u0131m, \u00e7ok g\u00fczeldi. Birinci olmasam da e\u011flenmi\u015f olmam yeterliydi. Ok\u00e7uluk sporunu herkesin yapmas\u0131n\u0131 istiyorum\u201d dedi.<\/p>\n","protected":false},"excerpt":{"rendered":"<p>MURAD\u0130YE SEVG\u0130 KOLEJ\u0130 SPOR KUL\u00dcB\u00dcN\u00dcN D\u00dcZENLED\u0130\u011e\u0130 VE 16-17 KASIM TAR\u0130HLER\u0130NDE MURAD\u0130YE SEVG\u0130 KOLEJ\u0130 \u0130NCEK YERLE\u015eKES\u0130NDE GER\u00c7EKLE\u015eT\u0130R\u0130LEN 2\u2019NC\u0130 GELENEKSEL OK\u00c7ULUK \u015eAMP\u0130YONASI\u2019NA ANKARA GENEL\u0130NDE 16 OK\u00c7ULUK KUL\u00dcB\u00dc 250 SPORCU KATILDI.<\/p>\n","protected":false},"author":1,"featured_media":229323,"comment_status":"closed","ping_status":"open","sticky":false,"template":"","format":"standard","meta":{"jetpack_post_was_ever_published":false,"_jetpack_newsletter_access":"","_jetpack_dont_email_post_to_subs":false,"_jetpack_newsletter_tier_id":0,"_jetpack_memberships_contains_paywalled_content":false,"_jetpack_memberships_contains_paid_content":false,"footnotes":"","jetpack_publicize_message":"","jetpack_publicize_feature_enabled":true,"jetpack_social_post_already_shared":true,"jetpack_social_options":{"image_generator_settings":{"template":"highway","default_image_id":0,"font":"","enabled":false},"version":2}},"categories":[1],"tags":[1202,57765,10258,57766],"class_list":["post-229322","post","type-post","status-publish","format-standard","has-post-thumbnail","hentry","category-genel","tag-cikti","tag-oklari","tag-sevgi","tag-yaydan"],"jetpack_publicize_connections":[],"jetpack_featured_media_url":"https:\/\/i0.wp.com\/www.tvturk.com\/wp-content\/uploads\/2019\/11\/sevgi-oklari-yaydan-cikti_fd5c927.jpg?fit=1000%2C666","jetpack_sharing_enabled":true,"jetpack_shortlink":"https:\/\/wp.me\/paKIfm-XEK","_links":{"self":[{"href":"http:\/\/www.tvturk.com\/index.php\/wp-json\/wp\/v2\/posts\/229322","targetHints":{"allow":["GET"]}}],"collection":[{"href":"http:\/\/www.tvturk.com\/index.php\/wp-json\/wp\/v2\/posts"}],"about":[{"href":"http:\/\/www.tvturk.com\/index.php\/wp-json\/wp\/v2\/types\/post"}],"author":[{"embeddable":true,"href":"http:\/\/www.tvturk.com\/index.php\/wp-json\/wp\/v2\/users\/1"}],"replies":[{"embeddable":true,"href":"http:\/\/www.tvturk.com\/index.php\/wp-json\/wp\/v2\/comments?post=229322"}],"version-history":[{"count":0,"href":"http:\/\/www.tvturk.com\/index.php\/wp-json\/wp\/v2\/posts\/229322\/revisions"}],"wp:featuredmedia":[{"embeddable":true,"href":"http:\/\/www.tvturk.com\/index.php\/wp-json\/wp\/v2\/media\/229323"}],"wp:attachment":[{"href":"http:\/\/www.tvturk.com\/index.php\/wp-json\/wp\/v2\/media?parent=229322"}],"wp:term":[{"taxonomy":"category","embeddable":true,"href":"http:\/\/www.tvturk.com\/index.php\/wp-json\/wp\/v2\/categories?post=229322"},{"taxonomy":"post_tag","embeddable":true,"href":"http:\/\/www.tvturk.com\/index.php\/wp-json\/wp\/v2\/tags?post=229322"}],"curies":[{"name":"wp","href":"https:\/\/api.w.org\/{rel}","templated":true}]}}