{"id":229336,"date":"2019-11-16T18:03:43","date_gmt":"2019-11-16T15:03:43","guid":{"rendered":"http:\/\/www.tvturk.com\/index.php\/nebiyan-doga-festivali-basladi\/"},"modified":"2019-11-16T18:03:43","modified_gmt":"2019-11-16T15:03:43","slug":"nebiyan-doga-festivali-basladi","status":"publish","type":"post","link":"http:\/\/www.tvturk.com\/index.php\/nebiyan-doga-festivali-basladi\/","title":{"rendered":"Nebiyan Do\u011fa Festivali ba\u015flad\u0131"},"content":{"rendered":"<p>Samsun 19 May\u0131s Belediyesi taraf\u0131ndan organize edilen \u201c1. Nebiyan Do\u011fa Festivali\u201d renkli g\u00f6r\u00fcnt\u00fclerle ba\u015flad\u0131.<\/p>\n<p>Festivalin a\u00e7\u0131l\u0131\u015f konu\u015fmas\u0131n\u0131 yapan 19 May\u0131s Belediye Ba\u015fkan\u0131 Osman Topal, \u201cGe\u00e7 kal\u0131nm\u0131\u015f bir festival. Nebiyan Da\u011f\u0131 ve etekleri \u00e7ok g\u00fczel ve nezih bir yer. Buras\u0131 T\u00fcrkiye\u2019nin d\u00f6rt bir yan\u0131nda festival olarak d\u00fczenlenen bir\u00e7ok yere g\u00f6re daha g\u00fczel. 2 kilometrelik bir mesafede kamp alan\u0131 ve stantlar kuruldu. Konuklar\u0131m\u0131z buralar\u0131 gezdi\u011finde \u00e7ok g\u00fczel bir yere geldi\u011fini fark etmi\u015f olacak\u201d dedi.<\/p>\n<p>\u201cG\u00fcn gelecek Samsun\u2019un turizm gelirleri Antalya\u2019y\u0131 ge\u00e7ecek\u201d<\/p>\n<p>B\u00fcy\u00fck\u015fehir Belediye Ba\u015fkan\u0131 Mustafa Demir ise, \u201cSamsun, T\u00fcrkiye\u2019nin en g\u00fczel co\u011frafyas\u0131. Hatta d\u00fcnya \u00e7ap\u0131nda da bir co\u011frafya. D\u00fcnyan\u0131n bir\u00e7ok \u00fclkesini g\u00f6rd\u00fck. \u0130klimi itibar\u0131yla, co\u011frafyas\u0131 itibar\u0131yla Allah\u2019\u0131n bir\u00e7ok \u015fey bah\u015fetti\u011fi bir \u015fehir. Bunu hem Samsun hem T\u00fcrkiye b\u00fct\u00fcn b\u00f6lgeleriyle birlikte bir marka de\u011ferine kavu\u015fturup 19 May\u0131s ve Samsunumuzun \u00e7ok \u00f6nemli bir turizm k\u00fclt\u00fcr \u00e7evre duyarl\u0131l\u0131\u011f\u0131n\u0131 da en \u00fcst d\u00fczeye \u00e7\u0131kart\u0131r bir hale gelece\u011fiz. \u015eu anda T\u00fcrkiye\u2019nin turizmde T\u00fcrkiye\u2019nin en \u00f6nde gelen \u00e7ok ciddi anlamda da turizm de \u00f6n planda olan \u015fehrimiz Antalya. Antalya\u2019n\u0131n turizm noktas\u0131nda \u00f6ne \u00e7\u0131kan \u00f6zelli\u011fi nedir? G\u00fcne\u015f ve deniz. Bunun \u00fczerine tarih turizmini ekleyebiliriz. Samsun\u2019un turizm potansiyelinin Antalya\u2019dan daha fazla oldu\u011funu ifade etmek istiyorum. G\u00fcn gelecek, zaman gelecek Samsun\u2019un turizm gelirleri Antalya\u2019y\u0131 ge\u00e7ecek\u201d diye konu\u015ftu.<\/p>\n<p>Eski Gen\u00e7lik ve Spor Bakan\u0131 Suat K\u0131l\u0131\u00e7, AK Parti Samsun Milletvekilleri Yusuf Ziya Y\u0131lmaz ve Orhan K\u0131rcal\u0131 da birer konu\u015fma yapt\u0131.<\/p>\n<p>Konu\u015fmalar\u0131n ard\u0131ndan mehter tak\u0131m\u0131 sahneye \u00e7\u0131kt\u0131. Mehter tak\u0131m\u0131n\u0131n seslendirdi\u011fi mar\u015flar kalabal\u0131\u011f\u0131 co\u015fturdu. Halk oyunlar\u0131 ve Samsun B\u00fcy\u00fck\u015fehir Belediyesi Atl\u0131 Spor Ekibi\u2019nin g\u00f6sterileri etkinli\u011fe renk katt\u0131.<\/p>\n<p>Opera ve bale konseri ile Tahtaralli yar\u0131\u015f\u0131<\/p>\n<p>Daha sonra sahneye Samsun Devlet Opera ve Balesi \u00e7\u0131kt\u0131. Opera ve Bale sanat\u00e7\u0131lar\u0131, piyanist Anna Tarakanova e\u015fli\u011finde bir konser verdi. Nebiyan Da\u011f\u0131 parkurunda yap\u0131lan \u2018Tahtaralli\u2019 yar\u0131\u015flar\u0131 nefes kesti. Yar\u0131\u015flar sonucunda, yar\u0131n (Pazar g\u00fcn\u00fc) yap\u0131lacak olan yar\u0131\u015flarda m\u00fccadele gedecek finalistler belli oldu. \u201cNebiyan Fasulyesi Tat Yar\u0131\u015fmas\u0131\u201d ad\u0131 alt\u0131nda d\u00fczenlenen yar\u0131\u015fmaya kat\u0131lan kad\u0131nlar\u0131n kendi \u00fcrettikleri ve pi\u015firdikleri Nebiyan fasulyesinin j\u00fcri \u00fcyeleri tad\u0131na bakt\u0131.<\/p>\n<p>Etkinli\u011fe Vali Yard\u0131mc\u0131s\u0131 Hasan \u00d6zt\u00fcrk, \u0130l Jandarma Komutan\u0131 Albay \u0130brahim G\u00fcven, 19 May\u0131s Kaymakam\u0131 Yavuz G\u00fcler, Vezirk\u00f6pr\u00fc Kaymakam\u0131 Kudret Kurnaz, Bafra Belediye Ba\u015fkan\u0131 Hamit K\u0131l\u0131\u00e7, sivil toplum kurulu\u015flar\u0131 ve \u00e7ok say\u0131da vatanda\u015f kat\u0131ld\u0131.<\/p>\n<p>Festival Pazar g\u00fcn\u00fc yap\u0131lacak olan de\u011fi\u015fik etkinliklerle son bulacak.<\/p>\n","protected":false},"excerpt":{"rendered":"<p>SAMSUN 19 MAYIS BELED\u0130YES\u0130 TARAFINDAN ORGAN\u0130ZE ED\u0130LEN 1\u2019NC\u0130 NEB\u0130YAN DO\u011eA FEST\u0130VAL\u0130 RENKL\u0130 G\u00d6R\u00dcNT\u00dcLERLE BA\u015eLADI.<\/p>\n","protected":false},"author":1,"featured_media":229337,"comment_status":"closed","ping_status":"open","sticky":false,"template":"","format":"standard","meta":{"jetpack_post_was_ever_published":false,"_jetpack_newsletter_access":"","_jetpack_dont_email_post_to_subs":false,"_jetpack_newsletter_tier_id":0,"_jetpack_memberships_contains_paywalled_content":false,"_jetpack_memberships_contains_paid_content":false,"footnotes":"","jetpack_publicize_message":"","jetpack_publicize_feature_enabled":true,"jetpack_social_post_already_shared":true,"jetpack_social_options":{"image_generator_settings":{"template":"highway","default_image_id":0,"font":"","enabled":false},"version":2}},"categories":[656],"tags":[52255,55,4197,3400],"class_list":["post-229336","post","type-post","status-publish","format-standard","has-post-thumbnail","hentry","category-kultur-sanat","tag-nebiyan","tag-basladi","tag-doga","tag-festivali"],"jetpack_publicize_connections":[],"jetpack_featured_media_url":"https:\/\/i0.wp.com\/www.tvturk.com\/wp-content\/uploads\/2019\/11\/nebiyan-doga-festivali-basladi_2f1c460.jpg?fit=1000%2C602","jetpack_sharing_enabled":true,"jetpack_shortlink":"https:\/\/wp.me\/paKIfm-XEY","_links":{"self":[{"href":"http:\/\/www.tvturk.com\/index.php\/wp-json\/wp\/v2\/posts\/229336","targetHints":{"allow":["GET"]}}],"collection":[{"href":"http:\/\/www.tvturk.com\/index.php\/wp-json\/wp\/v2\/posts"}],"about":[{"href":"http:\/\/www.tvturk.com\/index.php\/wp-json\/wp\/v2\/types\/post"}],"author":[{"embeddable":true,"href":"http:\/\/www.tvturk.com\/index.php\/wp-json\/wp\/v2\/users\/1"}],"replies":[{"embeddable":true,"href":"http:\/\/www.tvturk.com\/index.php\/wp-json\/wp\/v2\/comments?post=229336"}],"version-history":[{"count":0,"href":"http:\/\/www.tvturk.com\/index.php\/wp-json\/wp\/v2\/posts\/229336\/revisions"}],"wp:featuredmedia":[{"embeddable":true,"href":"http:\/\/www.tvturk.com\/index.php\/wp-json\/wp\/v2\/media\/229337"}],"wp:attachment":[{"href":"http:\/\/www.tvturk.com\/index.php\/wp-json\/wp\/v2\/media?parent=229336"}],"wp:term":[{"taxonomy":"category","embeddable":true,"href":"http:\/\/www.tvturk.com\/index.php\/wp-json\/wp\/v2\/categories?post=229336"},{"taxonomy":"post_tag","embeddable":true,"href":"http:\/\/www.tvturk.com\/index.php\/wp-json\/wp\/v2\/tags?post=229336"}],"curies":[{"name":"wp","href":"https:\/\/api.w.org\/{rel}","templated":true}]}}