{"id":229376,"date":"2019-11-21T17:01:17","date_gmt":"2019-11-21T14:01:17","guid":{"rendered":"http:\/\/www.tvturk.com\/?p=229376"},"modified":"2019-11-21T17:01:24","modified_gmt":"2019-11-21T14:01:24","slug":"aile-psikologlari-psikiyatrlari-sart","status":"publish","type":"post","link":"http:\/\/www.tvturk.com\/index.php\/aile-psikologlari-psikiyatrlari-sart\/","title":{"rendered":"A\u0130LE PS\u0130KOLOGLARI \/ PS\u0130K\u0130YATRLARI \u015eART"},"content":{"rendered":"\n<p>Son d\u00f6nemlerde siyan\u00fcrle ger\u00e7ekle\u015ftirilen toplu aile intihar vak&#8217;alar\u0131 toplumsal olarak nas\u0131l bir \u00e7\u0131kmazda oldu\u011fumuzun a\u00e7\u0131k bir g\u00f6stergesi. \u0130nsan kendi \u00e7ocu\u011funu, e\u015fini, onlar\u0131 korumak ad\u0131na siyan\u00fcr ile zehirleyip, kendi can\u0131na da nas\u0131l k\u0131yabilir?! \u00d6l\u00fcm nedenleri incelendi\u011finde hepsi paras\u0131zl\u0131\u011fa \u00e7\u0131k\u0131yor. \u00dclkede g\u00fcya! ekonomik bir kriz ya\u015fanm\u0131yor. E\u011fitimli, bilin\u00e7li, i\u015fsizlikten, paras\u0131zl\u0131ktan \u00e7\u0131kmaza girmi\u015f insanlar, bu d\u00fcnyada hi\u00e7 ya\u015famam\u0131\u015f\u00e7as\u0131na yuvalar\u0131n\u0131 da kurutarak \u00f6l\u00fcm\u00fc se\u00e7iyorlar. <\/p>\n\n\n\n<p>Adeta \u00f6rneklem gibi kullan\u0131lan siyan\u00fcr intiharlar\u0131, insanlar\u0131n alg\u0131s\u0131n\u0131 siyan\u00fcr&#8217;e y\u00f6nlendirdi. Siyan\u00fcr,  google \u00fczerinde yap\u0131lan aramalarda trend topic oldu adeta. \u0130nsanlar, &#8220;siyan\u00fcr nereden al\u0131n\u0131r, siyan\u00fcr\u00fcr nas\u0131l \u00f6ld\u00fcr\u00fcr&#8221; gibi sorular ile arama yapt\u0131r\u0131yorlar. <\/p>\n\n\n\n<p>Bu \u00fclkede insan olman\u0131n bir \u00f6nemi yok kan\u0131mca. As\u0131l \u00f6nemli olan para kazanmak. Nereden geldi\u011fi, nas\u0131l kazan\u0131ld\u0131\u011f\u0131 \u00f6nemli de\u011fil. Yeter ki gelsin.  \u00c7alan, soyan, doland\u0131ran el \u00fcst\u00fcnde tutuluyor, aln\u0131m\u0131n teri deyip \u00e7al\u0131\u015fan iki yakay\u0131 bir araya getiremiyor.  Bu insanlar\u0131 \u00f6l\u00fcme g\u00f6t\u00fcren ne? Maddi \u015fartlar en temel ama insanlar bu \u00fclkenin adalet sistemine, sa\u011fl\u0131k sistemine g\u00fcvenmiyor. Ad\u0131m atman\u0131n paraya ba\u011fl\u0131 oldu\u011fu bir hayatta, insanlar ya\u015fama inanc\u0131n\u0131 kaybetmi\u015f durumda!<\/p>\n\n\n\n<p>B\u0130r \u015fey yapmal\u0131: Daha fazla intihar vak&#8217;as\u0131 ya\u015fanmamas\u0131 i\u00e7in hemen tedbir al\u0131nmal\u0131. Toplumun ruh sa\u011fl\u0131\u011f\u0131 mercek alt\u0131na al\u0131nmal\u0131 \u00f6ncelikle. Nedenler ve sonu\u00e7lar\u0131 ara\u015ft\u0131r\u0131ld\u0131\u011f\u0131nda toplumsal yarara hizmet edecek sonu\u00e7lara da eri\u015filecektir bence. <\/p>\n\n\n\n<p>\u0130nsanlar\u0131m\u0131z\u0131n ruh sa\u011fl\u0131\u011f\u0131 bozuk. Bana kal\u0131rsa nas\u0131l ki her ailenin bir aile hekimi var bir de psikolog ve psikiyat\u0131r\u0131 olmal\u0131. Aile hekimleri ile birlikte \u00e7al\u0131\u015fabilir bu uzmanlar. Her ailenin fertlerinin ruh sa\u011fl\u0131\u011f\u0131 yak\u0131n takipte olmal\u0131.. Aile hekimleri nas\u0131l ki \u00e7ocuklar\u0131m\u0131z\u0131n boy, kilo, a\u015f\u0131 takvimini takip ediyor ise her aile ferdinin ruh sa\u011fl\u0131\u011f\u0131 da bir o kadar yak\u0131n takipte olmal\u0131. Bunun i\u00e7in siyasi partiler, psikoloji ya da psikiyatr dernekleri bir an \u00f6nce \u00e7al\u0131\u015fma yapmal\u0131lar. Ho\u015f senenin ba\u015f\u0131nda MHP Genel Ba\u015fkan\u0131 Devlet Bah\u00e7eli, partisinin grup toplant\u0131s\u0131nda, &#8220;Ruh sa\u011fl\u0131\u011f\u0131 yasas\u0131na ihtiya\u00e7 var&#8221; demi\u015fti ama bu s\u00f6zler \u00fczerine bir \u00e7al\u0131\u015fma yap\u0131ld\u0131 m\u0131, yap\u0131l\u0131yor mu ben bilmiyorum? Bilen birileri varsa bize de iletsin l\u00fctfen.<\/p>\n\n\n\n<p>\u0130statistik rakamlar\u0131 \u00fcrk\u00fct\u00fcyor. T\u00fcrkiye\u2019de; 2014 y\u0131l\u0131nda \u00f6l\u00fcmle sonu\u00e7lanan intihar say\u0131s\u0131 3065, bu grubun d\u00f6rtte \u00fc\u00e7\u00fcn\u00fc erkekler olu\u015fturuyor. \u00d6l\u00fcmle sonu\u00e7lanmayan intihar te\u015febb\u00fcslerinin say\u0131s\u0131n\u0131n bu rakam\u0131n en az \u00fc\u00e7 kat\u0131 oldu\u011fu tahmin ediliyor.  2014&#8217;den bu yana ekonomik \u015fartlar\u0131n insanlar\u0131 daha da zorlad\u0131\u011f\u0131n\u0131 hesaba katarsak bu rakan\u0131n daha da b\u00fcy\u00fcd\u00fc\u011f\u00fcn\u00fc tahmin etmek hi\u00e7 de zor de\u011fil. Ge\u00e7 olmadan bir \u015fey yapmal\u0131!<\/p>\n","protected":false},"excerpt":{"rendered":"<p>Son d\u00f6nemlerde siyan\u00fcrle ger\u00e7ekle\u015ftirilen toplu aile intihar vak&#8217;alar\u0131 toplumsal olarak nas\u0131l bir \u00e7\u0131kmazda oldu\u011fumuzun a\u00e7\u0131k bir g\u00f6stergesi. \u0130nsan kendi \u00e7ocu\u011funu, e\u015fini, onlar\u0131 korumak ad\u0131na siyan\u00fcr ile zehirleyip, kendi can\u0131na da nas\u0131l k\u0131yabilir?! \u00d6l\u00fcm nedenleri incelendi\u011finde hepsi paras\u0131zl\u0131\u011fa \u00e7\u0131k\u0131yor. \u00dclkede g\u00fcya! ekonomik bir kriz ya\u015fanm\u0131yor. E\u011fitimli, bilin\u00e7li, i\u015fsizlikten, paras\u0131zl\u0131ktan \u00e7\u0131kmaza girmi\u015f insanlar, bu d\u00fcnyada hi\u00e7 ya\u015famam\u0131\u015f\u00e7as\u0131na [&hellip;]<\/p>\n","protected":false},"author":3,"featured_media":231145,"comment_status":"closed","ping_status":"open","sticky":false,"template":"","format":"standard","meta":{"jetpack_post_was_ever_published":false,"_jetpack_newsletter_access":"","_jetpack_dont_email_post_to_subs":false,"_jetpack_newsletter_tier_id":0,"_jetpack_memberships_contains_paywalled_content":false,"_jetpack_memberships_contains_paid_content":false,"footnotes":"","jetpack_publicize_message":"","jetpack_publicize_feature_enabled":true,"jetpack_social_post_already_shared":true,"jetpack_social_options":{"image_generator_settings":{"template":"highway","default_image_id":0,"font":"","enabled":false},"version":2}},"categories":[5],"tags":[58223,58222,4981,41077],"class_list":["post-229376","post","type-post","status-publish","format-standard","has-post-thumbnail","hentry","category-gundem","tag-aile-hekimi","tag-psikiyatr","tag-psikolog","tag-siyanur"],"jetpack_publicize_connections":[],"jetpack_featured_media_url":"https:\/\/i0.wp.com\/www.tvturk.com\/wp-content\/uploads\/2019\/11\/images.jpg?fit=259%2C194","jetpack_sharing_enabled":true,"jetpack_shortlink":"https:\/\/wp.me\/paKIfm-XFC","_links":{"self":[{"href":"http:\/\/www.tvturk.com\/index.php\/wp-json\/wp\/v2\/posts\/229376","targetHints":{"allow":["GET"]}}],"collection":[{"href":"http:\/\/www.tvturk.com\/index.php\/wp-json\/wp\/v2\/posts"}],"about":[{"href":"http:\/\/www.tvturk.com\/index.php\/wp-json\/wp\/v2\/types\/post"}],"author":[{"embeddable":true,"href":"http:\/\/www.tvturk.com\/index.php\/wp-json\/wp\/v2\/users\/3"}],"replies":[{"embeddable":true,"href":"http:\/\/www.tvturk.com\/index.php\/wp-json\/wp\/v2\/comments?post=229376"}],"version-history":[{"count":1,"href":"http:\/\/www.tvturk.com\/index.php\/wp-json\/wp\/v2\/posts\/229376\/revisions"}],"predecessor-version":[{"id":231146,"href":"http:\/\/www.tvturk.com\/index.php\/wp-json\/wp\/v2\/posts\/229376\/revisions\/231146"}],"wp:featuredmedia":[{"embeddable":true,"href":"http:\/\/www.tvturk.com\/index.php\/wp-json\/wp\/v2\/media\/231145"}],"wp:attachment":[{"href":"http:\/\/www.tvturk.com\/index.php\/wp-json\/wp\/v2\/media?parent=229376"}],"wp:term":[{"taxonomy":"category","embeddable":true,"href":"http:\/\/www.tvturk.com\/index.php\/wp-json\/wp\/v2\/categories?post=229376"},{"taxonomy":"post_tag","embeddable":true,"href":"http:\/\/www.tvturk.com\/index.php\/wp-json\/wp\/v2\/tags?post=229376"}],"curies":[{"name":"wp","href":"https:\/\/api.w.org\/{rel}","templated":true}]}}