{"id":229388,"date":"2019-11-17T09:32:01","date_gmt":"2019-11-17T06:32:01","guid":{"rendered":"http:\/\/www.tvturk.com\/index.php\/trabzonda-millet-bahcesine-yapilacak-sahada-mac-yapilsin-mi-yapilmasin-mi-tartismasi\/"},"modified":"2019-11-17T09:32:01","modified_gmt":"2019-11-17T06:32:01","slug":"trabzonda-millet-bahcesine-yapilacak-sahada-mac-yapilsin-mi-yapilmasin-mi-tartismasi","status":"publish","type":"post","link":"http:\/\/www.tvturk.com\/index.php\/trabzonda-millet-bahcesine-yapilacak-sahada-mac-yapilsin-mi-yapilmasin-mi-tartismasi\/","title":{"rendered":"Trabzon\u2019da Millet Bah\u00e7esi\u2019ne yap\u0131lacak sahada ma\u00e7 yap\u0131ls\u0131n m\u0131? yap\u0131lmas\u0131n m\u0131? tart\u0131\u015fmas\u0131"},"content":{"rendered":"<p>Trabzon\u2019da H\u00fcseyin Avni Aker Stad\u0131\u2019n\u0131n tamamen y\u0131k\u0131lmas\u0131n\u0131n ard\u0131ndan yerine yap\u0131lmas\u0131 planlanan Millet Bah\u00e7esi i\u00e7in kaz\u0131 \u00e7al\u0131\u015fmalar\u0131 s\u00fcrerken, burada yap\u0131lacak olan sahada amat\u00f6r spor m\u00fcsabakalar\u0131  yap\u0131ls\u0131n m\u0131 ? yap\u0131lmas\u0131n ?  tart\u0131\u015fmalar\u0131 s\u00fcr\u00fcyor.<\/p>\n<p>Konuyla ilgili bilgi veren Trabzon B\u00fcy\u00fck\u015fehir Belediye Ba\u015fkan\u0131 Murat Zorluo\u011flu, son zamanlarda burada yap\u0131lacak sahada amat\u00f6r futbol m\u00fcsabakalar\u0131 yap\u0131l\u0131p yap\u0131lmas\u0131n\u0131n tart\u0131\u015f\u0131ld\u0131\u011f\u0131na dikkat \u00e7ekerek \u201cDo\u011frusu \u015fehirde \u015fu anda orada amat\u00f6r futbol m\u00fcsabakalar\u0131 yap\u0131ls\u0131n m\u0131 ? yap\u0131lmas\u0131n m\u0131 ? konusu tart\u0131\u015f\u0131l\u0131yor. Biraz daha tart\u0131\u015f\u0131ls\u0131n neticesinde karar\u0131n\u0131 biz verece\u011fiz\u201d dedi.<\/p>\n<p>Y\u0131k\u0131lan yerde millet bah\u00e7esi \u00e7al\u0131\u015fmalar\u0131n\u0131n devam etti\u011fini kaydeden Zorluo\u011flu, \u201cMillet bah\u00e7esi i\u00e7erisindeki \u00e7al\u0131\u015fma devam ediyor. Bunun bir projesi var. Bu projesinde de orada bir saha var. Oras\u0131 spor yap\u0131lmaya m\u00fcsait bir saha olarak in\u015fa edilecek. Bilahare buras\u0131 B\u00fcy\u00fck\u015fehir Belediyesi\u2019ne devredilecek. Do\u011frusu \u015fehirde \u015fu anda orada amat\u00f6r futbol m\u00fcsabakalar\u0131 yap\u0131ls\u0131n m\u0131 ? yap\u0131lmas\u0131n m\u0131 ? konusu tart\u0131\u015f\u0131l\u0131yor. Biraz daha tart\u0131\u015f\u0131ls\u0131n neticesinde karar\u0131n\u0131 biz verece\u011fiz\u201d diye konu\u015ftu.<\/p>\n<p>Proje kapsam\u0131nda buraya 205 ara\u00e7 kapasiteli kapal\u0131 otopark, ve onun \u00fcst\u00fcnde amat\u00f6r m\u00fcsabakalar\u0131n oynayaca\u011f\u0131 bir hal\u0131 saha, restoran ve millet k\u0131raathanesi, s\u00fcs havuzu,  bol miktarda ye\u015fil alan ve halk\u0131n kullanaca\u011f\u0131 y\u00fcr\u00fcy\u00fc\u015f ve fitness alanlar\u0131, \u00e7ocuk oyun gruplar\u0131 olaca\u011f\u0131 belirtilirken futbol sahas\u0131n\u0131n \u00f6n\u00fcndeki trib\u00fcn\u00fcn  bin 12 ki\u015filik olaca\u011f\u0131 \u00f6\u011frenildi. Projede ayr\u0131ca sporcular\u0131n kullanaca\u011f\u0131 soyunma odalar\u0131 ve kul\u00fcp odalar\u0131 bir de a\u00e7\u0131k otopark olacak.<\/p>\n<p>Trabzon\u2019da 1951 y\u0131l\u0131nda hizmete giren ve 65 y\u0131l Trabzon sporuna hizmet verdikten sonra 26 Ocak 2017 tarihinde Konyaspor ile oynanan Ziraat T\u00fcrkiye Kupas\u0131 ma\u00e7\u0131n\u0131n ard\u0131ndan kap\u0131lar\u0131 kapanan ve y\u0131k\u0131m\u0131na 29 Kas\u0131m 2017 tarihinde ba\u015flanan H\u00fcseyin Avni Aker Stadyumu\u2019nda y\u0131k\u0131m \u00e7al\u0131\u015fmalar\u0131 20 Nisan 2018 tarihinde tamamlanm\u0131\u015ft\u0131. Stad\u0131n g\u00fcney k\u0131sm\u0131ndaki kale arkas\u0131 ile hemen yan\u0131ndaki protokol trib\u00fcn\u00fcn\u00fcn bulundu\u011fu k\u0131s\u0131m ve futbolcular\u0131n sahaya \u00e7\u0131kt\u0131klar\u0131 t\u00fcnel, y\u0131k\u0131lmayarak hat\u0131ra olarak b\u0131rak\u0131lm\u0131\u015ft\u0131. Ancak, bir s\u00fcre sonra o b\u00f6l\u00fcmlerde y\u0131k\u0131lm\u0131\u015ft\u0131.<\/p>\n<p>Cumhurba\u015fkan\u0131 Recep Tayyip Erdo\u011fan H\u00fcseyin Avni Aker Stad\u0131\u2019n\u0131n yerine yap\u0131lacak Millet Bah\u00e7esi ile ilgili olarak \u201cAvni Aker Stadyumu\u2019nun yerine g\u00fczel bir \u015fehir park\u0131 ve tak\u0131m\u0131n, Trabzon\u2019un hat\u0131ralar\u0131n\u0131 ya\u015fatacak bir de Trabzon \u015fehrinin ge\u00e7mi\u015fi ile ilgili objelerini, her \u015feyini sergileyecek bir m\u00fczeyi de orada kurmu\u015f olaca\u011f\u0131z. Bunun i\u00e7in de kaybedecek vaktimiz yok. Beton y\u0131\u011f\u0131nlar\u0131ndan b\u0131kt\u0131k art\u0131k, Trabzon orayla yemye\u015fil\u201d ifadelerini kullanm\u0131\u015ft\u0131.<\/p>\n","protected":false},"excerpt":{"rendered":"<p>TRABZON&#8217;DA H\u00dcSEY\u0130N AVN\u0130 AKER STADI\u2019NIN GE\u00c7T\u0130\u011e\u0130M\u0130Z YIL TAMAMEN YIKILMASININ ARDINDAN YER\u0130NE YAPILMASI PLANLANAN M\u0130LLET BAH\u00c7ES\u0130 \u0130\u00c7\u0130N KAZI \u00c7ALI\u015eMALARI S\u00dcR\u00dcYOR<\/p>\n","protected":false},"author":1,"featured_media":229389,"comment_status":"closed","ping_status":"open","sticky":false,"template":"","format":"standard","meta":{"jetpack_post_was_ever_published":false,"_jetpack_newsletter_access":"","_jetpack_dont_email_post_to_subs":false,"_jetpack_newsletter_tier_id":0,"_jetpack_memberships_contains_paywalled_content":false,"_jetpack_memberships_contains_paid_content":false,"footnotes":"","jetpack_publicize_message":"","jetpack_publicize_feature_enabled":true,"jetpack_social_post_already_shared":true,"jetpack_social_options":{"image_generator_settings":{"template":"highway","default_image_id":0,"font":"","enabled":false},"version":2}},"categories":[1],"tags":[944,10460,3276,10452,5938,11231,248,158,57773,35936],"class_list":["post-229388","post","type-post","status-publish","format-standard","has-post-thumbnail","hentry","category-genel","tag-mac","tag-bahcesine","tag-millet","tag-mi","tag-sahada","tag-tartismasi","tag-trabzonda","tag-yapilacak","tag-yapilmasin","tag-yapilsin"],"jetpack_publicize_connections":[],"jetpack_featured_media_url":"https:\/\/i0.wp.com\/www.tvturk.com\/wp-content\/uploads\/2019\/11\/trabzonda-millet-bahcesine-yapilacak-sahada-mac-yapilsin-mi-yapilmasin-mi-tartismasi_95e1bf9.jpg?fit=1000%2C666","jetpack_sharing_enabled":true,"jetpack_shortlink":"https:\/\/wp.me\/paKIfm-XFO","_links":{"self":[{"href":"http:\/\/www.tvturk.com\/index.php\/wp-json\/wp\/v2\/posts\/229388","targetHints":{"allow":["GET"]}}],"collection":[{"href":"http:\/\/www.tvturk.com\/index.php\/wp-json\/wp\/v2\/posts"}],"about":[{"href":"http:\/\/www.tvturk.com\/index.php\/wp-json\/wp\/v2\/types\/post"}],"author":[{"embeddable":true,"href":"http:\/\/www.tvturk.com\/index.php\/wp-json\/wp\/v2\/users\/1"}],"replies":[{"embeddable":true,"href":"http:\/\/www.tvturk.com\/index.php\/wp-json\/wp\/v2\/comments?post=229388"}],"version-history":[{"count":0,"href":"http:\/\/www.tvturk.com\/index.php\/wp-json\/wp\/v2\/posts\/229388\/revisions"}],"wp:featuredmedia":[{"embeddable":true,"href":"http:\/\/www.tvturk.com\/index.php\/wp-json\/wp\/v2\/media\/229389"}],"wp:attachment":[{"href":"http:\/\/www.tvturk.com\/index.php\/wp-json\/wp\/v2\/media?parent=229388"}],"wp:term":[{"taxonomy":"category","embeddable":true,"href":"http:\/\/www.tvturk.com\/index.php\/wp-json\/wp\/v2\/categories?post=229388"},{"taxonomy":"post_tag","embeddable":true,"href":"http:\/\/www.tvturk.com\/index.php\/wp-json\/wp\/v2\/tags?post=229388"}],"curies":[{"name":"wp","href":"https:\/\/api.w.org\/{rel}","templated":true}]}}