{"id":229477,"date":"2019-11-17T12:16:48","date_gmt":"2019-11-17T09:16:48","guid":{"rendered":"http:\/\/www.tvturk.com\/index.php\/ataturkun-elaziga-gelisinin-82-yil-donumu\/"},"modified":"2019-11-17T12:16:48","modified_gmt":"2019-11-17T09:16:48","slug":"ataturkun-elaziga-gelisinin-82-yil-donumu","status":"publish","type":"post","link":"http:\/\/www.tvturk.com\/index.php\/ataturkun-elaziga-gelisinin-82-yil-donumu\/","title":{"rendered":"Atat\u00fcrk\u2019\u00fcn Elaz\u0131\u011f\u2019a geli\u015finin 82. y\u0131l d\u00f6n\u00fcm\u00fc"},"content":{"rendered":"<p>Gazi Mustafa Kemal Atat\u00fcrk\u2019\u00fcn Elaz\u0131\u011f\u2019a geli\u015finin 82\u2019inci y\u0131ld\u00f6n\u00fcm\u00fc d\u00fczenlenen etkinliklerle kutland\u0131.<\/p>\n<p>Atat\u00fcrk\u2019\u00fcn Elaz\u0131\u011f\u2019a geli\u015finin 82\u2019inci y\u0131ld\u00f6n\u00fcm\u00fc dolay\u0131s\u0131yla d\u00fczenlenen etkinlikler kapsam\u0131nda ilk olarak \u00e7elenk t\u00f6reni d\u00fczenlendi. T\u00f6rene, Vali Vekili Erkan Ka\u00e7maz, CHP Elaz\u0131\u011f Milletvekili G\u00fcrsel Erol, Belediye Ba\u015fkan Vekili Mehmet G\u00fcder, 8.Kolordu Komutan\u0131 Korgeneral Osman Erba\u015f, \u0130l Emniyet M\u00fcd\u00fcr\u00fc Celal Sel, kamu kurum m\u00fcd\u00fcrleri, emniyet ve askeri personel, \u00f6\u011fretmenler ile \u00f6\u011frenciler kat\u0131ld\u0131. T\u00f6rende Vali Vekili Ka\u00e7maz, Ba\u015fkan Vekili G\u00fcder ve Kolordu Komutan\u0131 Korgeneral Erba\u015f, Atat\u00fcrk an\u0131ta \u00e7elenk sundu. \u0130ki dakikal\u0131k sayg\u0131 duru\u015funda bulunularak, \u0130stiklal Mar\u015f\u0131 okunmas\u0131n\u0131n ard\u0131ndan protokol \u00fcyeleri Atat\u00fcrk\u2019\u00fcn \u00f6\u011fretmenevinde konaklad\u0131\u011f\u0131 oday\u0131 gezdi.<\/p>\n<p>Ulu \u00f6nder Mustafa Kemal Atat\u00fcrk\u2019\u00fcn aziz \u015fehir Elaz\u0131\u011f\u2019a 82\u2019nci y\u0131l d\u00f6n\u00fcm\u00fcn\u00fc b\u00fcy\u00fck bir heyecan ve mutlulukla kutlad\u0131klar\u0131n\u0131 ifade eden Vali Vekili Erkan Ka\u00e7maz, \u201cAtam\u0131z\u0131n bizlere b\u0131rakm\u0131\u015f oldu\u011fu miras\u0131 en iyi \u015fekilde lay\u0131k\u0131yla yerine getirme  ve daha ileri medeniyet noktas\u0131na ula\u015fma noktas\u0131nda t\u00fcm g\u00fcc\u00fcm\u00fczle birlik ve beraberlik i\u00e7erisinde millet olarak \u00e7abal\u0131yoruz. Onun b\u0131rakm\u0131\u015f oldu\u011fu mirasa  in\u015fallah lay\u0131k oluruz. Bu vesile ile tekrar ba\u015fta ulu \u00f6nder Atat\u00fcrk olmak \u00fczere \u015fehitlerimizi ve ebediyete intikal etmi\u015f gazilerimizi yad ediyoruz\u201d dedi.<\/p>\n","protected":false},"excerpt":{"rendered":"<p>GAZ\u0130 MUSTAFA KEMAL ATAT\u00dcRK\u2019\u00dcN ELAZI\u011e\u2019A GEL\u0130\u015e\u0130N\u0130N 82\u2019\u0130NC\u0130 YILD\u00d6N\u00dcM\u00dc KUTLANDI<\/p>\n","protected":false},"author":1,"featured_media":229478,"comment_status":"closed","ping_status":"open","sticky":false,"template":"","format":"standard","meta":{"jetpack_post_was_ever_published":false,"_jetpack_newsletter_access":"","_jetpack_dont_email_post_to_subs":false,"_jetpack_newsletter_tier_id":0,"_jetpack_memberships_contains_paywalled_content":false,"_jetpack_memberships_contains_paid_content":false,"footnotes":"","jetpack_publicize_message":"","jetpack_publicize_feature_enabled":true,"jetpack_social_post_already_shared":true,"jetpack_social_options":{"image_generator_settings":{"template":"highway","default_image_id":0,"font":"","enabled":false},"version":2}},"categories":[1],"tags":[22818,2818,4038,57802,2820,231],"class_list":["post-229477","post","type-post","status-publish","format-standard","has-post-thumbnail","hentry","category-genel","tag-22818","tag-ataturkun","tag-donumu","tag-elaziga","tag-gelisinin","tag-yil"],"jetpack_publicize_connections":[],"jetpack_featured_media_url":"https:\/\/i0.wp.com\/www.tvturk.com\/wp-content\/uploads\/2019\/11\/ataturkun-elaziga-gelisinin-82-yil-donumu_2166fc8.jpg?fit=1000%2C666","jetpack_sharing_enabled":true,"jetpack_shortlink":"https:\/\/wp.me\/paKIfm-XHf","_links":{"self":[{"href":"http:\/\/www.tvturk.com\/index.php\/wp-json\/wp\/v2\/posts\/229477","targetHints":{"allow":["GET"]}}],"collection":[{"href":"http:\/\/www.tvturk.com\/index.php\/wp-json\/wp\/v2\/posts"}],"about":[{"href":"http:\/\/www.tvturk.com\/index.php\/wp-json\/wp\/v2\/types\/post"}],"author":[{"embeddable":true,"href":"http:\/\/www.tvturk.com\/index.php\/wp-json\/wp\/v2\/users\/1"}],"replies":[{"embeddable":true,"href":"http:\/\/www.tvturk.com\/index.php\/wp-json\/wp\/v2\/comments?post=229477"}],"version-history":[{"count":0,"href":"http:\/\/www.tvturk.com\/index.php\/wp-json\/wp\/v2\/posts\/229477\/revisions"}],"wp:featuredmedia":[{"embeddable":true,"href":"http:\/\/www.tvturk.com\/index.php\/wp-json\/wp\/v2\/media\/229478"}],"wp:attachment":[{"href":"http:\/\/www.tvturk.com\/index.php\/wp-json\/wp\/v2\/media?parent=229477"}],"wp:term":[{"taxonomy":"category","embeddable":true,"href":"http:\/\/www.tvturk.com\/index.php\/wp-json\/wp\/v2\/categories?post=229477"},{"taxonomy":"post_tag","embeddable":true,"href":"http:\/\/www.tvturk.com\/index.php\/wp-json\/wp\/v2\/tags?post=229477"}],"curies":[{"name":"wp","href":"https:\/\/api.w.org\/{rel}","templated":true}]}}