{"id":229505,"date":"2019-11-17T14:16:46","date_gmt":"2019-11-17T11:16:46","guid":{"rendered":"http:\/\/www.tvturk.com\/index.php\/eski-milli-futbolcu-oguz-cetinin-babasi-son-yolculuguna-ugurlandi\/"},"modified":"2019-11-17T14:16:46","modified_gmt":"2019-11-17T11:16:46","slug":"eski-milli-futbolcu-oguz-cetinin-babasi-son-yolculuguna-ugurlandi","status":"publish","type":"post","link":"http:\/\/www.tvturk.com\/index.php\/eski-milli-futbolcu-oguz-cetinin-babasi-son-yolculuguna-ugurlandi\/","title":{"rendered":"Eski milli futbolcu O\u011fuz \u00c7etin\u2019in babas\u0131 son yolculu\u011funa u\u011furland\u0131"},"content":{"rendered":"<p>T\u00fcrkiye Futbol Federasyonu\u2019nun (TFF) Gen\u00e7 Milli Tak\u0131mlar ve Futbol Geli\u015fim Direkt\u00f6rl\u00fc\u011f\u00fcnden sorumlu milli tak\u0131mlar koordinat\u00f6r\u00fc ve eski milli futbolcu O\u011fuz \u00c7etin\u2019in babas\u0131 Nihat \u00c7etin, Sakarya\u2019da son yolculu\u011funa u\u011furland\u0131. Cenaze t\u00f6renine spor camias\u0131ndan Aziz Y\u0131ld\u0131r\u0131m, Aykut Kocaman ve R\u0131dvan Dilmen de kat\u0131ld\u0131.<\/p>\n<p>TFF Gen\u00e7 Milli Tak\u0131mlar ve Futbol Geli\u015fim Direkt\u00f6rl\u00fc\u011f\u00fcnden sorumlu milli tak\u0131mlar koordinat\u00f6r\u00fc ve eski milli futbolcu O\u011fuz \u00c7etin\u2019in Sakarya\u2019n\u0131n Sapanca il\u00e7esinde ya\u015fayan 81 ya\u015f\u0131ndaki babas\u0131 Nihat \u00c7etin, 2 g\u00fcn \u00f6nce evinde kalp krizi ge\u00e7irerek hayat\u0131n\u0131 kaybetti. Nihat \u00c7etin\u2019in cenazesi \u00f6\u011fle saatlerinde Sapanca\u2019daki R\u00fcstempa\u015fa Camii\u2019ne getirildi.<\/p>\n<p>Cenaze t\u00f6renine aile yak\u0131nlar\u0131, Eski\u015fehir Valisi \u00d6zdemir \u00c7akacak, T\u00fcrk-\u0130\u015f Genel Ba\u015fkan\u0131 Erg\u00fcn Atalay, spor camias\u0131ndan eski Fenerbah\u00e7e Kul\u00fcb\u00fc Ba\u015fkan\u0131 Aziz Y\u0131ld\u0131r\u0131m, teknik direkt\u00f6rler Aykut Kocaman, Y\u0131lmaz Vural, eski Fenerbah\u00e7e futbolcusu ve futbol yorumcusu R\u0131dvan Dilmen, spor camias\u0131ndan \u00e7ok say\u0131da isim ve sevenleri kat\u0131ld\u0131.   Nihat \u00c7etin\u2019in cenazesi, \u00f6\u011fle namaz\u0131n\u0131 m\u00fcteakip k\u0131l\u0131nan cenaze namaz\u0131n\u0131n ard\u0131ndan Kemer Mezarl\u0131\u011f\u0131\u2019nda topra\u011fa verildi.<\/p>\n","protected":false},"excerpt":{"rendered":"<p>O\u011eUZ \u00c7ET\u0130N&#8217;\u0130N BABASI N\u0130HAT \u00c7ET\u0130N, SAKARYA\u2019DA SON YOLCULU\u011eUNA U\u011eURLANDI. CENAZE T\u00d6REN\u0130NE AZ\u0130Z YILDIRIM, AYKUT KOCAMAN VE RIDVAN D\u0130LMEN DE KATILDI.<\/p>\n","protected":false},"author":1,"featured_media":229506,"comment_status":"closed","ping_status":"open","sticky":false,"template":"","format":"standard","meta":{"jetpack_post_was_ever_published":false,"_jetpack_newsletter_access":"","_jetpack_dont_email_post_to_subs":false,"_jetpack_newsletter_tier_id":0,"_jetpack_memberships_contains_paywalled_content":false,"_jetpack_memberships_contains_paid_content":false,"footnotes":"","jetpack_publicize_message":"","jetpack_publicize_feature_enabled":true,"jetpack_social_post_already_shared":true,"jetpack_social_options":{"image_generator_settings":{"template":"highway","default_image_id":0,"font":"","enabled":false},"version":2}},"categories":[1],"tags":[1841,57805,1123,4599,429,4353,1240,2516,2515],"class_list":["post-229505","post","type-post","status-publish","format-standard","has-post-thumbnail","hentry","category-genel","tag-babasi","tag-cetinin","tag-eski","tag-futbolcu","tag-milli","tag-oguz","tag-son","tag-ugurlandi","tag-yolculuguna"],"jetpack_publicize_connections":[],"jetpack_featured_media_url":"https:\/\/i0.wp.com\/www.tvturk.com\/wp-content\/uploads\/2019\/11\/eski-milli-futbolcu-oguz-cetinin-babasi-son-yolculuguna-ugurlandi_c55b703.jpg?fit=1000%2C666","jetpack_sharing_enabled":true,"jetpack_shortlink":"https:\/\/wp.me\/paKIfm-XHH","_links":{"self":[{"href":"http:\/\/www.tvturk.com\/index.php\/wp-json\/wp\/v2\/posts\/229505","targetHints":{"allow":["GET"]}}],"collection":[{"href":"http:\/\/www.tvturk.com\/index.php\/wp-json\/wp\/v2\/posts"}],"about":[{"href":"http:\/\/www.tvturk.com\/index.php\/wp-json\/wp\/v2\/types\/post"}],"author":[{"embeddable":true,"href":"http:\/\/www.tvturk.com\/index.php\/wp-json\/wp\/v2\/users\/1"}],"replies":[{"embeddable":true,"href":"http:\/\/www.tvturk.com\/index.php\/wp-json\/wp\/v2\/comments?post=229505"}],"version-history":[{"count":0,"href":"http:\/\/www.tvturk.com\/index.php\/wp-json\/wp\/v2\/posts\/229505\/revisions"}],"wp:featuredmedia":[{"embeddable":true,"href":"http:\/\/www.tvturk.com\/index.php\/wp-json\/wp\/v2\/media\/229506"}],"wp:attachment":[{"href":"http:\/\/www.tvturk.com\/index.php\/wp-json\/wp\/v2\/media?parent=229505"}],"wp:term":[{"taxonomy":"category","embeddable":true,"href":"http:\/\/www.tvturk.com\/index.php\/wp-json\/wp\/v2\/categories?post=229505"},{"taxonomy":"post_tag","embeddable":true,"href":"http:\/\/www.tvturk.com\/index.php\/wp-json\/wp\/v2\/tags?post=229505"}],"curies":[{"name":"wp","href":"https:\/\/api.w.org\/{rel}","templated":true}]}}