{"id":229539,"date":"2019-11-17T16:01:57","date_gmt":"2019-11-17T13:01:57","guid":{"rendered":"http:\/\/www.tvturk.com\/index.php\/iran-dini-lideri-hamaney-kamu-mallarini-atese-verme-vatandaslarin-isi-degil-fitnecilerin-isi\/"},"modified":"2019-11-17T16:01:57","modified_gmt":"2019-11-17T13:01:57","slug":"iran-dini-lideri-hamaney-kamu-mallarini-atese-verme-vatandaslarin-isi-degil-fitnecilerin-isi","status":"publish","type":"post","link":"http:\/\/www.tvturk.com\/index.php\/iran-dini-lideri-hamaney-kamu-mallarini-atese-verme-vatandaslarin-isi-degil-fitnecilerin-isi\/","title":{"rendered":"\u0130ran dini lideri Hamaney: \u201cKamu mallar\u0131n\u0131 ate\u015fe verme vatanda\u015flar\u0131n i\u015fi de\u011fil, fitnecilerin i\u015fi\u201d"},"content":{"rendered":"<p>\u0130ran dini lideri Ayetullah Ali Hamaney, \u00fclkedeki h\u00fck\u00fcmet kar\u015f\u0131t\u0131 protestolara ili\u015fkin, \u201cKamu mallar\u0131n\u0131 tahrip etme ve ate\u015fe verme vatanda\u015flar\u0131n i\u015fi de\u011fil, fitnecilerin i\u015fi. Vatan\u0131na ilgi duyan ak\u0131ll\u0131 insan bunu yapmaz\u201d dedi.<\/p>\n<p>\u0130ran dini lideri Ayetullah Ali Hamaney, 15 Kas\u0131m\u2019da uygulanan benzin zamm\u0131n\u0131n ard\u0131ndan ba\u015flayan protestolara ili\u015fkin a\u00e7\u0131klama yapt\u0131. &#8220;Y\u00fcr\u00fctme, yarg\u0131 ve yasama organ\u0131 ba\u015fkanlar\u0131n\u0131n uzmanlar\u0131n \u00e7al\u0131\u015fmalar\u0131na dayanarak ald\u0131\u011f\u0131 karar uygulanmal\u0131&#8221; ifadelerini kullanan Hamaney, \u201cDo\u011fal olarak bu karardan baz\u0131 vatanda\u015flar endi\u015fe duyacak ve zararlar\u0131na olacak. Fakat (kamu mallar\u0131n\u0131) tahrip etme ve ate\u015fe verme vatanda\u015flar\u0131n i\u015fi de\u011fil, fitnecilerin i\u015fi. Bu t\u00fcr olaylar her toplum ve \u00fclkenin en b\u00fcy\u00fck felaketi olacak g\u00fcvensizli\u011fi artt\u0131rabilir. Vatan\u0131na ilgi duyan ak\u0131ll\u0131 insan bunu yapmaz. Yetkililer bu plan\u0131n vatanda\u015flar\u0131n ya\u015fam\u0131n\u0131 k\u00f6t\u00fc y\u00f6nde etkilememesi i\u00e7in \u00f6zen g\u00f6stermeli&#8221; dedi.<\/p>\n<p>Benzindeki zamm\u0131n di\u011fer \u00fcr\u00fcnlerin fiyatlar\u0131n\u0131n artmas\u0131na neden olmamas\u0131 gerekti\u011fini s\u00f6yleyen Hamaney, &#8220;Bu kontrol\u00fcn topyekun yap\u0131lmas\u0131 \u015fart. Pahal\u0131l\u0131k vatanda\u015flar i\u00e7in b\u00fcy\u00fck sorunlar getirebilir. T\u00fcm yetkililer duyarl\u0131 olmal\u0131. G\u00fcvenlik yetkilileri de g\u00f6revini yapmal\u0131&#8221; \u015feklinde konu\u015ftu. Hamaney, \u0130ran halk\u0131na \u201cfitnecilerden\u201d uzak durmalar\u0131 gerekti\u011fini s\u00f6yledi.<\/p>\n<p>\u0130ran Ulusal Petrol \u015eirketi taraf\u0131ndan Cuma g\u00fcn\u00fc yap\u0131lan a\u00e7\u0131klamada, ayl\u0131k 60 litreye kadar bin t\u00fcmen (50 kuru\u015f) olan benzin fiyat\u0131n\u0131n bin 500 t\u00fcmene (75 kuru\u015f) y\u00fckseltildi\u011fi, ara\u00e7 ba\u015f\u0131na bir ay i\u00e7inde 60 litreden fazla benzin al\u0131nmas\u0131 durumunda litre fiyat\u0131n\u0131n 3 bin t\u00fcmen (1.5 TL) olaca\u011f\u0131 belirtilmi\u015fti. \u0130ran\u2019\u0131n bir\u00e7ok kentinde benzin zamm\u0131na kar\u015f\u0131 ba\u015flayan g\u00f6sterilerde protestocular kamu binalar\u0131n\u0131 ate\u015fe vermi\u015f, g\u00f6stericilerle g\u00fcvenlik g\u00fc\u00e7leri aras\u0131nda arbede ya\u015fanm\u0131\u015ft\u0131.<\/p>\n","protected":false},"excerpt":{"rendered":"<p>\u0130RAN D\u0130N\u0130 L\u0130DER\u0130 AYETULLAH AL\u0130 HAMANEY, \u00dcLKEDEK\u0130 H\u00dcK\u00dcMET KAR\u015eITI PROTESTOLARA \u0130L\u0130\u015eK\u0130N, \u201cKAMU MALLARINI TAHR\u0130P ETME VE ATE\u015eE VERME VATANDA\u015eLARIN \u0130\u015e\u0130 DE\u011e\u0130L, F\u0130TNEC\u0130LER\u0130N \u0130\u015e\u0130. VATANINA \u0130LG\u0130 DUYAN AKILLI \u0130NSAN BUNU YAPMAZ\u201d DED\u0130.<\/p>\n","protected":false},"author":1,"featured_media":229540,"comment_status":"closed","ping_status":"open","sticky":false,"template":"","format":"standard","meta":{"jetpack_post_was_ever_published":false,"_jetpack_newsletter_access":"","_jetpack_dont_email_post_to_subs":false,"_jetpack_newsletter_tier_id":0,"_jetpack_memberships_contains_paywalled_content":false,"_jetpack_memberships_contains_paid_content":false,"footnotes":"","jetpack_publicize_message":"","jetpack_publicize_feature_enabled":true,"jetpack_social_post_already_shared":true,"jetpack_social_options":{"image_generator_settings":{"template":"highway","default_image_id":0,"font":"","enabled":false},"version":2}},"categories":[10],"tags":[3419,2039,5143,57808,6176,548,11637,226,1251,57807,369,15766],"class_list":["post-229539","post","type-post","status-publish","format-standard","has-post-thumbnail","hentry","category-dunya","tag-atese","tag-degil","tag-dini","tag-fitnecilerin","tag-hamaney","tag-iran","tag-isi","tag-kamu","tag-lideri","tag-mallarini","tag-vatandaslarin","tag-verme"],"jetpack_publicize_connections":[],"jetpack_featured_media_url":"https:\/\/i0.wp.com\/www.tvturk.com\/wp-content\/uploads\/2019\/11\/iran-dini-lideri-hamaney-kamu-mallarini-atese-verme-vatandaslarin-isi-degil-fitnecilerin-isi_653e489.jpg?fit=920%2C630","jetpack_sharing_enabled":true,"jetpack_shortlink":"https:\/\/wp.me\/paKIfm-XIf","_links":{"self":[{"href":"http:\/\/www.tvturk.com\/index.php\/wp-json\/wp\/v2\/posts\/229539","targetHints":{"allow":["GET"]}}],"collection":[{"href":"http:\/\/www.tvturk.com\/index.php\/wp-json\/wp\/v2\/posts"}],"about":[{"href":"http:\/\/www.tvturk.com\/index.php\/wp-json\/wp\/v2\/types\/post"}],"author":[{"embeddable":true,"href":"http:\/\/www.tvturk.com\/index.php\/wp-json\/wp\/v2\/users\/1"}],"replies":[{"embeddable":true,"href":"http:\/\/www.tvturk.com\/index.php\/wp-json\/wp\/v2\/comments?post=229539"}],"version-history":[{"count":0,"href":"http:\/\/www.tvturk.com\/index.php\/wp-json\/wp\/v2\/posts\/229539\/revisions"}],"wp:featuredmedia":[{"embeddable":true,"href":"http:\/\/www.tvturk.com\/index.php\/wp-json\/wp\/v2\/media\/229540"}],"wp:attachment":[{"href":"http:\/\/www.tvturk.com\/index.php\/wp-json\/wp\/v2\/media?parent=229539"}],"wp:term":[{"taxonomy":"category","embeddable":true,"href":"http:\/\/www.tvturk.com\/index.php\/wp-json\/wp\/v2\/categories?post=229539"},{"taxonomy":"post_tag","embeddable":true,"href":"http:\/\/www.tvturk.com\/index.php\/wp-json\/wp\/v2\/tags?post=229539"}],"curies":[{"name":"wp","href":"https:\/\/api.w.org\/{rel}","templated":true}]}}