{"id":229541,"date":"2019-11-17T16:02:59","date_gmt":"2019-11-17T13:02:59","guid":{"rendered":"http:\/\/www.tvturk.com\/index.php\/eskisehirspor-kongresinde-yeterli-cogunluk-saglanamadi\/"},"modified":"2019-11-17T16:02:59","modified_gmt":"2019-11-17T13:02:59","slug":"eskisehirspor-kongresinde-yeterli-cogunluk-saglanamadi","status":"publish","type":"post","link":"http:\/\/www.tvturk.com\/index.php\/eskisehirspor-kongresinde-yeterli-cogunluk-saglanamadi\/","title":{"rendered":"Eski\u015fehirspor kongresinde yeterli \u00e7o\u011funluk sa\u011flanamad\u0131"},"content":{"rendered":"<p>TFF 1. Lig ekiplerinden Eski\u015fehirspor\u2019da bug\u00fcn yap\u0131lmas\u0131 planlanan Se\u00e7imli Genel Kurul, yeterli \u00e7o\u011funluk sa\u011flanamad\u0131\u011f\u0131 i\u00e7in 24 Kas\u0131m tarihine ertelendi.<\/p>\n<p>Hasan Polatkan K\u00fclt\u00fcr Merkezi\u2019nde d\u00fczenlenen genel kurulda Eski\u015fehirspor \u00fcyeleri ba\u015fkanl\u0131k se\u00e7imi i\u00e7in bir kez daha bir araya geldi. Yeterli \u00e7o\u011funluk sa\u011flanmas\u0131 i\u00e7in yakla\u015f\u0131k 500 \u00fcyenin kongreye kat\u0131lmas\u0131 gerekirken, yaln\u0131zca 66 \u00fcye kongrede yer ald\u0131. Bunun \u00fczerine Se\u00e7imli Genel Kurul, 24 Kas\u0131m Pazar g\u00fcn\u00fcne ertelendi.<\/p>\n<p>\u00d6te yandan 24 Kas\u0131m tarihinde yap\u0131lacak genel kurulda ba\u015fkanl\u0131k i\u00e7in i\u015f adam\u0131 R\u0131za Soyda\u015f isminin ge\u00e7ti\u011fi \u00f6\u011frenildi.<\/p>\n","protected":false},"excerpt":{"rendered":"<p>TFF 1. L\u0130G EK\u0130PLER\u0130NDEN ESK\u0130\u015eEH\u0130RSPOR\u2019DA BUG\u00dcN YAPILMASI PLANLANAN SE\u00c7\u0130ML\u0130 GENEL KURUL, YETERL\u0130 \u00c7O\u011eUNLUK SA\u011eLANAMADI\u011eI \u0130\u00c7\u0130N 24 KASIM TAR\u0130H\u0130NE ERTELEND\u0130.<\/p>\n","protected":false},"author":1,"featured_media":229542,"comment_status":"closed","ping_status":"open","sticky":false,"template":"","format":"standard","meta":{"jetpack_post_was_ever_published":false,"_jetpack_newsletter_access":"","_jetpack_dont_email_post_to_subs":false,"_jetpack_newsletter_tier_id":0,"_jetpack_memberships_contains_paywalled_content":false,"_jetpack_memberships_contains_paid_content":false,"footnotes":"","jetpack_publicize_message":"","jetpack_publicize_feature_enabled":true,"jetpack_social_post_already_shared":true,"jetpack_social_options":{"image_generator_settings":{"template":"highway","default_image_id":0,"font":"","enabled":false},"version":2}},"categories":[657],"tags":[8688,38934,7638,5540,57809],"class_list":["post-229541","post","type-post","status-publish","format-standard","has-post-thumbnail","hentry","category-spor","tag-yeterli","tag-cogunluk","tag-eskisehirspor","tag-kongresinde","tag-saglanamadi"],"jetpack_publicize_connections":[],"jetpack_featured_media_url":"https:\/\/i0.wp.com\/www.tvturk.com\/wp-content\/uploads\/2019\/11\/eskisehirspor-kongresinde-yeterli-cogunluk-saglanamadi_85ed909.jpg?fit=1000%2C750","jetpack_sharing_enabled":true,"jetpack_shortlink":"https:\/\/wp.me\/paKIfm-XIh","_links":{"self":[{"href":"http:\/\/www.tvturk.com\/index.php\/wp-json\/wp\/v2\/posts\/229541","targetHints":{"allow":["GET"]}}],"collection":[{"href":"http:\/\/www.tvturk.com\/index.php\/wp-json\/wp\/v2\/posts"}],"about":[{"href":"http:\/\/www.tvturk.com\/index.php\/wp-json\/wp\/v2\/types\/post"}],"author":[{"embeddable":true,"href":"http:\/\/www.tvturk.com\/index.php\/wp-json\/wp\/v2\/users\/1"}],"replies":[{"embeddable":true,"href":"http:\/\/www.tvturk.com\/index.php\/wp-json\/wp\/v2\/comments?post=229541"}],"version-history":[{"count":0,"href":"http:\/\/www.tvturk.com\/index.php\/wp-json\/wp\/v2\/posts\/229541\/revisions"}],"wp:featuredmedia":[{"embeddable":true,"href":"http:\/\/www.tvturk.com\/index.php\/wp-json\/wp\/v2\/media\/229542"}],"wp:attachment":[{"href":"http:\/\/www.tvturk.com\/index.php\/wp-json\/wp\/v2\/media?parent=229541"}],"wp:term":[{"taxonomy":"category","embeddable":true,"href":"http:\/\/www.tvturk.com\/index.php\/wp-json\/wp\/v2\/categories?post=229541"},{"taxonomy":"post_tag","embeddable":true,"href":"http:\/\/www.tvturk.com\/index.php\/wp-json\/wp\/v2\/tags?post=229541"}],"curies":[{"name":"wp","href":"https:\/\/api.w.org\/{rel}","templated":true}]}}