{"id":229591,"date":"2019-11-17T21:46:42","date_gmt":"2019-11-17T18:46:42","guid":{"rendered":"http:\/\/www.tvturk.com\/index.php\/bilecik-valisinden-kaza-hakkinda-ilk-aciklama\/"},"modified":"2019-11-17T21:46:42","modified_gmt":"2019-11-17T18:46:42","slug":"bilecik-valisinden-kaza-hakkinda-ilk-aciklama","status":"publish","type":"post","link":"http:\/\/www.tvturk.com\/index.php\/bilecik-valisinden-kaza-hakkinda-ilk-aciklama\/","title":{"rendered":"Bilecik Valisi\u2019nden kaza hakk\u0131nda ilk a\u00e7\u0131klama"},"content":{"rendered":"<p>Bilecik\u2019te, bir askerin \u015fehit oldu\u011fu, bir askerin de yaraland\u0131\u011f\u0131 trafik kazas\u0131yla ilgili Vali Bilal \u015eent\u00fcrk\u2019ten ilk a\u00e7\u0131klama geldi.<\/p>\n<p>Bilecik Devlet Hastanesinde Vali \u015eent\u00fcrk\u2019\u00fcn yapt\u0131\u011f\u0131 a\u00e7\u0131klamada, &#8220;Kontrols\u00fcz giri\u015f yapan bir arac\u0131n \u00e7arpmas\u0131 neticesinde yaral\u0131m\u0131z\u0131n durumu iyi \u00e7ok \u015f\u00fck\u00fcr, m\u00fc\u015fahede alt\u0131na tutuluyor her ihtimale kar\u015f\u0131. Ama bir uzman\u0131m\u0131z\u0131 kaybettik hepimizin ba\u015f\u0131 sa\u011f olsun&#8221; dedi.<\/p>\n","protected":false},"excerpt":{"rendered":"<p>B\u0130LEC\u0130K&#8217;TE, B\u0130R ASKER\u0130N \u015eEH\u0130T OLDU\u011eU, B\u0130R ASKER\u0130N DE YARALANDI\u011eI TRAF\u0130K KAZASIYLA \u0130LG\u0130L\u0130 B\u0130LEC\u0130K VAL\u0130S\u0130 B\u0130LAL \u015eENT\u00dcRK&#8217;TEN \u0130LK A\u00c7IKLAMA GELD\u0130.<\/p>\n","protected":false},"author":1,"featured_media":229592,"comment_status":"closed","ping_status":"open","sticky":false,"template":"","format":"standard","meta":{"jetpack_post_was_ever_published":false,"_jetpack_newsletter_access":"","_jetpack_dont_email_post_to_subs":false,"_jetpack_newsletter_tier_id":0,"_jetpack_memberships_contains_paywalled_content":false,"_jetpack_memberships_contains_paid_content":false,"footnotes":"","jetpack_publicize_message":"","jetpack_publicize_feature_enabled":true,"jetpack_social_post_already_shared":true,"jetpack_social_options":{"image_generator_settings":{"template":"highway","default_image_id":0,"font":"","enabled":false},"version":2}},"categories":[1],"tags":[3349,5294,6661,37,852,24512],"class_list":["post-229591","post","type-post","status-publish","format-standard","has-post-thumbnail","hentry","category-genel","tag-aciklama","tag-bilecik","tag-hakkinda","tag-ilk","tag-kaza","tag-valisinden"],"jetpack_publicize_connections":[],"jetpack_featured_media_url":"https:\/\/i0.wp.com\/www.tvturk.com\/wp-content\/uploads\/2019\/11\/bilecik-valisinden-kaza-hakkinda-ilk-aciklama_b37cd7d.jpg?fit=994%2C753","jetpack_sharing_enabled":true,"jetpack_shortlink":"https:\/\/wp.me\/paKIfm-XJ5","_links":{"self":[{"href":"http:\/\/www.tvturk.com\/index.php\/wp-json\/wp\/v2\/posts\/229591","targetHints":{"allow":["GET"]}}],"collection":[{"href":"http:\/\/www.tvturk.com\/index.php\/wp-json\/wp\/v2\/posts"}],"about":[{"href":"http:\/\/www.tvturk.com\/index.php\/wp-json\/wp\/v2\/types\/post"}],"author":[{"embeddable":true,"href":"http:\/\/www.tvturk.com\/index.php\/wp-json\/wp\/v2\/users\/1"}],"replies":[{"embeddable":true,"href":"http:\/\/www.tvturk.com\/index.php\/wp-json\/wp\/v2\/comments?post=229591"}],"version-history":[{"count":0,"href":"http:\/\/www.tvturk.com\/index.php\/wp-json\/wp\/v2\/posts\/229591\/revisions"}],"wp:featuredmedia":[{"embeddable":true,"href":"http:\/\/www.tvturk.com\/index.php\/wp-json\/wp\/v2\/media\/229592"}],"wp:attachment":[{"href":"http:\/\/www.tvturk.com\/index.php\/wp-json\/wp\/v2\/media?parent=229591"}],"wp:term":[{"taxonomy":"category","embeddable":true,"href":"http:\/\/www.tvturk.com\/index.php\/wp-json\/wp\/v2\/categories?post=229591"},{"taxonomy":"post_tag","embeddable":true,"href":"http:\/\/www.tvturk.com\/index.php\/wp-json\/wp\/v2\/tags?post=229591"}],"curies":[{"name":"wp","href":"https:\/\/api.w.org\/{rel}","templated":true}]}}