{"id":229643,"date":"2019-11-18T10:16:45","date_gmt":"2019-11-18T07:16:45","guid":{"rendered":"http:\/\/www.tvturk.com\/index.php\/karsli-cocugun-feryadi-tayyip-dede-lutfen-kurtar-beni\/"},"modified":"2019-11-18T10:16:45","modified_gmt":"2019-11-18T07:16:45","slug":"karsli-cocugun-feryadi-tayyip-dede-lutfen-kurtar-beni","status":"publish","type":"post","link":"http:\/\/www.tvturk.com\/index.php\/karsli-cocugun-feryadi-tayyip-dede-lutfen-kurtar-beni\/","title":{"rendered":"Karsl\u0131 \u00e7ocu\u011fun feryad\u0131: \u201cTayyip dede l\u00fctfen kurtar beni!\u201d"},"content":{"rendered":"<p>Kars\u2019ta do\u011fu\u015ftan kal\u00e7a \u00e7\u0131k\u0131kl\u0131\u011f\u0131 bulunan ve bir kez ameliyat olan 13 ya\u015f\u0131ndaki \u00e7ocuk Cumhurba\u015fkan\u0131 Recep Tayyip Erdo\u011fan\u2019dan yard\u0131m istedi.<\/p>\n<p>Babas\u0131 hasta ve \u00e7al\u0131\u015fmayan Efecan Seferta\u015f, maddi durumlar\u0131 iyi olmad\u0131\u011f\u0131 i\u00e7in ameliyat olam\u0131yor. Fevzi \u00c7akmak Mahallesi\u2019nde duvarl\u0131 \u00e7atlam\u0131\u015f derme \u00e7atma bir gecekonduda ya\u015fam m\u00fccadelesi veren Seferta\u015f ailesi,  \u00e7ocuklar\u0131na uzanacak yard\u0131m eli bekliyor. Hastal\u0131\u011f\u0131n\u0131n ilerlemesinden dolay\u0131 kal\u00e7a ba\u015flar\u0131nda \u00e7\u00fcr\u00fcme ba\u015flayan Efecan Seferta\u015f, Cumhurba\u015fkan\u0131 Recep Tayyip Erdo\u011fan\u2019a seslenerek, \u201cTayyip Dede kurtar beni\u201d dedi.<\/p>\n<p>\u00c7ocu\u011funun bir an evvel ameliyat olmas\u0131 gerekti\u011fini belirten anne Esin Seferta\u015f (42) kocas\u0131n\u0131n hasta oldu\u011funu ve \u00e7al\u0131\u015fmad\u0131\u011f\u0131n\u0131, kendisinin ise defalarca \u0130\u015eKUR\u2019a m\u00fcracaat etmesine ra\u011fmen bir t\u00fcrl\u00fc i\u015f bulamad\u0131\u011f\u0131n\u0131 belirtti. \u00c7ocu\u011funun tedavi edilmesi i\u00e7in \u00e7al\u0131\u015fmas\u0131 gerekti\u011fine dikkat \u00e7eken Esin Seferta\u015f, \u201c\u00c7ocu\u011fumun kal\u00e7as\u0131nda k\u00fc\u00e7\u00fckl\u00fc\u011f\u00fcnde \u00e7\u0131k\u0131kl\u0131k vard\u0131, 1,5 ya\u015f\u0131nda ameliyat yapt\u0131rd\u0131m. \u0130kisinden de oldu. Ama yemedi\u011fi i\u00e7in geli\u015fmedi. Kal\u00e7a ba\u015flar\u0131 yerine oturmam\u0131\u015f, bakt\u0131m \u00e7ocukta aksama oldu. Doktora g\u00f6t\u00fcrd\u00fcm. Kal\u00e7a ba\u015flar\u0131nda b\u00fcy\u00fcme olmu\u015f, yerine oturmad\u0131\u011f\u0131 i\u00e7in bundan dolay\u0131 \u00e7ocuk bir daha ameliyat olacak. Kal\u00e7a ba\u015flar\u0131nda hafif bir \u00e7\u00fcr\u00fcme ba\u015flad\u0131. \u00c7ocu\u011fumun \u0130stanbul Balta Liman\u0131 Kemik Hastanesi\u2019nde ameliyat olmas\u0131 gerekiyor\u201d diye konu\u015ftu.<\/p>\n<p>\u201cBana i\u015f verilsin\u201d<\/p>\n<p>\u00c7al\u0131\u015farak ailesine bakmak istedi\u011fini ifade eden Esin Seferta\u015f, \u201cBana i\u015f verin, tek iste\u011fim bu, sigortam olsun \u00e7ocuklar\u0131ma bir gelecek sa\u011flayay\u0131m. \u0130\u015eKUR\u2019a gittim. \u0130\u015eKUR\u2019dan ad\u0131m \u00e7\u0131kmad\u0131, ma\u011fdur oldu\u011fum halde, \u00f6ylelerin ad\u0131 \u00e7\u0131kt\u0131 ki, benim \u00e7\u0131kmad\u0131. Ben ona \u00e7ok \u00fcz\u00fcld\u00fcm. \u0130\u015f istiyorum ben, \u00e7ocuklar\u0131m\u0131n gelece\u011fi sa\u011flamak istiyorum. Ameliyattan sonra \u00e7ocu\u011fum gelece\u011fi olsun, bir daha ameliyat olmas\u0131n. Bu g\u00fcnleri g\u00f6rmeyelim\u201d \u015feklinde konu\u015ftu.<\/p>\n<p>Arkada\u015flar\u0131yla do\u011fru d\u00fcr\u00fcst oyun oynayamad\u0131\u011f\u0131n belirten Efecan Seferta\u015f, Cumhurba\u015fkan\u0131 Recep Tayyip Erdo\u011fan\u2019\u0131 \u00e7ok sevdi\u011fini s\u00f6yledi.<\/p>\n","protected":false},"excerpt":{"rendered":"<p>KARS\u2019TA DO\u011eU\u015eTAN KAL\u00c7A \u00c7IKIKLI\u011eI BULUNAN VE B\u0130R KEZ AMEL\u0130YAT OLAN 13 YA\u015eINDAK\u0130 \u00c7OCUK CUMHURBA\u015eKANI RECEP TAYY\u0130P ERDO\u011eAN\u2019DAN YARDIM \u0130STED\u0130.<\/p>\n","protected":false},"author":1,"featured_media":0,"comment_status":"closed","ping_status":"open","sticky":false,"template":"","format":"standard","meta":{"jetpack_post_was_ever_published":false,"_jetpack_newsletter_access":"","_jetpack_dont_email_post_to_subs":false,"_jetpack_newsletter_tier_id":0,"_jetpack_memberships_contains_paywalled_content":false,"_jetpack_memberships_contains_paid_content":false,"footnotes":"","jetpack_publicize_message":"","jetpack_publicize_feature_enabled":true,"jetpack_social_post_already_shared":true,"jetpack_social_options":{"image_generator_settings":{"template":"highway","default_image_id":0,"font":"","enabled":false},"version":2}},"categories":[1],"tags":[6924,6330,15878,16764,3091,25770,27069,648],"class_list":["post-229643","post","type-post","status-publish","format-standard","hentry","category-genel","tag-beni","tag-cocugun","tag-dede","tag-feryadi","tag-karsli","tag-kurtar","tag-lutfen","tag-tayyip"],"jetpack_publicize_connections":[],"jetpack_featured_media_url":"","jetpack_sharing_enabled":true,"jetpack_shortlink":"https:\/\/wp.me\/paKIfm-XJV","_links":{"self":[{"href":"http:\/\/www.tvturk.com\/index.php\/wp-json\/wp\/v2\/posts\/229643","targetHints":{"allow":["GET"]}}],"collection":[{"href":"http:\/\/www.tvturk.com\/index.php\/wp-json\/wp\/v2\/posts"}],"about":[{"href":"http:\/\/www.tvturk.com\/index.php\/wp-json\/wp\/v2\/types\/post"}],"author":[{"embeddable":true,"href":"http:\/\/www.tvturk.com\/index.php\/wp-json\/wp\/v2\/users\/1"}],"replies":[{"embeddable":true,"href":"http:\/\/www.tvturk.com\/index.php\/wp-json\/wp\/v2\/comments?post=229643"}],"version-history":[{"count":0,"href":"http:\/\/www.tvturk.com\/index.php\/wp-json\/wp\/v2\/posts\/229643\/revisions"}],"wp:attachment":[{"href":"http:\/\/www.tvturk.com\/index.php\/wp-json\/wp\/v2\/media?parent=229643"}],"wp:term":[{"taxonomy":"category","embeddable":true,"href":"http:\/\/www.tvturk.com\/index.php\/wp-json\/wp\/v2\/categories?post=229643"},{"taxonomy":"post_tag","embeddable":true,"href":"http:\/\/www.tvturk.com\/index.php\/wp-json\/wp\/v2\/tags?post=229643"}],"curies":[{"name":"wp","href":"https:\/\/api.w.org\/{rel}","templated":true}]}}