{"id":229733,"date":"2019-11-18T12:02:21","date_gmt":"2019-11-18T09:02:21","guid":{"rendered":"http:\/\/www.tvturk.com\/index.php\/koyde-genc-nufus-kalmayinca-alt-yapi-is-muhtar-ve-imama-kaldi\/"},"modified":"2019-11-18T12:02:21","modified_gmt":"2019-11-18T09:02:21","slug":"koyde-genc-nufus-kalmayinca-alt-yapi-is-muhtar-ve-imama-kaldi","status":"publish","type":"post","link":"http:\/\/www.tvturk.com\/index.php\/koyde-genc-nufus-kalmayinca-alt-yapi-is-muhtar-ve-imama-kaldi\/","title":{"rendered":"K\u00f6yde gen\u00e7 n\u00fcfus kalmay\u0131nca alt yap\u0131 i\u015f muhtar ve imama kald\u0131"},"content":{"rendered":"<p>Giresun\u2019un Alucra il\u00e7esine ba\u011fl\u0131 Hac\u0131l\u0131 k\u00f6y\u00fcnde gen\u00e7 n\u00fcfus kalmay\u0131nca k\u00f6ye kanalizasyon alt yap\u0131s\u0131n\u0131 k\u00f6y imam\u0131 ve muhtar birlikte yapt\u0131.<\/p>\n<p>K\u00f6y Muhtar\u0131 Onur Ta\u015fk\u0131n, k\u00f6yde ya\u015fanan g\u00f6\u00e7ten dolay\u0131 gen\u00e7 n\u00fcfus kalmad\u0131\u011f\u0131n\u0131 ifade ederek, gelen hizmetin yap\u0131lmas\u0131 i\u00e7in k\u00f6y imam\u0131 Arif Ta\u015fk\u0131n ile kollar\u0131 s\u0131vad\u0131klar\u0131n\u0131 ve kanalizasyon borusunu \u00e7ektiklerini s\u00f6yledi.<\/p>\n<p>Muhtar Onur Ta\u015fk\u0131n, k\u00f6y\u00fcn ciddi anlamda alt yap\u0131 sorunu oldu\u011funu ve bunun i\u00e7in giri\u015fimlerde bulunduklar\u0131n\u0131 belirterek, \u201cValili\u011fimizin ve Alucra Kaymakaml\u0131\u011f\u0131m\u0131z\u0131n da destekleriyle bu sorun \u00e7\u00f6z\u00fcme kavu\u015fturmak istiyorduk. Yap\u0131lan proje kapsam\u0131nda i\u015f makinelerinin yard\u0131m\u0131n\u0131n yan\u0131 s\u0131ra insan g\u00fcc\u00fcde gerekiyordu, maalesef k\u00f6y\u00fcm\u00fczde hep ya\u015fl\u0131 n\u00fcfus kal\u0131nca kanalizasyon hatt\u0131n\u0131n \u00e7al\u0131\u015fmas\u0131n\u0131 muhtar olarak benim ile yine k\u00f6yl\u00fcm\u00fcz olan k\u00f6y imam\u0131 Arif Ta\u015fk\u0131n ile birlikte ger\u00e7ekle\u015ftirdik\u201d dedi.<\/p>\n<p>\u201c3 bin metre uzunlu\u011fundaki kanalizasyon hatt\u0131n\u0131 \u0130\u011fdecik ve Hac\u0131l\u0131 k\u00f6ylerinin kullanaca\u011f\u0131 r\u00f6gara kadar ta\u015f\u0131yarak k\u00f6y\u00fcm\u00fcz\u00fcn \u00f6nemli bir sorununu ortadan kald\u0131rm\u0131\u015f olduk\u201d diyen Muhtar Ta\u015fk\u0131n, \u201cHalka hizmeti Hakk\u2019a hizmet olarak benimsiyor, \u00e7al\u0131\u015fmalar\u0131m\u0131z\u0131 bu niyetle yap\u0131yoruz. Ya\u015fl\u0131lar\u0131m\u0131z da gelerek yard\u0131m etmek istediler ama biz onlar\u0131 yormak istemedik imam arkada\u015f\u0131m\u0131z ile beraber \u00e7al\u0131\u015fmamay\u0131 tamamlad\u0131k ve k\u00f6y\u00fcn ciddi bir sorununu halletmi\u015f olduk\u201d ifadelerini kulland\u0131.<\/p>\n","protected":false},"excerpt":{"rendered":"<p>G\u0130RESUN\u2019UN ALUCRA \u0130L\u00c7ES\u0130NE BA\u011eLI HACILI K\u00d6Y\u00dcNDE GEN\u00c7 N\u00dcFUS KALMAYINCA K\u00d6YE GELEN KANAL\u0130ZASYON H\u0130ZMET\u0130N\u0130 K\u00d6Y \u0130MAMI VE MUHTAR B\u0130RL\u0130KTE YAPTI.<\/p>\n","protected":false},"author":1,"featured_media":229734,"comment_status":"closed","ping_status":"open","sticky":false,"template":"","format":"standard","meta":{"jetpack_post_was_ever_published":false,"_jetpack_newsletter_access":"","_jetpack_dont_email_post_to_subs":false,"_jetpack_newsletter_tier_id":0,"_jetpack_memberships_contains_paywalled_content":false,"_jetpack_memberships_contains_paid_content":false,"footnotes":"","jetpack_publicize_message":"","jetpack_publicize_feature_enabled":true,"jetpack_social_post_already_shared":true,"jetpack_social_options":{"image_generator_settings":{"template":"highway","default_image_id":0,"font":"","enabled":false},"version":2}},"categories":[1],"tags":[263,803,57858,432,1853,57857,2576,1363,15590,2846],"class_list":["post-229733","post","type-post","status-publish","format-standard","has-post-thumbnail","hentry","category-genel","tag-alt","tag-genc","tag-imama","tag-is","tag-kaldi","tag-kalmayinca","tag-koyde","tag-muhtar","tag-nufus","tag-yapi"],"jetpack_publicize_connections":[],"jetpack_featured_media_url":"https:\/\/i0.wp.com\/www.tvturk.com\/wp-content\/uploads\/2019\/11\/koyde-genc-nufus-kalmayinca-alt-yapi-is-muhtar-ve-imama-kaldi_8cce2e2.jpg?fit=650%2C585","jetpack_sharing_enabled":true,"jetpack_shortlink":"https:\/\/wp.me\/paKIfm-XLn","_links":{"self":[{"href":"http:\/\/www.tvturk.com\/index.php\/wp-json\/wp\/v2\/posts\/229733","targetHints":{"allow":["GET"]}}],"collection":[{"href":"http:\/\/www.tvturk.com\/index.php\/wp-json\/wp\/v2\/posts"}],"about":[{"href":"http:\/\/www.tvturk.com\/index.php\/wp-json\/wp\/v2\/types\/post"}],"author":[{"embeddable":true,"href":"http:\/\/www.tvturk.com\/index.php\/wp-json\/wp\/v2\/users\/1"}],"replies":[{"embeddable":true,"href":"http:\/\/www.tvturk.com\/index.php\/wp-json\/wp\/v2\/comments?post=229733"}],"version-history":[{"count":0,"href":"http:\/\/www.tvturk.com\/index.php\/wp-json\/wp\/v2\/posts\/229733\/revisions"}],"wp:featuredmedia":[{"embeddable":true,"href":"http:\/\/www.tvturk.com\/index.php\/wp-json\/wp\/v2\/media\/229734"}],"wp:attachment":[{"href":"http:\/\/www.tvturk.com\/index.php\/wp-json\/wp\/v2\/media?parent=229733"}],"wp:term":[{"taxonomy":"category","embeddable":true,"href":"http:\/\/www.tvturk.com\/index.php\/wp-json\/wp\/v2\/categories?post=229733"},{"taxonomy":"post_tag","embeddable":true,"href":"http:\/\/www.tvturk.com\/index.php\/wp-json\/wp\/v2\/tags?post=229733"}],"curies":[{"name":"wp","href":"https:\/\/api.w.org\/{rel}","templated":true}]}}