{"id":229807,"date":"2019-11-18T14:17:05","date_gmt":"2019-11-18T11:17:05","guid":{"rendered":"http:\/\/www.tvturk.com\/index.php\/ataturkun-silueti-koruma-altina-alindi\/"},"modified":"2019-11-18T14:17:05","modified_gmt":"2019-11-18T11:17:05","slug":"ataturkun-silueti-koruma-altina-alindi","status":"publish","type":"post","link":"http:\/\/www.tvturk.com\/index.php\/ataturkun-silueti-koruma-altina-alindi\/","title":{"rendered":"Atat\u00fcrk\u2019\u00fcn sil\u00fceti koruma alt\u0131na al\u0131nd\u0131"},"content":{"rendered":"<p>Ardahan\u2019\u0131n Damal il\u00e7esinde bir do\u011fa olay\u0131 olarak ortaya \u00e7\u0131kan Atat\u00fcrk siluetinin bulundu\u011fu arazi &#8220;Do\u011fal Sit Nitelikli Do\u011fal Koruma Alan\u0131&#8221; olarak tescillendi.<\/p>\n<p>Damal Belediye Ba\u015fkan\u0131 Erin \u00d6nal al\u0131nan karar\u0131n \u00f6nemine de\u011finerek, Ardahan\u2019\u0131n en \u00f6nemli do\u011fal g\u00fczelliklerinden biri, Damal il\u00e7esinin da\u011flar\u0131na yans\u0131yan Atat\u00fcrk\u2019\u00fcn silueti oldu\u011funu s\u00f6yledi.<\/p>\n<p>Siluetin ilk olarak bir \u00e7oban taraf\u0131ndan 1954 y\u0131l\u0131nda fark edildi\u011fini s\u00f6yleyen Ba\u015fkan \u00d6nal, &#8220;Her y\u0131l 15 Haziran 15 Temmuz tarihleri aras\u0131nda il\u00e7emize ba\u011fl\u0131 Ata mahallesinde bulunan Karada\u011f yama\u00e7lar\u0131nda olu\u015fan bu olay, bir do\u011fa harikas\u0131d\u0131r. Bu tarihler aras\u0131nda g\u00fcne\u015fin batmas\u0131yla da\u011f\u0131n bir taraf\u0131n\u0131n g\u00f6lgesi di\u011fer taraf\u0131na yans\u0131makta ve tamamen do\u011fal olarak Ulu \u00d6nder Atat\u00fcrk\u2019\u00fcn siluetini olu\u015fturmaktad\u0131r. Atat\u00fcrk silueti ilk olarak 1954\u2019te Yukar\u0131 G\u00fcnde\u015f k\u00f6y\u00fcnde \u00e7obanl\u0131k yapan Ad\u0131g\u00fczel K\u0131rm\u0131z\u0131g\u00fcl taraf\u0131ndan fark edildi. Siluetin foto\u011fraflar\u0131 da gazeteci Erdo\u011fan Kumru taraf\u0131ndan \u00e7ekilerek 1975 y\u0131l\u0131nda Genel Kurmay Ba\u015fkanl\u0131\u011f\u0131na g\u00f6nderildi&#8221; dedi.<\/p>\n<p>\u00d6nal, &#8220;Siluetin olu\u015fmas\u0131yla il\u00e7emizde 1996 y\u0131l\u0131ndan itibaren her y\u0131l Temmuz ay\u0131nda \u2018Atat\u00fcrk\u2019\u00fcn izinde ve g\u00f6lgesinde Damal \u015fenlikleri\u2019 d\u00fczenlenmektedir. Her ge\u00e7en y\u0131l tan\u0131n\u0131rl\u0131\u011f\u0131n artmas\u0131yla yerel ve ulusal bas\u0131nda ilgi g\u00f6ren \u2018Atat\u00fcrk\u2019\u00fcn izinde ve g\u00f6lgesinde Damal \u015fenlikleri\u2019 b\u00f6lge turizmine de b\u00fcy\u00fck katk\u0131 sa\u011flamaktad\u0131r. Bu nedenle siluetin rahat izlenebilmesi i\u00e7in yakla\u015f\u0131k 1000 ki\u015filik amfi tiyatro alan\u0131 olu\u015fturduk. Bu do\u011fa harikas\u0131n\u0131 deneyimlemek isteyen foto\u011fraf sanat\u00e7\u0131lar\u0131, yerli ve yabanc\u0131 turistler her y\u0131l il\u00e7emize ak\u0131n etmektedir&#8221; diye konu\u015ftu.<\/p>\n<p>Atat\u00fcrk silueti \u00c7evre ve \u015eehircilik Bakanl\u0131\u011f\u0131 tabiat varl\u0131klar\u0131 koruma kurulu taraf\u0131ndan 23 Ekim 2019 g\u00fcn\u00fc alm\u0131\u015f oldu\u011fu karar ile Ardahan\u2019\u0131n Damal il\u00e7esindeki araziyi Atat\u00fcrk silueti do\u011fal sit alan\u0131 olarak belirlenmi\u015fti.<\/p>\n<p>1954\u2019te Yukar\u0131 G\u00fcnde\u015f k\u00f6y\u00fcnde \u00e7obanl\u0131k yapan Ad\u0131g\u00fczel K\u0131rm\u0131z\u0131g\u00fcl taraf\u0131ndan fark edilen Atat\u00fcrk sil\u00fceti, Erdo\u011fan Kumru\u2019nun 1975\u2019de \u00e7ekti\u011fi sil\u00fcet foto\u011fraf\u0131n\u0131 Genelkurmay Ba\u015fkanl\u0131\u011f\u0131na g\u00f6nderilmesiyle bu do\u011fa olay\u0131 T\u00fcrkiye\u2019de duyuldu.<\/p>\n<p>Sil\u00fcet, Karada\u011flar ete\u011finde \u00f6zellikle haziranda ba\u015flayarak temmuz sonuna kadar havan\u0131n bulutsuz oldu\u011fu g\u00fcnlerde 17.50-18.10 saatlerinde izlenebiliyor.<\/p>\n<p>Atat\u00fcrk sil\u00fcetinin olu\u015fumu, 1996\u2019dan itibaren her y\u0131l temmuz ay\u0131nda d\u00fczenlenen &#8220;Atat\u00fcrk\u2019\u00fcn \u0130zinde ve G\u00f6lgesinde Damal \u015eenlikleri&#8221; ile kutlan\u0131yor.<\/p>\n","protected":false},"excerpt":{"rendered":"<p>ATAT\u00dcRK S\u0130LUET\u0130N\u0130N BEL\u0130RD\u0130\u011e\u0130 ARAZ\u0130 &#8220;DO\u011eAL S\u0130T N\u0130TEL\u0130KL\u0130 DO\u011eAL KORUMA ALANI&#8221; OLARAK TESC\u0130LLEND\u0130.<\/p>\n","protected":false},"author":1,"featured_media":229808,"comment_status":"closed","ping_status":"open","sticky":false,"template":"","format":"standard","meta":{"jetpack_post_was_ever_published":false,"_jetpack_newsletter_access":"","_jetpack_dont_email_post_to_subs":false,"_jetpack_newsletter_tier_id":0,"_jetpack_memberships_contains_paywalled_content":false,"_jetpack_memberships_contains_paid_content":false,"footnotes":"","jetpack_publicize_message":"","jetpack_publicize_feature_enabled":true,"jetpack_social_post_already_shared":true,"jetpack_social_options":{"image_generator_settings":{"template":"highway","default_image_id":0,"font":"","enabled":false},"version":2}},"categories":[1],"tags":[1014,1186,2818,1185,49292],"class_list":["post-229807","post","type-post","status-publish","format-standard","has-post-thumbnail","hentry","category-genel","tag-alindi","tag-altina","tag-ataturkun","tag-koruma","tag-silueti"],"jetpack_publicize_connections":[],"jetpack_featured_media_url":"https:\/\/i0.wp.com\/www.tvturk.com\/wp-content\/uploads\/2019\/11\/ataturkun-silueti-koruma-altina-alindi_fcd754a.jpg?fit=1000%2C666","jetpack_sharing_enabled":true,"jetpack_shortlink":"https:\/\/wp.me\/paKIfm-XMz","_links":{"self":[{"href":"http:\/\/www.tvturk.com\/index.php\/wp-json\/wp\/v2\/posts\/229807","targetHints":{"allow":["GET"]}}],"collection":[{"href":"http:\/\/www.tvturk.com\/index.php\/wp-json\/wp\/v2\/posts"}],"about":[{"href":"http:\/\/www.tvturk.com\/index.php\/wp-json\/wp\/v2\/types\/post"}],"author":[{"embeddable":true,"href":"http:\/\/www.tvturk.com\/index.php\/wp-json\/wp\/v2\/users\/1"}],"replies":[{"embeddable":true,"href":"http:\/\/www.tvturk.com\/index.php\/wp-json\/wp\/v2\/comments?post=229807"}],"version-history":[{"count":0,"href":"http:\/\/www.tvturk.com\/index.php\/wp-json\/wp\/v2\/posts\/229807\/revisions"}],"wp:featuredmedia":[{"embeddable":true,"href":"http:\/\/www.tvturk.com\/index.php\/wp-json\/wp\/v2\/media\/229808"}],"wp:attachment":[{"href":"http:\/\/www.tvturk.com\/index.php\/wp-json\/wp\/v2\/media?parent=229807"}],"wp:term":[{"taxonomy":"category","embeddable":true,"href":"http:\/\/www.tvturk.com\/index.php\/wp-json\/wp\/v2\/categories?post=229807"},{"taxonomy":"post_tag","embeddable":true,"href":"http:\/\/www.tvturk.com\/index.php\/wp-json\/wp\/v2\/tags?post=229807"}],"curies":[{"name":"wp","href":"https:\/\/api.w.org\/{rel}","templated":true}]}}