{"id":229861,"date":"2019-11-18T15:32:18","date_gmt":"2019-11-18T12:32:18","guid":{"rendered":"http:\/\/www.tvturk.com\/index.php\/usta-fotografcidan-buyuleyici-afyonkarahisar-manzarasi\/"},"modified":"2019-11-18T15:32:18","modified_gmt":"2019-11-18T12:32:18","slug":"usta-fotografcidan-buyuleyici-afyonkarahisar-manzarasi","status":"publish","type":"post","link":"http:\/\/www.tvturk.com\/index.php\/usta-fotografcidan-buyuleyici-afyonkarahisar-manzarasi\/","title":{"rendered":"Usta foto\u011fraf\u00e7\u0131dan b\u00fcy\u00fcleyici Afyonkarahisar manzaras\u0131"},"content":{"rendered":"<p>29 ya\u015f\u0131ndaki Afyonkarahisarl\u0131 foto\u011fraf\u00e7\u0131 \u00c7a\u011fr\u0131 Selek\u2019in \u00e7ekti\u011fi Karahisar Kalesi\u2019nin foto\u011fraflar\u0131 g\u00f6renleri adeta b\u00fcy\u00fcl\u00fcyor.<\/p>\n<p>Lokumu, kayma\u011f\u0131, sucu\u011fu, mermeri, ha\u015fha\u015f\u0131 ve tarihi mekanlar\u0131 ile tan\u0131nan Afyonkarahisar da foto\u011fraf\u00e7\u0131l\u0131k yapan \u00c7a\u011fr\u0131 Selek \u00e7ekti\u011fi foto\u011fraflar ile insanlar\u0131 b\u00fcy\u00fclemeye devam ediyor. Son g\u00fcnlerde sisli bir sabaha uyanan Afyonkarahisar, foto\u011fraf tutkunlar\u0131n\u0131 mest edecek manzaralar sunuyor. Yerden 226 metre y\u00fckseklikteki Karahisar Kalesi, foto\u011fraf\u00e7\u0131lara sisler i\u00e7eresinde g\u00f6z k\u0131rp\u0131yor.<\/p>\n<p>\u00c7ekti\u011fi foto\u011fraflarla gerek T\u00fcrkiye\u2019de gerek yurtd\u0131\u015f\u0131nda isminden s\u00f6z ettiren ve foto\u011fraf yar\u0131\u015fmalar\u0131nda bir \u00e7ok birbirinden farkl\u0131 kategoride \u00f6d\u00fcl alan foto\u011fraf sanat\u00e7\u0131s\u0131 \u00c7a\u011fr\u0131 Selek\u2019in Afyonkarahisar Kalesi\u2019ni ku\u015f bak\u0131\u015f\u0131 foto\u011fraflad\u0131\u011f\u0131 kareler sosyal medyada foto\u011fraf sayfalar\u0131nda g\u00fcn\u00fcn en \u00e7ok payla\u015f\u0131lan karesi oldu. Foto\u011fraf hakk\u0131nda konu\u015fan Selek, \u201cBirka\u00e7 g\u00fcnd\u00fcr Afyonkarahisar\u2019da sabahlar\u0131 yo\u011fun bir sis olu\u015fuyor. Sis hayat\u0131 zorla\u015ft\u0131rsa da foto\u011fraf\u00e7\u0131lar i\u00e7in e\u015fsiz manzaralar sunuyor. Bende bunu de\u011ferlendirmek i\u00e7in \u015fehrin simgesi olan Karahisar Kalesi\u2019nin foto\u011fraf\u0131n\u0131 \u00e7ekmek istedim. Drone kameram\u0131 u\u00e7urdu\u011fumda kalenin e\u015fsiz manzaras\u0131 ile kar\u015f\u0131la\u015ft\u0131m. Kalenin bir taraf\u0131 sisler i\u00e7inde di\u011fer yan\u0131 g\u00fcne\u015fli bir manzara sunuyordu. G\u00f6rd\u00fc\u011f\u00fcm manzara beni b\u00fcy\u00fclemi\u015fti. \u00c7ekti\u011fim foto\u011fraflar\u0131 sosyal medya hesab\u0131m \u00fczerimden payla\u015ft\u0131ktan sonra \u00e7ok say\u0131da yorum, be\u011feni ve payla\u015f\u0131m ald\u0131m. Beni b\u00fcy\u00fcleyen manzara herkesi etkilemi\u015fti. Foto\u011fraf ger\u00e7ekten emek istiyor. Bu eme\u011fin sonunda b\u00f6yle g\u00fczel bir foto\u011fraf\u0131n \u00e7\u0131kmas\u0131ndan b\u00fcy\u00fck mutluluk duydum. Umar\u0131m g\u00fczel Afyon\u2019umuzun tan\u0131t\u0131m\u0131nda bu foto\u011frafla \u00e7orbada benim de tuzum olmu\u015ftur.\u201d<\/p>\n<p>\u00c7a\u011fr\u0131 Selek\u2019in foto\u011fraf\u0131 sosyal medyada binlerce payla\u015f\u0131m ve be\u011feni ald\u0131.<\/p>\n","protected":false},"excerpt":{"rendered":"<p>29 YA\u015eINDAK\u0130 AFYONKARAH\u0130SARLI FOTO\u011eRAF\u00c7I \u00c7A\u011eRI SELEK\u2019\u0130N \u00c7EKT\u0130\u011e\u0130 KARAH\u0130SAR KALES\u0130\u2019N\u0130N FOTO\u011eRAFLARI G\u00d6RENLER\u0130 ADETA B\u00dcY\u00dcL\u00dcYOR.<\/p>\n","protected":false},"author":1,"featured_media":229862,"comment_status":"closed","ping_status":"open","sticky":false,"template":"","format":"standard","meta":{"jetpack_post_was_ever_published":false,"_jetpack_newsletter_access":"","_jetpack_dont_email_post_to_subs":false,"_jetpack_newsletter_tier_id":0,"_jetpack_memberships_contains_paywalled_content":false,"_jetpack_memberships_contains_paid_content":false,"footnotes":"","jetpack_publicize_message":"","jetpack_publicize_feature_enabled":true,"jetpack_social_post_already_shared":true,"jetpack_social_options":{"image_generator_settings":{"template":"highway","default_image_id":0,"font":"","enabled":false},"version":2}},"categories":[1],"tags":[7810,32584,57889,14302,1258],"class_list":["post-229861","post","type-post","status-publish","format-standard","has-post-thumbnail","hentry","category-genel","tag-afyonkarahisar","tag-buyuleyici","tag-fotografcidan","tag-manzarasi","tag-usta"],"jetpack_publicize_connections":[],"jetpack_featured_media_url":"https:\/\/i0.wp.com\/www.tvturk.com\/wp-content\/uploads\/2019\/11\/usta-fotografcidan-buyuleyici-afyonkarahisar-manzarasi_9795004.jpg?fit=1000%2C665","jetpack_sharing_enabled":true,"jetpack_shortlink":"https:\/\/wp.me\/paKIfm-XNr","_links":{"self":[{"href":"http:\/\/www.tvturk.com\/index.php\/wp-json\/wp\/v2\/posts\/229861","targetHints":{"allow":["GET"]}}],"collection":[{"href":"http:\/\/www.tvturk.com\/index.php\/wp-json\/wp\/v2\/posts"}],"about":[{"href":"http:\/\/www.tvturk.com\/index.php\/wp-json\/wp\/v2\/types\/post"}],"author":[{"embeddable":true,"href":"http:\/\/www.tvturk.com\/index.php\/wp-json\/wp\/v2\/users\/1"}],"replies":[{"embeddable":true,"href":"http:\/\/www.tvturk.com\/index.php\/wp-json\/wp\/v2\/comments?post=229861"}],"version-history":[{"count":0,"href":"http:\/\/www.tvturk.com\/index.php\/wp-json\/wp\/v2\/posts\/229861\/revisions"}],"wp:featuredmedia":[{"embeddable":true,"href":"http:\/\/www.tvturk.com\/index.php\/wp-json\/wp\/v2\/media\/229862"}],"wp:attachment":[{"href":"http:\/\/www.tvturk.com\/index.php\/wp-json\/wp\/v2\/media?parent=229861"}],"wp:term":[{"taxonomy":"category","embeddable":true,"href":"http:\/\/www.tvturk.com\/index.php\/wp-json\/wp\/v2\/categories?post=229861"},{"taxonomy":"post_tag","embeddable":true,"href":"http:\/\/www.tvturk.com\/index.php\/wp-json\/wp\/v2\/tags?post=229861"}],"curies":[{"name":"wp","href":"https:\/\/api.w.org\/{rel}","templated":true}]}}