{"id":229871,"date":"2019-11-18T15:47:08","date_gmt":"2019-11-18T12:47:08","guid":{"rendered":"http:\/\/www.tvturk.com\/index.php\/kiyikoylulerin-gozunden-kiyikoy-taksim-metrosunda\/"},"modified":"2019-11-18T15:47:08","modified_gmt":"2019-11-18T12:47:08","slug":"kiyikoylulerin-gozunden-kiyikoy-taksim-metrosunda","status":"publish","type":"post","link":"http:\/\/www.tvturk.com\/index.php\/kiyikoylulerin-gozunden-kiyikoy-taksim-metrosunda\/","title":{"rendered":"K\u0131y\u0131k\u00f6yl\u00fclerin g\u00f6z\u00fcnden K\u0131y\u0131k\u00f6y Taksim metrosunda"},"content":{"rendered":"<p>K\u0131rklareli\u2019nin sahil beldesi K\u0131y\u0131k\u00f6y\u2019\u00fcn do\u011fal ve tarihi g\u00fczellikleri, b\u00f6lge sakinlerinin objektifine yans\u0131d\u0131\u011f\u0131 haliyle \u0130stanbul\u2019da g\u00f6r\u00fcc\u00fcye \u00e7\u0131kt\u0131. T\u00fcrkAk\u0131m Projesi taraf\u0131ndan d\u00fczenlenen e\u011fitimler sonunda \u00e7ekilen karelerden olu\u015fan \u2019Foto\u011fraflarla K\u0131y\u0131k\u00f6y\u2019 isimli sergi Taksim Metro \u0130stasyonu\u2019nda a\u00e7\u0131ld\u0131.<\/p>\n<p>15 \u00e7ocuk, 30 yeti\u015fkin olmak \u00fczere 45 K\u0131y\u0131k\u00f6y sakini ve deneyimli fotomuhabir Osman \u00d6rsal\u2019\u0131n 3 hafta boyunca verdi\u011fi foto\u011fraf\u00e7\u0131l\u0131k e\u011fitimini tamamlad\u0131. Kat\u0131l\u0131mc\u0131lar\u0131n \u00e7ekti\u011fi binlerce karenin aras\u0131ndan olu\u015fturulan se\u00e7ki, \u0130stanbul\u2019un hemen yan\u0131 ba\u015f\u0131nda bulunan K\u0131y\u0131k\u00f6y\u2019\u00fcn sakl\u0131 g\u00fczelliklerini g\u00f6zler \u00f6n\u00fcne seriyor. E\u011fitimler sonunda \u00e7ekilen karelerden olu\u015fan \u2019Foto\u011fraflarla K\u0131y\u0131k\u00f6y\u2019 isimli sergi Taksim Metro \u0130stasyonu\u2019nda a\u00e7\u0131ld\u0131. Sergi 25 Kas\u0131m tarihine kadar g\u00f6r\u00fclebilecek. K\u0131y\u0131k\u00f6y Foto\u011fraf At\u00f6lyesi, Rusya\u2019dan T\u00fcrkiye ve Avrupa\u2019ya do\u011falgaz ta\u015f\u0131yacak T\u00fcrkAk\u0131m Projesi\u2019nin karaya \u00e7\u0131k\u0131\u015f noktas\u0131 olan K\u0131y\u0131k\u00f6y\u2019\u00fcn ekonomik refah\u0131n\u0131n ve turizm potansiyelinin geli\u015ftirilmesine y\u00f6nelik olarak yapt\u0131\u011f\u0131 \u00e7e\u015fitli yerel yat\u0131r\u0131mlar aras\u0131nda yer al\u0131yor.<\/p>\n<p>\u2019\u2019Sergi, K\u0131y\u0131k\u00f6y\u2019\u00fcn tan\u0131t\u0131m\u0131 i\u00e7in \u00f6nemli\u2019\u2019<\/p>\n<p>E\u011fitim alan K\u0131y\u0131k\u00f6yl\u00fclerin de kat\u0131ld\u0131\u011f\u0131 sergi a\u00e7\u0131l\u0131\u015f\u0131nda konu\u015fan T\u00fcrkAk\u0131m S\u00f6zc\u00fcs\u00fc Asl\u0131 Esen, \u2019\u2019K\u0131y\u0131k\u00f6y\u2019\u00fcn tan\u0131t\u0131m\u0131 i\u00e7in yapt\u0131\u011f\u0131m\u0131z ikinci sergi. Ge\u00e7en y\u0131l benzer bir formatta 40 \u00e7ocu\u011fun e\u011fitim ald\u0131\u011f\u0131 bir organizasyon d\u00fczenledik. Bu sergiyi Deniz M\u00fczesi\u2019nde a\u00e7m\u0131\u015ft\u0131k. Bu y\u0131l 15 \u00f6\u011frenci ve 30 yeti\u015fkinin kat\u0131l\u0131m\u0131yla daha kapsal\u0131 bir e\u011fitim sonucu, \u0130stanbullulara do\u011frudan hitap edebilecek bir noktada a\u00e7man\u0131n mutlulu\u011funu ya\u015f\u0131yoruz. T\u00fcrkAk\u0131m olarak K\u0131y\u0131k\u00f6y\u2019de karaya \u00e7\u0131kt\u0131\u011f\u0131m\u0131z d\u00fc\u015f\u00fcn\u00fcl\u00fcrse, buras\u0131 t\u00fcm toplumsal yat\u0131r\u0131mlar\u0131m\u0131z\u0131n ana oda\u011f\u0131. Dolay\u0131s\u0131yla \u00e7ok kapsaml\u0131 bir dizi yat\u0131r\u0131m\u0131m\u0131z i\u00e7erisinde bu foto\u011fraf sergisi ve foto\u011fraf at\u00f6lyeleri de yer al\u0131yor. Ayn\u0131 zamanda K\u0131y\u0131k\u00f6y\u2019\u00fcn \u0130stanbullulara tan\u0131t\u0131m\u0131 a\u00e7\u0131s\u0131ndan \u00f6nemli, yakla\u015f\u0131k 2 saat mesafede \u00e7ok g\u00fczel bir belde. Sakin, sessiz, huzurlu bir yer. \u00d6zellikle haftasonu gezileri i\u00e7in ideal bir nokta. Bu beldenin tan\u0131t\u0131m\u0131 i\u00e7in K\u0131y\u0131k\u00f6yl\u00fclerin kendi g\u00f6z\u00fcnden kendi beldelerini tan\u0131t\u0131m\u0131 i\u00e7in b\u00f6yle bir yol se\u00e7tik. Bu y\u0131l, her g\u00fcn binlerce insan\u0131n ge\u00e7ti\u011fi yerde bu sergiyi yapabilmenin mutlulu\u011funu ya\u015f\u0131yoruz\u2019\u2019 dedi.<\/p>\n<p>K\u0131y\u0131k\u00f6y K\u00fclt\u00fcr Merkezi Koordinat\u00f6r\u00fc Furkan \u00c7evik ise \u015f\u00f6yle konu\u015ftu: \u2019\u2019Bu proje, toplamda 45 kat\u0131l\u0131mc\u0131 sayesinde ger\u00e7ekle\u015fti. K\u0131y\u0131k\u00f6y\u2019\u00fcn \u00e7e\u015fitli yerlerinde haftada 1 g\u00fcn olmak \u00fczere toplamda 3 ayr\u0131 yerde foto\u011fraf \u00e7ekimi ger\u00e7ekle\u015ftirildi. Foto\u011fraf\u00e7\u0131 Osman hocam\u0131zla birlikte  farkl\u0131 yerlerde farkl\u0131 foto\u011fraflar \u00e7ekildi. Her e\u011fitimde belde bin kare foto\u011fraf \u00e7ekilmi\u015ftir. Bunlar aras\u0131nda g\u00fczel olanlar se\u00e7ilip sergilerde sergileniyor. Bu, beldemiz i\u00e7in bir marka de\u011feri. \u0130stanbul\u2019da b\u00f6yle bir yerde serginin a\u00e7\u0131lmas\u0131, K\u0131y\u0131k\u00f6y\u2019\u00fcn isminin daha \u00e7ok duyulmas\u0131 a\u00e7\u0131s\u0131ndan \u00f6nemli f\u0131rsat\u2019\u2019.<\/p>\n","protected":false},"excerpt":{"rendered":"<p>KIRKLAREL\u0130\u2019N\u0130N SAH\u0130L BELDES\u0130 KIYIK\u00d6Y\u2019\u00dcN DO\u011eAL VE TAR\u0130H\u0130 G\u00dcZELL\u0130KLER\u0130, B\u00d6LGE SAK\u0130NLER\u0130N\u0130N OBJEKT\u0130F\u0130NE YANSIDI\u011eI HAL\u0130YLE \u0130STANBUL\u2019DA G\u00d6R\u00dcC\u00dcYE \u00c7IKTI. T\u00dcRKAKIM PROJES\u0130 TARAFINDAN D\u00dcZENLENEN E\u011e\u0130T\u0130MLER SONUNDA \u00c7EK\u0130LEN KARELERDEN OLU\u015eAN &#8216;FOTO\u011eRAFLARLA KIYIK\u00d6Y&#8217; \u0130S\u0130ML\u0130 SERG\u0130 TAKS\u0130M METRO \u0130STASYONU&#8217;NDA A\u00c7ILDI. T\u00dcRKAKIM S\u00d6ZC\u00dcS\u00dc ASLI ESEN<\/p>\n","protected":false},"author":1,"featured_media":229872,"comment_status":"closed","ping_status":"open","sticky":false,"template":"","format":"standard","meta":{"jetpack_post_was_ever_published":false,"_jetpack_newsletter_access":"","_jetpack_dont_email_post_to_subs":false,"_jetpack_newsletter_tier_id":0,"_jetpack_memberships_contains_paywalled_content":false,"_jetpack_memberships_contains_paid_content":false,"footnotes":"","jetpack_publicize_message":"","jetpack_publicize_feature_enabled":true,"jetpack_social_post_already_shared":true,"jetpack_social_options":{"image_generator_settings":{"template":"highway","default_image_id":0,"font":"","enabled":false},"version":2}},"categories":[1],"tags":[29092,57891,36082,37569,8464],"class_list":["post-229871","post","type-post","status-publish","format-standard","has-post-thumbnail","hentry","category-genel","tag-gozunden","tag-kiyikoy","tag-kiyikoylulerin","tag-metrosunda","tag-taksim"],"jetpack_publicize_connections":[],"jetpack_featured_media_url":"https:\/\/i0.wp.com\/www.tvturk.com\/wp-content\/uploads\/2019\/11\/kiyikoylulerin-gozunden-kiyikoy-taksim-metrosunda_c8838f4.jpg?fit=1000%2C666","jetpack_sharing_enabled":true,"jetpack_shortlink":"https:\/\/wp.me\/paKIfm-XNB","_links":{"self":[{"href":"http:\/\/www.tvturk.com\/index.php\/wp-json\/wp\/v2\/posts\/229871","targetHints":{"allow":["GET"]}}],"collection":[{"href":"http:\/\/www.tvturk.com\/index.php\/wp-json\/wp\/v2\/posts"}],"about":[{"href":"http:\/\/www.tvturk.com\/index.php\/wp-json\/wp\/v2\/types\/post"}],"author":[{"embeddable":true,"href":"http:\/\/www.tvturk.com\/index.php\/wp-json\/wp\/v2\/users\/1"}],"replies":[{"embeddable":true,"href":"http:\/\/www.tvturk.com\/index.php\/wp-json\/wp\/v2\/comments?post=229871"}],"version-history":[{"count":0,"href":"http:\/\/www.tvturk.com\/index.php\/wp-json\/wp\/v2\/posts\/229871\/revisions"}],"wp:featuredmedia":[{"embeddable":true,"href":"http:\/\/www.tvturk.com\/index.php\/wp-json\/wp\/v2\/media\/229872"}],"wp:attachment":[{"href":"http:\/\/www.tvturk.com\/index.php\/wp-json\/wp\/v2\/media?parent=229871"}],"wp:term":[{"taxonomy":"category","embeddable":true,"href":"http:\/\/www.tvturk.com\/index.php\/wp-json\/wp\/v2\/categories?post=229871"},{"taxonomy":"post_tag","embeddable":true,"href":"http:\/\/www.tvturk.com\/index.php\/wp-json\/wp\/v2\/tags?post=229871"}],"curies":[{"name":"wp","href":"https:\/\/api.w.org\/{rel}","templated":true}]}}