{"id":229917,"date":"2019-11-18T17:32:13","date_gmt":"2019-11-18T14:32:13","guid":{"rendered":"http:\/\/www.tvturk.com\/index.php\/refik-ozen-tibbi-aromatik-bitkilerden-daha-fazla-katma-deger-elde-edilecek\/"},"modified":"2019-11-18T17:32:13","modified_gmt":"2019-11-18T14:32:13","slug":"refik-ozen-tibbi-aromatik-bitkilerden-daha-fazla-katma-deger-elde-edilecek","status":"publish","type":"post","link":"http:\/\/www.tvturk.com\/index.php\/refik-ozen-tibbi-aromatik-bitkilerden-daha-fazla-katma-deger-elde-edilecek\/","title":{"rendered":"Refik \u00d6zen: \u201cT\u0131bbi aromatik bitkilerden daha fazla katma de\u011fer elde edilecek\u201d"},"content":{"rendered":"<p>AK Parti Bursa Milletvekili Refik \u00d6zen, t\u0131bbi aromatik bitkilerden daha fazla katma de\u011fer elde edilece\u011fini s\u00f6yledi.<\/p>\n<p>Bursa \u0130l Tar\u0131m ve Orman M\u00fcd\u00fcrl\u00fc\u011f\u00fc\u2019nde t\u0131bbi aromatik bitkiler toplant\u0131s\u0131 d\u00fczenlendi. Toplant\u0131da konu\u015fan AK Parti Bursa Milletvekili Refik \u00d6zen, \u201cT\u0131bbi aromatik bitkiler d\u00fcnyada geni\u015f bir pazar pay\u0131 olan, yakla\u015f\u0131k 115 milyar dolarl\u0131k ciroya sahip bir aland\u0131r. \u0130la\u00e7, kozmetik, boya, g\u0131da sanayinde yayg\u0131n \u015fekilde kullan\u0131l\u0131yor. T\u00fcrkiye olarak maalesef olduk\u00e7a \u00f6nemli bir potansiyele sahip olmam\u0131za ra\u011fmen istedi\u011fimiz pay\u0131 alabilmi\u015f de\u011filiz. Bu \u00e7al\u0131\u015fmalar esnas\u0131nda komisyonda yo\u011fun bir s\u00fcre\u00e7 bir i\u015flemi\u015fti. Sahada da \u00e7al\u0131\u015fmalar ger\u00e7ekle\u015ftirdik. TBMM ve bakanl\u0131klarda konular\u0131nda uzman yakla\u015f\u0131k 69 ki\u015fiyi dinleme f\u0131rsat\u0131m\u0131z oldu. \u00c7orum, Bal\u0131kesir, Konya, Karaman, Trabzon, Rize, Artvin, Giresin, Ordu, Samsun, Hatay, Kilis, Gaziantep ve \u015eanl\u0131urfa\u2019da sahada \u00e7al\u0131\u015fmalar\u0131m\u0131z\u0131 ger\u00e7ekle\u015ftirdik. Yakla\u015f\u0131k 250\u2019den fazla \u00fcretici ile konu\u015ftuk. T\u00fcrkiye floras\u0131na sahip oldu\u011fu 12 binin \u00fczerinde bitki \u00e7e\u015fitlili\u011fi ile Avrupa k\u0131tas\u0131n\u0131n tamam\u0131na yak\u0131n zenginli\u011fine sahip. Do\u011fan toplanan, i\u00e7 ve d\u0131\u015f ticareti yap\u0131lan 347 t\u00fcr bulunuyor. Bunlardan y\u00fczde 30\u2019u d\u0131\u015f ticaret yap\u0131l\u0131yor. Pazarlanabildi\u011finde s\u00f6z konusu \u00fcr\u00fcnlerden daha fazla katma de\u011fer elde edelim arzumuz var\u201d dedi.<\/p>\n<p>CHP Bursa Milletvekili Erkan Ayd\u0131n ise, \u201cKonu T\u00fcrkiye i\u00e7in m\u00fchim. Bu \u00f6neminin yan\u0131nda 4 ayda verimli \u00e7al\u0131\u015fmalar yap\u0131ld\u0131. \u00d6nemli olan bundan sonras\u0131. T\u0131bbi aromatik bitkilerle u\u011fra\u015fanlar\u0131n katma de\u011fer sa\u011flayabilece\u011fi, \u00fclke ihracat\u0131n\u0131n artt\u0131r\u0131labilece\u011fi, iyi tar\u0131m uygulamalar\u0131yla AB standartlar\u0131nda \u00fcr\u00fcn yeti\u015ftirilmesi ve pazarlanabilmesi \u00e7ok \u00f6nemli. \u0130yi tar\u0131m olmazsa bir standart olmuyor. S\u00fcrekli \u00fcr\u00fcn temininde ihracat olarak s\u0131k\u0131nt\u0131lar olu\u015fabiliyor\u201d diye konu\u015ftu.<\/p>\n","protected":false},"excerpt":{"rendered":"<p>BURSA \u0130L TARIM VE ORMAN M\u00dcD\u00dcRL\u00dc\u011e\u00dc\u2019NDE TIBB\u0130 AROMAT\u0130K B\u0130TK\u0130LER TOPLANTISI D\u00dcZENLEND\u0130<\/p>\n","protected":false},"author":1,"featured_media":229918,"comment_status":"closed","ping_status":"open","sticky":false,"template":"","format":"standard","meta":{"jetpack_post_was_ever_published":false,"_jetpack_newsletter_access":"","_jetpack_dont_email_post_to_subs":false,"_jetpack_newsletter_tier_id":0,"_jetpack_memberships_contains_paywalled_content":false,"_jetpack_memberships_contains_paid_content":false,"footnotes":"","jetpack_publicize_message":"","jetpack_publicize_feature_enabled":true,"jetpack_social_post_already_shared":true,"jetpack_social_options":{"image_generator_settings":{"template":"highway","default_image_id":0,"font":"","enabled":false},"version":2}},"categories":[1],"tags":[16295,31891,1018,5455,6119,2673,2142,10586,19434,28055,3711],"class_list":["post-229917","post","type-post","status-publish","format-standard","has-post-thumbnail","hentry","category-genel","tag-aromatik","tag-bitkilerden","tag-daha","tag-deger","tag-edilecek","tag-elde","tag-fazla","tag-katma","tag-ozen","tag-refik","tag-tibbi"],"jetpack_publicize_connections":[],"jetpack_featured_media_url":"https:\/\/i0.wp.com\/www.tvturk.com\/wp-content\/uploads\/2019\/11\/refik-ozen-tibbi-aromatik-bitkilerden-daha-fazla-katma-deger-elde-edilecek_649a313.jpg?fit=1000%2C666","jetpack_sharing_enabled":true,"jetpack_shortlink":"https:\/\/wp.me\/paKIfm-XOl","_links":{"self":[{"href":"http:\/\/www.tvturk.com\/index.php\/wp-json\/wp\/v2\/posts\/229917","targetHints":{"allow":["GET"]}}],"collection":[{"href":"http:\/\/www.tvturk.com\/index.php\/wp-json\/wp\/v2\/posts"}],"about":[{"href":"http:\/\/www.tvturk.com\/index.php\/wp-json\/wp\/v2\/types\/post"}],"author":[{"embeddable":true,"href":"http:\/\/www.tvturk.com\/index.php\/wp-json\/wp\/v2\/users\/1"}],"replies":[{"embeddable":true,"href":"http:\/\/www.tvturk.com\/index.php\/wp-json\/wp\/v2\/comments?post=229917"}],"version-history":[{"count":0,"href":"http:\/\/www.tvturk.com\/index.php\/wp-json\/wp\/v2\/posts\/229917\/revisions"}],"wp:featuredmedia":[{"embeddable":true,"href":"http:\/\/www.tvturk.com\/index.php\/wp-json\/wp\/v2\/media\/229918"}],"wp:attachment":[{"href":"http:\/\/www.tvturk.com\/index.php\/wp-json\/wp\/v2\/media?parent=229917"}],"wp:term":[{"taxonomy":"category","embeddable":true,"href":"http:\/\/www.tvturk.com\/index.php\/wp-json\/wp\/v2\/categories?post=229917"},{"taxonomy":"post_tag","embeddable":true,"href":"http:\/\/www.tvturk.com\/index.php\/wp-json\/wp\/v2\/tags?post=229917"}],"curies":[{"name":"wp","href":"https:\/\/api.w.org\/{rel}","templated":true}]}}