{"id":229973,"date":"2019-11-19T09:31:55","date_gmt":"2019-11-19T06:31:55","guid":{"rendered":"http:\/\/www.tvturk.com\/index.php\/bu-petek-ile-eviniz-7-5-liraya-isinacak\/"},"modified":"2019-11-19T09:31:55","modified_gmt":"2019-11-19T06:31:55","slug":"bu-petek-ile-eviniz-7-5-liraya-isinacak","status":"publish","type":"post","link":"http:\/\/www.tvturk.com\/index.php\/bu-petek-ile-eviniz-7-5-liraya-isinacak\/","title":{"rendered":"Bu petek ile eviniz 7.5 liraya \u0131s\u0131nacak"},"content":{"rendered":"<p>Bilgi ve donan\u0131m\u0131n\u0131 g\u00fcn ge\u00e7tik\u00e7e \u00fcretime d\u00f6ken Ebubekir Ta\u015fba\u015f\u0131\u2019ndan k\u0131\u015fa \u00f6zel bir bulu\u015f geldi.<\/p>\n<p>Erzurum\u2019da ya\u015fayan ve hayal g\u00fcc\u00fcn\u00fc hayata ge\u00e7irdi\u011fi kendine has at\u00f6lyesinde \u00e7al\u0131\u015fmalar\u0131n\u0131 s\u00fcrd\u00fcren Dada\u015f ka\u015fif, \u00fcretmi\u015f oldu\u011fu tasarruf pete\u011fi ile faturalar\u0131 7 bu\u00e7uk liraya indirip cepleri yakan fahi\u015f fiyatlar\u0131 ortadan kald\u0131racak.<\/p>\n<p>Ebubekir Ta\u015fba\u015f\u0131, peteklere d\u00f6\u015femi\u015f oldu\u011fu devir daim su sistemi ile \u00f6zel bir gaz sistemini birle\u015ftirerek, do\u011fal gaz maliyetlerini olabilecek en d\u00fc\u015f\u00fck seviyeye indirilebilece\u011fini s\u00f6yledi. Ta\u015fba\u015f\u0131, enerji tasarrufu a\u00e7\u0131s\u0131ndan \u00f6nemli olan bulu\u015fuyla, y\u00fczde 90\u2019a varan maddi tasarruf hedefliyor. Ta\u015fba\u015f\u0131, \u201cK\u0131\u015f aylar\u0131nda yak\u0131ttan tasarruf i\u00e7in bir petek dizayn ettim. Do\u011fal gaz veya elektrikli kombi fark etmeksizin pete\u011fin i\u00e7erisinde bulunan \u0131s\u0131ya duyarl\u0131 cival\u0131 gaz\u0131n \u0131s\u0131nmas\u0131 sayesinde petek \u0131s\u0131nmaya ba\u015flayacak, pete\u011fin \u0131s\u0131nmas\u0131yla ise odan\u0131z sadece 7 bu\u00e7uk liraya \u0131s\u0131nacak\u201d dedi.<\/p>\n<p>Evlere montajlanan peteklerin gazlar\u0131n\u0131n bitmesi ile ilgili hususta ise seri \u00fcretim sonras\u0131nda servis elemanlar\u0131n\u0131n gaz doldurma i\u015flemini evlere gelerek ger\u00e7ekle\u015ftirebilece\u011fini s\u00f6yledi. Gaz\u0131n \u0131s\u0131nmas\u0131 hususunda ise bulu\u015funu testlerden ge\u00e7irdi\u011fini belirten Ta\u015fba\u015f\u0131, Konya\u2019da ilk seri \u00fcretim i\u00e7in ise g\u00f6r\u00fc\u015fmelere ba\u015flad\u0131.<\/p>\n<p>Erzurum\u2019da tasarruf petekleri i\u00e7in fabrika a\u00e7may\u0131 hedefleyen Ebubekir Ta\u015fba\u015f\u0131, t\u00fcketici firma ve yetkililerinin deste\u011fi oldu\u011fu takdirde hayallerini hayata ge\u00e7irebilecek.<\/p>\n<p>At\u00f6lyesinde Konya\u2019dan getirttirmi\u015f oldu\u011fu petek \u00fczerinde tasarlam\u0131\u015f oldu\u011fu bir ba\u015fka sistemi uygulamal\u0131 olarak anlatan Ta\u015fba\u015f\u0131, sulu sistem olarak da tasarlam\u0131\u015f oldu\u011fu pete\u011fin su devridaimi ile yaz\u0131n serinliyor, k\u0131\u015f\u0131n ise \u0131s\u0131n\u0131yor.<\/p>\n","protected":false},"excerpt":{"rendered":"<p>EBUBEK\u0130R TA\u015eBA\u015eI, PETEKLERE D\u00d6\u015eEM\u0130\u015e OLDU\u011eU DEV\u0130R DA\u0130M SU S\u0130STEM\u0130 \u0130LE \u00d6ZEL B\u0130R GAZ S\u0130STEM\u0130N\u0130 B\u0130RLE\u015eT\u0130REREK, DO\u011eALGAZ MAL\u0130YETLER\u0130N\u0130 OLAB\u0130LECEK EN D\u00dc\u015e\u00dcK SEV\u0130YEYE \u0130ND\u0130R\u0130LEB\u0130LECE\u011e\u0130N\u0130 S\u00d6YLED\u0130.<\/p>\n","protected":false},"author":1,"featured_media":229974,"comment_status":"closed","ping_status":"open","sticky":false,"template":"","format":"standard","meta":{"jetpack_post_was_ever_published":false,"_jetpack_newsletter_access":"","_jetpack_dont_email_post_to_subs":false,"_jetpack_newsletter_tier_id":0,"_jetpack_memberships_contains_paywalled_content":false,"_jetpack_memberships_contains_paid_content":false,"footnotes":"","jetpack_publicize_message":"","jetpack_publicize_feature_enabled":true,"jetpack_social_post_already_shared":true,"jetpack_social_options":{"image_generator_settings":{"template":"highway","default_image_id":0,"font":"","enabled":false},"version":2}},"categories":[1],"tags":[57925,57853,192,57926,4540,57924],"class_list":["post-229973","post","type-post","status-publish","format-standard","has-post-thumbnail","hentry","category-genel","tag-7-5","tag-eviniz","tag-ile","tag-isinacak","tag-liraya","tag-petek"],"jetpack_publicize_connections":[],"jetpack_featured_media_url":"https:\/\/i0.wp.com\/www.tvturk.com\/wp-content\/uploads\/2019\/11\/bu-petek-ile-eviniz-75-liraya-isinacak_d10131f.jpg?fit=1000%2C666","jetpack_sharing_enabled":true,"jetpack_shortlink":"https:\/\/wp.me\/paKIfm-XPf","_links":{"self":[{"href":"http:\/\/www.tvturk.com\/index.php\/wp-json\/wp\/v2\/posts\/229973","targetHints":{"allow":["GET"]}}],"collection":[{"href":"http:\/\/www.tvturk.com\/index.php\/wp-json\/wp\/v2\/posts"}],"about":[{"href":"http:\/\/www.tvturk.com\/index.php\/wp-json\/wp\/v2\/types\/post"}],"author":[{"embeddable":true,"href":"http:\/\/www.tvturk.com\/index.php\/wp-json\/wp\/v2\/users\/1"}],"replies":[{"embeddable":true,"href":"http:\/\/www.tvturk.com\/index.php\/wp-json\/wp\/v2\/comments?post=229973"}],"version-history":[{"count":0,"href":"http:\/\/www.tvturk.com\/index.php\/wp-json\/wp\/v2\/posts\/229973\/revisions"}],"wp:featuredmedia":[{"embeddable":true,"href":"http:\/\/www.tvturk.com\/index.php\/wp-json\/wp\/v2\/media\/229974"}],"wp:attachment":[{"href":"http:\/\/www.tvturk.com\/index.php\/wp-json\/wp\/v2\/media?parent=229973"}],"wp:term":[{"taxonomy":"category","embeddable":true,"href":"http:\/\/www.tvturk.com\/index.php\/wp-json\/wp\/v2\/categories?post=229973"},{"taxonomy":"post_tag","embeddable":true,"href":"http:\/\/www.tvturk.com\/index.php\/wp-json\/wp\/v2\/tags?post=229973"}],"curies":[{"name":"wp","href":"https:\/\/api.w.org\/{rel}","templated":true}]}}