{"id":230165,"date":"2019-11-19T13:16:52","date_gmt":"2019-11-19T10:16:52","guid":{"rendered":"http:\/\/www.tvturk.com\/index.php\/kis-soleninin-onur-konugu-hatay\/"},"modified":"2019-11-19T13:16:52","modified_gmt":"2019-11-19T10:16:52","slug":"kis-soleninin-onur-konugu-hatay","status":"publish","type":"post","link":"http:\/\/www.tvturk.com\/index.php\/kis-soleninin-onur-konugu-hatay\/","title":{"rendered":"K\u0131\u015f \u015e\u00f6leni\u2019nin onur konu\u011fu Hatay"},"content":{"rendered":"<p>\u0130zmir\u2019de 11 b\u00fcy\u00fck\u015fehir belediyesinin ortak organizasyonunda \u2018K\u0131\u015f \u015e\u00f6leni\u2019 ger\u00e7ekle\u015ftirilecek. Hatay B\u00fcy\u00fck\u015fehir Belediyesi \u015f\u00f6lende onur konu\u011fu olacak.<\/p>\n<p>20-31 Aral\u0131k tarihleri aras\u0131nda \u0130zmir B\u00fcy\u00fck\u015fehir Belediyesi\u2019nin ev sahipli\u011finde 11 b\u00fcy\u00fck\u015fehir belediyesi ortak \u2018K\u0131\u015f \u015e\u00f6leni\u2019 organizasyonu ger\u00e7ekle\u015ftirecek. \u015e\u00f6lenin onur konu\u011fu olan Hatay ise \u20181. Hatay Gastrofest\u2019 ad\u0131 alt\u0131nda en b\u00fcy\u00fck stand\u0131 kuracak. Dev \u015f\u00f6len \u00f6ncesi Hatay\u2019da bas\u0131n mensuplar\u0131yla bir araya gelen Hatay B\u00fcy\u00fck\u015fehir Belediyesi Ba\u015fkan\u0131 L\u00fctf\u00fc Sava\u015f, \u015f\u00f6len hakk\u0131nda a\u00e7\u0131klamalarda bulundu. \u0130zmir\u2019de bulunan tarihi K\u00fclt\u00fcr Park\u2019\u0131n ilk defa Hatay i\u00e7in bir \u015f\u00f6lene kap\u0131lar\u0131n\u0131 a\u00e7aca\u011f\u0131n\u0131 s\u00f6yleyen L\u00fctf\u00fc Sava\u015f, K\u00fclt\u00fcr Park\u2019\u0131, Hatay mutfa\u011f\u0131n\u0131n kokusunun saraca\u011f\u0131n\u0131 ifade etti.<\/p>\n<p>Hatay\u2019\u0131n UNESCO taraf\u0131ndan tescilli gastronomi kenti olmas\u0131 nedeniyle onur konu\u011fu oldu\u011funu belirten ba\u015fkan Sava\u015f, &#8220;\u0130zmir\u2019de k\u0131\u015f etkinlikleri ad\u0131 alt\u0131nda 12 g\u00fcnl\u00fck bir \u00e7al\u0131\u015fma yap\u0131yor \u0130zmir B\u00fcy\u00fck\u015fehir Belediyesi, bu etkinli\u011fin fikir babas\u0131 biziz. \u0130stedik ki \u0130zmir K\u00fclt\u00fcr Park\u2019ta, 11 tane b\u00fcy\u00fck \u015fehrimiz hem birlik, beraberlik mesaj\u0131 versin hem de kendi k\u00fclt\u00fcrlerini \u0130zmirli insanlar\u0131m\u0131zla payla\u015fs\u0131nlar. Tabii bu 11 b\u00fcy\u00fck\u015fehir i\u00e7erisinde Hatay, UNESCO taraf\u0131ndan da tescillenmi\u015f gastronomi \u015fehri oldu\u011fu i\u00e7in Tun\u00e7 ba\u015fkan\u0131m\u0131z bizi onur konu\u011fu ilan etti. Bize biraz daha fazla tolerans g\u00f6stererek hem yer hem de etkinlikler konusunda bize 12 g\u00fcn boyunca f\u0131rsat verdi, biz \u0130zmir B\u00fcy\u00fck\u015fehir Belediyesi ba\u015fkan\u0131m\u0131za te\u015fekk\u00fcr ediyoruz\u201d dedi.<\/p>\n<p>Hatay\u2019\u0131 en g\u00fczel \u015fekilde tan\u0131tmak i\u00e7in \u015f\u00f6lende yer alacaklar\u0131n\u0131 ifade eden L\u00fctf\u00fc Sava\u015f, \u201cBizim amac\u0131m\u0131z oradaki k\u0131\u015f etkinlikleri s\u00fcrecince Hatay\u2019\u0131m\u0131z\u0131 iyi temsil etmek, Hatay\u2019\u0131m\u0131z\u0131n y\u00fczy\u0131llard\u0131r biriktirmi\u015f oldu\u011fu de\u011ferleri \u0130zmir\u2019deki insanlar\u0131m\u0131zla payla\u015fmak, Hatay\u2019\u0131 biraz daha tan\u0131tmak, Hatay\u2019\u0131n ticaretine, gastronomisine ve turizmine katk\u0131 sa\u011flamak. \u0130n\u015fallah bu ba\u015far\u0131l\u0131 olursa bundan sonra da di\u011fer b\u00fcy\u00fck\u015fehirlerimizi de b\u00f6yle etkinliklere te\u015fvik edece\u011fiz. Bu etkinliklerde bizde olabildi\u011fince yer almak istiyoruz\u201d dedi.<\/p>\n<p>\u201cSuriye sava\u015f\u0131 bir yere kadar, biz yolumuzu \u00e7izmek zorunday\u0131z\u201d<\/p>\n<p>2021 y\u0131l\u0131nda EXPO\u2019ya ev sahipli\u011fi yapacaklar\u0131n\u0131 hat\u0131rlatan Ba\u015fkan Sava\u015f, Suriye sava\u015f\u0131 polemi\u011fi ile yat\u0131p kalkmak yerine Hatay\u2019\u0131n kendi yolunu \u00e7izmesi gerekti\u011fini s\u00f6yledi. \u015eehrin di\u011fer dinamiklerinden de destek isteyen Sava\u015f, \u201cBizim kendi kabu\u011fumuzu k\u0131r\u0131p d\u00fcnyada s\u00fcper ligde olmam\u0131z\u0131n zaman\u0131 geldi. Tamam, sava\u015f var ama bir yere kadar sava\u015f. Art\u0131k sava\u015fla ya da Suriye\u2019deki olaylarla yat\u0131p kalkamay\u0131z. Biz kendi yolumuzu \u00e7izmek zorunday\u0131z. Bu EXPO 2021\u2019de bizim i\u00e7in mihmandarl\u0131k yapacak \u00f6zellikle de k\u0131rsal kesimin kalk\u0131nmas\u0131nda bize \u00f6nemli katk\u0131 sa\u011flayacak. Belki bundan sonraki s\u00fcre\u00e7 i\u00e7erisinde d\u00fcnyaya bizi a\u00e7an en \u00f6nemli organizasyon EXPO olacak. \u00d6zellikle k\u0131rsal kesimlerdeki al\u0131\u015fkanl\u0131klar\u0131m\u0131z, reflekslerimiz, \u00fcretim tarzlar\u0131m\u0131z, pazarlama tarz\u0131m\u0131z, d\u00fcnyaya bak\u0131\u015f a\u00e7\u0131m\u0131z belki de hepsi de\u011fi\u015fecek. Ama bu konuda bizim hep birlikte bu i\u015fi forsa etmemiz laz\u0131m, tek ba\u015f\u0131na b\u00fcy\u00fck\u015fehir olmaz, di\u011fer dinamiklerimizin de bu konuda bize destek olmas\u0131 laz\u0131m\u201d diye konu\u015ftu.<\/p>\n<p>K\u0131\u015f \u015e\u00f6leni toplant\u0131s\u0131, sinevizyon arac\u0131l\u0131\u011f\u0131yla yap\u0131lan tan\u0131t\u0131mla son buldu.<\/p>\n","protected":false},"excerpt":{"rendered":"<p>HATAY B\u00dcY\u00dcK\u015eEH\u0130R BELED\u0130YES\u0130 BA\u015eKANI L\u00dcTF\u00dc SAVA\u015e, \u0130ZM\u0130R\u2019DE, 11 B\u00dcY\u00dcK\u015eEH\u0130R BELED\u0130YES\u0130N\u0130N ORTAK ORGAN\u0130ZASYONUNDA GER\u00c7EKLE\u015eT\u0130R\u0130LECEK \u2018KI\u015e \u015e\u00d6LEN\u0130\u2019NDE HATAY&#8217;IN ONUR KONU\u011eU OLACA\u011eINI S\u00d6YLED\u0130.<\/p>\n","protected":false},"author":1,"featured_media":230166,"comment_status":"closed","ping_status":"open","sticky":false,"template":"","format":"standard","meta":{"jetpack_post_was_ever_published":false,"_jetpack_newsletter_access":"","_jetpack_dont_email_post_to_subs":false,"_jetpack_newsletter_tier_id":0,"_jetpack_memberships_contains_paywalled_content":false,"_jetpack_memberships_contains_paid_content":false,"footnotes":"","jetpack_publicize_message":"","jetpack_publicize_feature_enabled":true,"jetpack_social_post_already_shared":true,"jetpack_social_options":{"image_generator_settings":{"template":"highway","default_image_id":0,"font":"","enabled":false},"version":2}},"categories":[1],"tags":[4494,1806,7542,9079,57988],"class_list":["post-230165","post","type-post","status-publish","format-standard","has-post-thumbnail","hentry","category-genel","tag-hatay","tag-kis","tag-konugu","tag-onur","tag-soleninin"],"jetpack_publicize_connections":[],"jetpack_featured_media_url":"https:\/\/i0.wp.com\/www.tvturk.com\/wp-content\/uploads\/2019\/11\/kis-soleninin-onur-konugu-hatay_04d189d.jpg?fit=1000%2C659","jetpack_sharing_enabled":true,"jetpack_shortlink":"https:\/\/wp.me\/paKIfm-XSl","_links":{"self":[{"href":"http:\/\/www.tvturk.com\/index.php\/wp-json\/wp\/v2\/posts\/230165","targetHints":{"allow":["GET"]}}],"collection":[{"href":"http:\/\/www.tvturk.com\/index.php\/wp-json\/wp\/v2\/posts"}],"about":[{"href":"http:\/\/www.tvturk.com\/index.php\/wp-json\/wp\/v2\/types\/post"}],"author":[{"embeddable":true,"href":"http:\/\/www.tvturk.com\/index.php\/wp-json\/wp\/v2\/users\/1"}],"replies":[{"embeddable":true,"href":"http:\/\/www.tvturk.com\/index.php\/wp-json\/wp\/v2\/comments?post=230165"}],"version-history":[{"count":0,"href":"http:\/\/www.tvturk.com\/index.php\/wp-json\/wp\/v2\/posts\/230165\/revisions"}],"wp:featuredmedia":[{"embeddable":true,"href":"http:\/\/www.tvturk.com\/index.php\/wp-json\/wp\/v2\/media\/230166"}],"wp:attachment":[{"href":"http:\/\/www.tvturk.com\/index.php\/wp-json\/wp\/v2\/media?parent=230165"}],"wp:term":[{"taxonomy":"category","embeddable":true,"href":"http:\/\/www.tvturk.com\/index.php\/wp-json\/wp\/v2\/categories?post=230165"},{"taxonomy":"post_tag","embeddable":true,"href":"http:\/\/www.tvturk.com\/index.php\/wp-json\/wp\/v2\/tags?post=230165"}],"curies":[{"name":"wp","href":"https:\/\/api.w.org\/{rel}","templated":true}]}}