{"id":230237,"date":"2019-11-19T14:47:09","date_gmt":"2019-11-19T11:47:09","guid":{"rendered":"http:\/\/www.tvturk.com\/index.php\/sakaryada-erik-agaci-kasim-ayinda-meyve-verdi\/"},"modified":"2019-11-19T14:47:09","modified_gmt":"2019-11-19T11:47:09","slug":"sakaryada-erik-agaci-kasim-ayinda-meyve-verdi","status":"publish","type":"post","link":"http:\/\/www.tvturk.com\/index.php\/sakaryada-erik-agaci-kasim-ayinda-meyve-verdi\/","title":{"rendered":"Sakarya\u2019da erik a\u011fac\u0131 Kas\u0131m ay\u0131nda meyve verdi"},"content":{"rendered":"<p>Sakarya\u2019n\u0131n Kaynarca il\u00e7esinde bir vatanda\u015f\u0131n bah\u00e7esinde bulunan erik a\u011fac\u0131n\u0131n zamans\u0131z meyve veri\u015fi herkesi \u015fa\u015f\u0131rtt\u0131.<\/p>\n<p>Hava s\u0131cakl\u0131klar\u0131n\u0131n normalinin \u00fcst\u00fcnde seyretti\u011fi Kaynarca il\u00e7esinde, bah\u00e7elerde bulunan erik a\u011fa\u00e7lar\u0131 Kas\u0131m ay\u0131nda meyve verdi. Turnal\u0131 Mahallesinde ya\u015fayan \u0130smail Teke isimli vatanda\u015f bah\u00e7esinde erik a\u011fa\u00e7lar\u0131n\u0131n meyve vermesine \u015fa\u015f\u0131rd\u0131\u011f\u0131n\u0131 dile getirerek, &#8220;Ge\u00e7en y\u0131l bu zamanlar sobalar\u0131 yakmaya ba\u015flam\u0131\u015ft\u0131k, bu sene havalar s\u0131cak gidiyor. Normalde bahar ay\u0131nda erik toplad\u0131\u011f\u0131m\u0131z mahsul bu sene kas\u0131m ortas\u0131nda erik verdi. A\u011fac\u0131 7 y\u0131l \u00f6nce bah\u00e7eme dikmi\u015ftim. Bu y\u0131l ilk defa, ikinci kez \u00e7i\u00e7ek a\u00e7\u0131p \u00fcr\u00fcn verdi. \u0130lgin\u00e7 bir durum. G\u00f6renler, hayret ediyor&#8221; diye konu\u015ftu.<\/p>\n","protected":false},"excerpt":{"rendered":"<p>SAKARYA\u2019NIN KAYNARCA \u0130L\u00c7ES\u0130NDE B\u0130R VATANDA\u015eIN BAH\u00c7ES\u0130NDE BULUNAN ER\u0130K A\u011eACININ ZAMANSIZ MEYVE VER\u0130\u015e\u0130 HERKES\u0130 \u015eA\u015eIRTTI.<\/p>\n","protected":false},"author":1,"featured_media":230238,"comment_status":"closed","ping_status":"open","sticky":false,"template":"","format":"standard","meta":{"jetpack_post_was_ever_published":false,"_jetpack_newsletter_access":"","_jetpack_dont_email_post_to_subs":false,"_jetpack_newsletter_tier_id":0,"_jetpack_memberships_contains_paywalled_content":false,"_jetpack_memberships_contains_paid_content":false,"footnotes":"","jetpack_publicize_message":"","jetpack_publicize_feature_enabled":true,"jetpack_social_post_already_shared":true,"jetpack_social_options":{"image_generator_settings":{"template":"highway","default_image_id":0,"font":"","enabled":false},"version":2}},"categories":[1],"tags":[884,211,5888,40406,3753,2200,386],"class_list":["post-230237","post","type-post","status-publish","format-standard","has-post-thumbnail","hentry","category-genel","tag-agaci","tag-ayinda","tag-erik","tag-kasim","tag-meyve","tag-sakaryada","tag-verdi"],"jetpack_publicize_connections":[],"jetpack_featured_media_url":"https:\/\/i0.wp.com\/www.tvturk.com\/wp-content\/uploads\/2019\/11\/sakaryada-erik-agaci-kasim-ayinda-meyve-verdi_b46820b.jpg?fit=400%2C600","jetpack_sharing_enabled":true,"jetpack_shortlink":"https:\/\/wp.me\/paKIfm-XTv","_links":{"self":[{"href":"http:\/\/www.tvturk.com\/index.php\/wp-json\/wp\/v2\/posts\/230237","targetHints":{"allow":["GET"]}}],"collection":[{"href":"http:\/\/www.tvturk.com\/index.php\/wp-json\/wp\/v2\/posts"}],"about":[{"href":"http:\/\/www.tvturk.com\/index.php\/wp-json\/wp\/v2\/types\/post"}],"author":[{"embeddable":true,"href":"http:\/\/www.tvturk.com\/index.php\/wp-json\/wp\/v2\/users\/1"}],"replies":[{"embeddable":true,"href":"http:\/\/www.tvturk.com\/index.php\/wp-json\/wp\/v2\/comments?post=230237"}],"version-history":[{"count":0,"href":"http:\/\/www.tvturk.com\/index.php\/wp-json\/wp\/v2\/posts\/230237\/revisions"}],"wp:featuredmedia":[{"embeddable":true,"href":"http:\/\/www.tvturk.com\/index.php\/wp-json\/wp\/v2\/media\/230238"}],"wp:attachment":[{"href":"http:\/\/www.tvturk.com\/index.php\/wp-json\/wp\/v2\/media?parent=230237"}],"wp:term":[{"taxonomy":"category","embeddable":true,"href":"http:\/\/www.tvturk.com\/index.php\/wp-json\/wp\/v2\/categories?post=230237"},{"taxonomy":"post_tag","embeddable":true,"href":"http:\/\/www.tvturk.com\/index.php\/wp-json\/wp\/v2\/tags?post=230237"}],"curies":[{"name":"wp","href":"https:\/\/api.w.org\/{rel}","templated":true}]}}